{"id":26502,"date":"2025-04-15T12:26:10","date_gmt":"2025-04-15T12:26:10","guid":{"rendered":"https:\/\/www.europesays.com\/fr\/26502\/"},"modified":"2025-04-15T12:26:10","modified_gmt":"2025-04-15T12:26:10","slug":"nathalie-loiseau-nen-peux-plus-de-latonie","status":"publish","type":"post","link":"https:\/\/www.europesays.com\/fr\/26502\/","title":{"rendered":"Nathalie Loiseau n&rsquo;en peux plus de \u00ab\u00a0l\u2019atonie\u00a0\u00bb"},"content":{"rendered":"<p><strong> Dans une r\u00e9cente interview sur Sud Radio, Nathalie Loiseau, d\u00e9put\u00e9e europ\u00e9enne, a exprim\u00e9 son indignation face \u00e0 ce qu&rsquo;elle per\u00e7oit comme une incapacit\u00e9 de l&rsquo;Union europ\u00e9enne \u00e0 prendre des mesures concr\u00e8tes sur plusieurs dossiers internationaux majeurs, du conflit ukrainien aux relations avec les \u00c9tats-Unis et la Chine. Elle cible \u00e9galement les divisions entre les pays membres de l&rsquo;UE qui nuisent, selon elle, \u00e0 la prise de d\u00e9cisions collectives. <\/strong><\/p>\n<p><strong>\u00ab\u00a0Je n&rsquo;en peux plus de cette atonie de l&rsquo;Union europ\u00e9enne\u00a0\u00bb<\/strong><\/p>\n<p>Dans un entretien puissant avec Jean-Jacques Bourdin, Nathalie Loiseau exprime son impuissance face \u00e0 l&rsquo;inaction de l&rsquo;UE sur des enjeux globaux cl\u00e9s. Elle commence par d\u00e9plorer l&rsquo;attitude passive de l&rsquo;Union face \u00e0 la crise en Ukraine, reprochant aux pays membres de pleurer sur l&rsquo;attaque de Soumy sans fournir l&rsquo;aide mat\u00e9rielle n\u00e9cessaire. \u00ab\u00a0Cela fait des semaines qu&rsquo;il n&rsquo;y a pas un euro d&rsquo;aide suppl\u00e9mentaire!\u00a0\u00bb se d\u00e9sole-t-elle.<\/p>\n<p>Elle critique \u00e9galement la faible r\u00e9action europ\u00e9enne face \u00e0 l\u2019influence croissante des \u00c9tats-Unis sous la pr\u00e9sidence de Donald Trump, d\u00e9crivant une Europe qui \u00ab\u00a0a l\u2019habitude d\u2019attendre que les \u00c9tats-Unis s\u2019occupent du monde \u00e0 notre place\u00a0\u00bb. Cette inaction n&rsquo;est pas sans cons\u00e9quences, avertit-elle, \u00e9voquant les dangers potentiels qui guettent l&rsquo;Ukraine.<\/p>\n<p><strong>\u00ab\u00a0Giorgia Meloni fait exactement ce que Donald Trump attend : elle divise les Europ\u00e9ens\u00a0\u00bb<\/strong><\/p>\n<p>Nathalie Loiseau pointe du doigt les divisions internes de l&rsquo;Union, incarn\u00e9es par la Premi\u00e8re ministre italienne Giorgia Meloni : \u00ab\u00a0Elle part toute seule \u00e0 Washington\u2026 c\u2019est le Petit Chaperon rouge qui va se faire croquer !\u00a0\u00bb. Selon la d\u00e9put\u00e9e europ\u00e9enne, ces d\u00e9marches unilat\u00e9rales affaiblissent l&rsquo;UE lors des n\u00e9gociations face aux grandes puissances. D&rsquo;autres exemples de cette r\u00e9partition incluent l&rsquo;Espagne, l&rsquo;Irlande, et d&rsquo;autres pays qui semblent agir ind\u00e9pendamment plut\u00f4t que d&rsquo;opter pour une strat\u00e9gie commune.<\/p>\n<p><strong>\u00ab\u00a0Donald Trump ne croit pas \u00e0 la d\u00e9mocratie\u00a0\u00bb<\/strong><\/p>\n<p>Nathalie Loiseau livre \u00e9galement une critique s\u00e9v\u00e8re du pr\u00e9sident am\u00e9ricain, voyant en lui une menace pour le syst\u00e8me d\u00e9mocratique. \u00ab\u00a0Donald Trump ne croit pas \u00e0 la d\u00e9mocratie\u00a0\u00bb, affirme-t-elle. Comparant les agissements de Trump \u00e0 des leaders europ\u00e9ens controvers\u00e9s, tel que Viktor Orb\u00e1n, elle \u00e9voque une tendance vers la dictature.<\/p>\n<p>Elle d\u00e9clare \u00e9galement que l&rsquo;attitude de Trump et de Vladimir Poutine envers l&rsquo;Europe va bien au-del\u00e0 du simple m\u00e9pris, frisant la crainte. Selon elle, les deux pr\u00e9sidents redouteraient le mod\u00e8le de \u00ab\u00a0d\u00e9mocratie lib\u00e9rale\u00a0\u00bb que souhaiterait incarner l&rsquo;Europe, ce qui d\u00e9rangerait particuli\u00e8rement Poutine.<\/p>\n<p><strong>Une approche prudente envers la Chine\u2026 mais jusqu\u2019\u00e0 quel point\u00a0?<\/strong><\/p>\n<p>Concernant les relations entre l&rsquo;UE et la Chine, Nathalie Loiseau approuve une certaine prudence, mais met en garde contre un exc\u00e8s de timidit\u00e9. Selon elle, ces taxes sur les v\u00e9hicules chinois, qui b\u00e9n\u00e9ficierait de subventions interdites, sont justifi\u00e9es. La d\u00e9put\u00e9e europ\u00e9enne appelle l&rsquo;Europe \u00e0 \u00ab\u00a0exiger de la r\u00e9ciprocit\u00e9\u00a0\u00bb dans ses relations commerciales avec la Chine.<\/p>\n<p><strong>Netanyahou, G\u00e9orgie, budget 2026 : L\u2019Union europ\u00e9enne doit-elle changer de cap\u00a0?<\/strong><\/p>\n<p>Nathalie Loiseau n\u2019h\u00e9site pas \u00e0 critiquer vivement la politique isra\u00e9lienne actuelle, notamment le gouvernement de Benjamin Netanyahou qu\u2019elle accuse d\u2019entra\u00eener Isra\u00ebl dans une \u00ab\u00a0course folle vers la guerre\u00a0\u00bb. Elle appelle \u00e9galement \u00e0 une action europ\u00e9enne face \u00e0 la situation en G\u00e9orgie et sur le budget 2026 de l&rsquo;Union, invitant le gouvernement \u00e0 sortir de son attentisme.<\/p>\n<p>L&rsquo;entretien complet est \u00e0 r\u00e9\u00e9couter sur <a href=\"https:\/\/www.sudradio.fr\/linvite-politique\/je-nen-peux-plus-de-latonie-de-union-europeenne-affirme-nathalie-loiseau\" target=\"_blank\" rel=\"noopener nofollow\">Sud Radio<\/a><\/p>\n","protected":false},"excerpt":{"rendered":"Dans une r\u00e9cente interview sur Sud Radio, Nathalie Loiseau, d\u00e9put\u00e9e europ\u00e9enne, a exprim\u00e9 son indignation face \u00e0 ce&hellip;\n","protected":false},"author":2,"featured_media":26503,"comment_status":"","ping_status":"","sticky":false,"template":"","format":"standard","meta":{"footnotes":""},"categories":[1586],"tags":[11,1777,674,1779,1011,27,12,25,1778,364],"class_list":{"0":"post-26502","1":"post","2":"type-post","3":"status-publish","4":"format-standard","5":"has-post-thumbnail","7":"category-europe","8":"tag-actualites","9":"tag-eu","10":"tag-europe","11":"tag-european-union","12":"tag-fr","13":"tag-france","14":"tag-news","15":"tag-republique-francaise","16":"tag-ue","17":"tag-union-europeenne"},"share_on_mastodon":{"url":"https:\/\/pubeurope.com\/@fr\/114341975440141623","error":""},"_links":{"self":[{"href":"https:\/\/www.europesays.com\/fr\/wp-json\/wp\/v2\/posts\/26502","targetHints":{"allow":["GET"]}}],"collection":[{"href":"https:\/\/www.europesays.com\/fr\/wp-json\/wp\/v2\/posts"}],"about":[{"href":"https:\/\/www.europesays.com\/fr\/wp-json\/wp\/v2\/types\/post"}],"author":[{"embeddable":true,"href":"https:\/\/www.europesays.com\/fr\/wp-json\/wp\/v2\/users\/2"}],"replies":[{"embeddable":true,"href":"https:\/\/www.europesays.com\/fr\/wp-json\/wp\/v2\/comments?post=26502"}],"version-history":[{"count":0,"href":"https:\/\/www.europesays.com\/fr\/wp-json\/wp\/v2\/posts\/26502\/revisions"}],"wp:featuredmedia":[{"embeddable":true,"href":"https:\/\/www.europesays.com\/fr\/wp-json\/wp\/v2\/media\/26503"}],"wp:attachment":[{"href":"https:\/\/www.europesays.com\/fr\/wp-json\/wp\/v2\/media?parent=26502"}],"wp:term":[{"taxonomy":"category","embeddable":true,"href":"https:\/\/www.europesays.com\/fr\/wp-json\/wp\/v2\/categories?post=26502"},{"taxonomy":"post_tag","embeddable":true,"href":"https:\/\/www.europesays.com\/fr\/wp-json\/wp\/v2\/tags?post=26502"}],"curies":[{"name":"wp","href":"https:\/\/api.w.org\/{rel}","templated":true}]}}