{"id":265020,"date":"2025-07-22T06:49:19","date_gmt":"2025-07-22T06:49:19","guid":{"rendered":"https:\/\/www.europesays.com\/fr\/265020\/"},"modified":"2025-07-22T06:49:19","modified_gmt":"2025-07-22T06:49:19","slug":"tour-de-france-2025-lhecatombe-continue-avec-labandon-de-mathieu-van-der-poel","status":"publish","type":"post","link":"https:\/\/www.europesays.com\/fr\/265020\/","title":{"rendered":"Tour de France 2025: l&rsquo;h\u00e9catombe continue avec l&rsquo;abandon de Mathieu Van der Poel"},"content":{"rendered":"<p class=\"ap-StoryElement ap-StoryElement--mb js-paywall-target ap-StoryText\">Avec une victoire lors de la deuxi\u00e8me \u00e9tape et plusieurs jours avec le maillot jaune sur les \u00e9paules, l&rsquo;ancien champion du monde \u00e9tait incontestablement l&rsquo;un des hommes forts de ce Tour 2025. Avant son abandon, il \u00e9tait d&rsquo;ailleurs troisi\u00e8me du classement par points et s&rsquo;\u00e9tait mis \u00e0 disputer les sprints interm\u00e9diaires, un signe qu&rsquo;il s&rsquo;\u00e9tait v\u00e9ritablement lanc\u00e9 dans la bataille pour le maillot vert. Cet abandon fait donc clairement les affaires de Jonathan Milan (251 points) qui n&rsquo;a plus que Tadej Pogacar (223 points) dont il doit se m\u00e9fier alors que le Slov\u00e8ne ne s&rsquo;occupe pas des sprints interm\u00e9diaires et n&rsquo;engrange des points que lors des arriv\u00e9es.<\/p>\n<p><a href=\"https:\/\/www.lalibre.be\/sports\/cyclisme\/2025\/07\/21\/tour-de-france-les-questions-derriere-labandon-de-remco-evenepoel-KMEB5MP6NVGGBNWSQQWGWCOVA4\/\" target=\"_blank\" rel=\"noopener noreferrer\" class=\"ap-StoryInterstitialLink ap-StoryElement ap-StoryElement--mb\">Tour de France: les questions derri\u00e8re l&rsquo;abandon de Remco Evenepoel<\/a><\/p>\n<p class=\"ap-StoryElement ap-StoryElement--mb ap-StoryText\">Pour l&rsquo;\u00e9quipe Alpecin-Deceuninck, cela repr\u00e9sente, en revanche, un vrai coup dur, apr\u00e8s l&rsquo;abandon de Philipsen en d\u00e9but de Tour. Cependant, cette \u00e9dition restera une r\u00e9ussite pour une formation qui aura remport\u00e9 deux \u00e9tapes et qui peut encore compter sur Kaden Groves pour essayer d&rsquo;aller en arracher une suppl\u00e9mentaire.<\/p>\n<p class=\"ap-StoryElement ap-StoryElement--mb ap-StoryText\">Plus d&rsquo;informations \u00e0 suivre&#8230;<\/p>\n","protected":false},"excerpt":{"rendered":"Avec une victoire lors de la deuxi\u00e8me \u00e9tape et plusieurs jours avec le maillot jaune sur les \u00e9paules,&hellip;\n","protected":false},"author":2,"featured_media":265021,"comment_status":"","ping_status":"","sticky":false,"template":"","format":"standard","meta":{"footnotes":""},"categories":[1411],"tags":[26867,40456,17,14043,1154,207,1773,20173,1011,27,23685,1101,19652,23686,23687,8797,8798,4103,8804,40457,4978,23690,209,517,60,3866,23692,40458,3584,210,212,8806,26884,8807,23694,1172,28,213],"class_list":{"0":"post-265020","1":"post","2":"type-post","3":"status-publish","4":"format-standard","5":"has-post-thumbnail","7":"category-cyclisme","8":"tag-vkalut","9":"tag-2-uwt","10":"tag-17","11":"tag-carcassonne","12":"tag-cycling","13":"tag-cyclisme","14":"tag-elite","15":"tag-etape","16":"tag-fr","17":"tag-france","18":"tag-frankrijk","19":"tag-hommes","20":"tag-le-tour","21":"tag-le-tour-de-france","22":"tag-letour","23":"tag-mannen","24":"tag-men","25":"tag-rit","26":"tag-road","27":"tag-roadcycling","28":"tag-ronde","29":"tag-ronde-van-frankrijk","30":"tag-route","31":"tag-sport","32":"tag-sports","33":"tag-stage","34":"tag-tdf","35":"tag-tdf2025","36":"tag-tour","37":"tag-tour-de-france","38":"tag-uci","39":"tag-uwt","40":"tag-vincent-kalut","41":"tag-weg","42":"tag-wegrit","43":"tag-wielrennen","44":"tag-world","45":"tag-world-tour"},"share_on_mastodon":{"url":"https:\/\/pubeurope.com\/@fr\/114895556655545891","error":""},"_links":{"self":[{"href":"https:\/\/www.europesays.com\/fr\/wp-json\/wp\/v2\/posts\/265020","targetHints":{"allow":["GET"]}}],"collection":[{"href":"https:\/\/www.europesays.com\/fr\/wp-json\/wp\/v2\/posts"}],"about":[{"href":"https:\/\/www.europesays.com\/fr\/wp-json\/wp\/v2\/types\/post"}],"author":[{"embeddable":true,"href":"https:\/\/www.europesays.com\/fr\/wp-json\/wp\/v2\/users\/2"}],"replies":[{"embeddable":true,"href":"https:\/\/www.europesays.com\/fr\/wp-json\/wp\/v2\/comments?post=265020"}],"version-history":[{"count":0,"href":"https:\/\/www.europesays.com\/fr\/wp-json\/wp\/v2\/posts\/265020\/revisions"}],"wp:featuredmedia":[{"embeddable":true,"href":"https:\/\/www.europesays.com\/fr\/wp-json\/wp\/v2\/media\/265021"}],"wp:attachment":[{"href":"https:\/\/www.europesays.com\/fr\/wp-json\/wp\/v2\/media?parent=265020"}],"wp:term":[{"taxonomy":"category","embeddable":true,"href":"https:\/\/www.europesays.com\/fr\/wp-json\/wp\/v2\/categories?post=265020"},{"taxonomy":"post_tag","embeddable":true,"href":"https:\/\/www.europesays.com\/fr\/wp-json\/wp\/v2\/tags?post=265020"}],"curies":[{"name":"wp","href":"https:\/\/api.w.org\/{rel}","templated":true}]}}