{"id":265024,"date":"2025-07-22T06:51:11","date_gmt":"2025-07-22T06:51:11","guid":{"rendered":"https:\/\/www.europesays.com\/fr\/265024\/"},"modified":"2025-07-22T06:51:11","modified_gmt":"2025-07-22T06:51:11","slug":"mort-demilie-dequenne-son-veuf-michel-ferracci-en-bonne-compagnie-en-corse-lors-dun-week-end-au-paradis","status":"publish","type":"post","link":"https:\/\/www.europesays.com\/fr\/265024\/","title":{"rendered":"Mort d\u2019Emilie Dequenne : son veuf Michel Ferracci en bonne compagnie en Corse lors d\u2019un week-end \u201cau paradis\u201d"},"content":{"rendered":"<p data-start=\"125\" data-end=\"761\">Le 16 mars dernier, l\u2019actrice<br \/>\n<a href=\"https:\/\/www.closermag.fr\/people\/mort-demilie-dequenne-jai-toujours-eu-un-cet-effet-paradoxal-de-son-cancer-3527740https:\/\/www.closermag.fr\/people\/mort-demilie-dequenne-jai-toujours-eu-un-cet-effet-paradoxal-de-son-cancer-3527740\" target=\"_blank\" rel=\"noopener\"><br \/>\n\u00c9milie Dequenne<\/a> s\u2019est \u00e9teinte \u00e0 seulement 43 ans, apr\u00e8s avoir<br \/>\nmen\u00e9 un combat acharn\u00e9 contre un <strong>cancer<\/strong> rare, le<br \/>\ncorticosurr\u00e9nalome. Elle laisse derri\u00e8re elle sa fille Milla, n\u00e9e<br \/>\nd\u2019une pr\u00e9c\u00e9dente relation, ainsi que son \u00e9poux Michel Ferracci,<br \/>\np\u00e8re de deux gar\u00e7ons, Enzo et Ma\u00ebl.<\/p>\n<p data-start=\"125\" data-end=\"761\">Tr\u00e8s attach\u00e9 \u00e0 <a href=\"https:\/\/www.closermag.fr\/people\/mort-demilie-dequenne-ce-geste-dechirant-que-faisait-sa-fille-milla-jusqua-son-dernier-souffle-a-lhopital-3528215\" target=\"_blank\" rel=\"noopener\"><br \/>\nMilla<\/a>, il la consid\u00e8re comme la sienne. Pour ce tout premier<br \/>\n\u00e9t\u00e9 sans sa femme \u00e0 ses c\u00f4t\u00e9s, Michel Ferracci a choisi de se<br \/>\nressourcer en Corse, sa terre natale. Et il n\u2019est pas seul : il a<br \/>\nretrouv\u00e9 un ami de longue date, le c\u00e9l\u00e8bre humoriste Elie<br \/>\nSemoun.<\/p>\n<p>Ne pas se laisser aller, une promesse qu&rsquo;il avait faite \u00e0<br \/>\nEmilie Dequenne<\/p>\n<p data-start=\"138\" data-end=\"698\">Mari\u00e9 \u00e0 \u00c9milie Dequenne depuis<br \/>\n2014, <a href=\"https:\/\/www.closermag.fr\/people\/mort-demilie-dequenne-qui-est-son-veuf-michel-ferracci-3527729\" target=\"_blank\" rel=\"noopener\"><br \/>\nMichel Ferracci<\/a> traverse son deuil loin des projecteurs. Malgr\u00e9<br \/>\ncette p\u00e9riode \u00e9prouvante, il s\u2019est confi\u00e9 \u00e0 Gala \u00e0 l\u2019occasion de la diffusion de l\u2019\u00e9pisode<br \/>\nde Capitaine Marleau qui<br \/>\nsigne la derni\u00e8re apparition \u00e0 l\u2019\u00e9cran de son \u00e9pouse. \u00ab\u00a0J\u2019ai des<br \/>\nprojets, des t\u00e9l\u00e9films \u00e0 venir, peut-\u00eatre du th\u00e9\u00e2tre aussi.<br \/>\n<strong>J\u2019ai besoin de travailler<\/strong>. Je m\u2019accroche, je n\u2019ai<br \/>\npas le choix\u00a0\u00bb, a-t-il confi\u00e9 \u00e0 nos confr\u00e8res, en \u00e9voquant<br \/>\ncombien le combat d\u2019\u00c9milie contre la maladie a boulevers\u00e9 sa<br \/>\nmani\u00e8re de voir les choses.<\/p>\n<p data-start=\"700\" data-end=\"1192\">\u00ab\u00a0Quand vous fr\u00e9quentez les<br \/>\nh\u00f4pitaux durant plus de deux ans et que vous voyez ce que j\u2019ai vu,<br \/>\nvous vous dites qu\u2019il faut continuer \u00e0 profiter de la vie. Il y a<br \/>\nmieux\u2026 mais il y a pire\u00a0\u00bb, a-t-il ajout\u00e9, avant de livrer une<br \/>\nd\u00e9claration \u00e9mouvante sur celle qu\u2019il a tant aim\u00e9e. \u00ab\u00a0Oui, je<br \/>\nsouffre, mais <strong>\u00c9milie n\u2019aurait pas aim\u00e9 que je me laisse<br \/>\naller avec mon chagrin<\/strong>. Cinq jours avant de partir, le 11<br \/>\nmars dernier, jour de mon anniversaire, elle me chantait encore<br \/>\n&lsquo;J\u2019aime, j\u2019aime la vie !&rsquo;\u201d.<\/p>\n<p>Direction la Corse pour Michel<br \/>\nFerracci<\/p>\n<p data-start=\"101\" data-end=\"865\">Ce week-end, l\u2019acteur et<br \/>\nproducteur a choisi de retrouver ses racines en<br \/>\n<strong>Corse<\/strong>, sa terre d\u2019origine. Pour ce premier \u00e9t\u00e9<br \/>\nsans \u00c9milie Duquenne, il a d\u00e9cid\u00e9 de s\u2019entourer d\u2019un proche :<br \/>\n<strong><a href=\"https:\/\/www.closermag.fr\/people\/elie-semoun-bientot-papa-29-ans-apres-la-naissance-de-son-fils-antoine-son-incroyable-scoop-dans-quotidien-3535489https:\/\/www.closermag.fr\/people\/elie-semoun-bientot-papa-29-ans-apres-la-naissance-de-son-fils-antoine-son-incroyable-scoop-dans-quotidien-3535489\" target=\"_blank\" rel=\"noopener\"><br \/>\nElie Semoun<\/a><\/strong>. L\u2019humoriste a immortalis\u00e9 un moment<br \/>\ncomplice \u00e0 Porto-Vecchio. On les voit savourer un verre en terrasse<br \/>\nsous le soleil m\u00e9diterran\u00e9en. \u00ab\u00a0<strong>Deux jours au<br \/>\nparadis<\/strong>\u00ab\u00a0, s\u2019est r\u00e9joui Elie Semoun. Les deux artistes<br \/>\ncollaborent d\u2019ailleurs actuellement sur une pi\u00e8ce de th\u00e9\u00e2tre,<br \/>\nOn aurait d\u00fb aller en<br \/>\nGr\u00e8ce. Le tout aux c\u00f4t\u00e9s de Daniel Russo, Ariane S\u00e9guillon,<br \/>\nMarie-Ange Casta et Benjamin Baffie, le fils de <a href=\"https:\/\/www.closermag.fr\/people\/avec-audrey-on-parlait-laurent-baffie-raconte-cette-ultime-discussion-sur-le-cancer-de-thierry-ardisson-3564217\" target=\"_blank\" rel=\"noopener\"><br \/>\nLaurent Baffie<\/a>. Dans ce projet, Elie Semoun pr\u00eate sa voix.<\/p>\n<p data-start=\"101\" data-end=\"865\">Les deux hommes avaient aussi<br \/>\n\u00e9t\u00e9 aper\u00e7us c\u00f4te \u00e0 c\u00f4te dans les tribunes de Roland-Garros il y a<br \/>\nquelques semaines. Lors de ce tournoi, Elie Semoun \u00e9tait accompagn\u00e9<br \/>\nd\u2019Aude, sa compagne, qui attend leur premier enfant. L\u2019humoriste<br \/>\ns\u2019appr\u00eate \u00e0 devenir p\u00e8re une deuxi\u00e8me fois, 29 ans apr\u00e8s la<br \/>\nnaissance de son fils Antoine. Il avait annonc\u00e9 cet heureux<br \/>\n\u00e9v\u00e9nement en avril dernier sur le plateau de Quotidien : \u00ab\u00a0Beaucoup de choses<br \/>\nm\u2019attendent. Un vieux papa. En septembre je le serai !\u00a0\u00bb.<\/p>\n","protected":false},"excerpt":{"rendered":"Le 16 mars dernier, l\u2019actrice \u00c9milie Dequenne s\u2019est \u00e9teinte \u00e0 seulement 43 ans, apr\u00e8s avoir men\u00e9 un combat&hellip;\n","protected":false},"author":2,"featured_media":265025,"comment_status":"","ping_status":"","sticky":false,"template":"","format":"standard","meta":{"footnotes":""},"categories":[1359],"tags":[548,58,294,59,1011,27,973],"class_list":{"0":"post-265024","1":"post","2":"type-post","3":"status-publish","4":"format-standard","5":"has-post-thumbnail","7":"category-people","8":"tag-article-simple","9":"tag-divertissement","10":"tag-emilie-dequenne","11":"tag-entertainment","12":"tag-fr","13":"tag-france","14":"tag-people"},"share_on_mastodon":{"url":"https:\/\/pubeurope.com\/@fr\/114895564505255887","error":""},"_links":{"self":[{"href":"https:\/\/www.europesays.com\/fr\/wp-json\/wp\/v2\/posts\/265024","targetHints":{"allow":["GET"]}}],"collection":[{"href":"https:\/\/www.europesays.com\/fr\/wp-json\/wp\/v2\/posts"}],"about":[{"href":"https:\/\/www.europesays.com\/fr\/wp-json\/wp\/v2\/types\/post"}],"author":[{"embeddable":true,"href":"https:\/\/www.europesays.com\/fr\/wp-json\/wp\/v2\/users\/2"}],"replies":[{"embeddable":true,"href":"https:\/\/www.europesays.com\/fr\/wp-json\/wp\/v2\/comments?post=265024"}],"version-history":[{"count":0,"href":"https:\/\/www.europesays.com\/fr\/wp-json\/wp\/v2\/posts\/265024\/revisions"}],"wp:featuredmedia":[{"embeddable":true,"href":"https:\/\/www.europesays.com\/fr\/wp-json\/wp\/v2\/media\/265025"}],"wp:attachment":[{"href":"https:\/\/www.europesays.com\/fr\/wp-json\/wp\/v2\/media?parent=265024"}],"wp:term":[{"taxonomy":"category","embeddable":true,"href":"https:\/\/www.europesays.com\/fr\/wp-json\/wp\/v2\/categories?post=265024"},{"taxonomy":"post_tag","embeddable":true,"href":"https:\/\/www.europesays.com\/fr\/wp-json\/wp\/v2\/tags?post=265024"}],"curies":[{"name":"wp","href":"https:\/\/api.w.org\/{rel}","templated":true}]}}