{"id":265026,"date":"2025-07-22T06:52:12","date_gmt":"2025-07-22T06:52:12","guid":{"rendered":"https:\/\/www.europesays.com\/fr\/265026\/"},"modified":"2025-07-22T06:52:12","modified_gmt":"2025-07-22T06:52:12","slug":"quand-le-papier-tombe-cest-lemerveillement-le-photomaton-autonome-dubu-fait-sensation-dans-cette-ville-doccitanie","status":"publish","type":"post","link":"https:\/\/www.europesays.com\/fr\/265026\/","title":{"rendered":"\u00ab\u00a0Quand le papier tombe, c\u2019est l\u2019\u00e9merveillement\u00a0\u00bb\u00a0: le photomaton autonome \u00ab\u00a0Dubu\u00a0\u00bb fait sensation dans cette ville d\u2019Occitanie"},"content":{"rendered":"<p>\n                                                                    l&rsquo;essentiel<br \/>\n                                                                L\u2019ouverture depuis mai\u00a02025 du seul photomaton autonome du Sud de la France fait sensation \u00e0 Montauban (Tarn-et-Garonne). Import\u00e9 de Cor\u00e9e, ce studio color\u00e9 s\u2019installe en plein centre-ville pour offrir aux passants un voyage immersif, un moment convivial et un souvenir \u00e0 emporter.\n                            <\/p>\n<p>Dans les ruelles du centre-ville de Montauban (Tarn-et-Garonne), un petit local color\u00e9 attire l\u2019\u0153il des passants. Derri\u00e8re sa vitrine\u00a0qui fait appara\u00eetre le rose et bleu, un mot intrigue, \u00ab\u00a0Dubu\u00a0\u00bb. In\u00e9dit dans le Sud de la France, ce photomaton\u00a0attire les foules depuis son ouverture en mai\u00a02025.<\/p>\n<p>Derri\u00e8re ce projet, Guillaume Gaessler, install\u00e9 \u00e0 Montauban depuis trois ans, avec sa compagne, travaille dans la production photo et vid\u00e9o. Ensemble, ils r\u00eavaient d\u2019un projet plus simple, autonome, loin de la pression li\u00e9e aux clients. Le d\u00e9clic survient lors d\u2019un voyage en Cor\u00e9e du Sud, en 2024, o\u00f9 ils d\u00e9couvrent les studios photo en libre acc\u00e8s. L\u2019inspiration est imm\u00e9diate.<\/p>\n<p>De retour en France, ils comprennent que seuls quelques photomatons de ce type existent, principalement \u00e0 Paris. Guillaume d\u00e9cide alors de tenter le pari \u00e0 Montauban, en l\u2019absence totale de concurrence locale. \u00ab\u00a0On adore cette ville, et ici, les loyers sont bien plus abordables qu\u2019\u00e0 Toulouse\u00a0\u00bb, explique-t-il simplement. Cependant, pour capter l\u2019attention, une marque doit s\u2019appuyer sur une identit\u00e9 forte, \u00e0 commencer par un nom qui incarne \u00e0 la fois leurs inspirations et leurs valeurs personnelles.<\/p>\n<p>        <img decoding=\"async\" class=\"std-img__img responsive-img\" src=\"https:\/\/www.europesays.com\/fr\/wp-content\/uploads\/2025\/07\/1753167132_241_image.jpg\" alt=\"Guillaume Gaessler, responsable du photomaton &quot;Dubu&quot; \u00e0 Montauban\"\/><\/p>\n<p>                Guillaume Gaessler, responsable du photomaton \u00ab\u00a0Dubu\u00a0\u00bb \u00e0 Montauban<br \/>\n                                    \/ DDM-VINCENT DELLAUX<\/p>\n<p>Le nom \u00ab\u00a0Dubu\u00a0\u00bb n\u2019a rien d\u2019anodin.\u00a0Il signifie tofu en cor\u00e9en. Un clin d\u2019\u0153il \u00e0 la culture asiatique qui a inspir\u00e9 le concept, mais aussi au mode de vie v\u00e9gane du couple fondateur, pour qui cet aliment est embl\u00e9matique.<\/p>\n<p>Pourquoi \u00e7a marche\u00a0?<\/p>\n<p>Pour Guillaume, l\u2019objectif est simple, cr\u00e9er un lieu qui capte imm\u00e9diatement le regard depuis la rue. Une fois la porte franchie, le client est imm\u00e9diatement plong\u00e9 dans une atmosph\u00e8re immersive, profond\u00e9ment inspir\u00e9e par la culture asiatique. Avec ses couleurs \u00e9clatantes, et\u00a0ses clins d\u2019\u0153il esth\u00e9tiques, le studio ne passe pas inaper\u00e7u. Deux cabines sont disponibles, accompagn\u00e9es d\u2019une multitude de d\u00e9guisements pour ajouter une touche ludique et d\u00e9contract\u00e9e \u00e0 l\u2019exp\u00e9rience.<\/p>\n<blockquote>\n<p>\u00ab\u00a0On a l\u2019impression d\u2019\u00eatre dans Squid Game\u00a0\u00bb<\/p>\n<\/blockquote>\n<p>Fr\u00e9quent\u00e9 majoritairement par des adolescents et des jeunes adultes, le photomaton s\u00e9duit rapidement. Selon Guillaume, pr\u00e8s de 75\u00a0% des clients ont entre 14 et 20 ans, et les r\u00e9actions enthousiastes ne se font pas attendre.\u00a0\u00ab\u00a0Un client m\u2019a dit\u00a0: On se croirait dans un \u00e9pisode de Squid Game\u00a0\u00bb, d\u00e9clare le g\u00e9rant, heureux de voir que son concept parle \u00e0 une nouvelle g\u00e9n\u00e9ration.\u00a0L\u2019autonomie totale de la cabine fait aussi partie du charme. Aucun personnel, juste l\u2019\u00e9cran d\u2019une machine cor\u00e9enne pour s\u2019amuser entre amis, en couple ou en famille.<\/p>\n<p>Et si le succ\u00e8s est au rendez-vous, c\u2019est aussi parce que l\u2019exp\u00e9rience tranche avec le quotidien num\u00e9rique. \u00c0 l\u2019heure o\u00f9 la photographie est omnipr\u00e9sente sur les t\u00e9l\u00e9phones, l\u2019argentique devient\u00a0rare, presque magique. \u00ab\u00a0Certains n\u2019avaient jamais vu une photo imprim\u00e9e. Quand le papier tombe, c\u2019est l\u2019\u00e9merveillement\u00a0\u00bb, raconte Guillaume, en expliquant le fonctionnement de la machine.\u00a0En \u00e0 peine deux mois, plus de 1\u00a0200 impressions ont \u00e9t\u00e9 r\u00e9alis\u00e9es. Un chiffre qui confirme l\u2019engouement pour ce lieu pas comme les autres.<\/p>\n<p>Dans le futur, il esp\u00e8re ouvrir une nouvelle boutique \u00e0 Toulouse. M\u00eame nom, m\u00eame style mais plus grande ville. Cependant, l\u2019objectif reste le m\u00eame, que chacun reparte avec une photo\u00a0et le souvenir d\u2019un bon moment.<\/p>\n","protected":false},"excerpt":{"rendered":"l&rsquo;essentiel L\u2019ouverture depuis mai\u00a02025 du seul photomaton autonome du Sud de la France fait sensation \u00e0 Montauban (Tarn-et-Garonne).&hellip;\n","protected":false},"author":2,"featured_media":265027,"comment_status":"","ping_status":"","sticky":false,"template":"","format":"standard","meta":{"footnotes":""},"categories":[1358],"tags":[1348,1384,1385,1386,58,59,1011,27],"class_list":{"0":"post-265026","1":"post","2":"type-post","3":"status-publish","4":"format-standard","5":"has-post-thumbnail","7":"category-arts-et-design","8":"tag-arts","9":"tag-arts-and-design","10":"tag-arts-et-design","11":"tag-design","12":"tag-divertissement","13":"tag-entertainment","14":"tag-fr","15":"tag-france"},"share_on_mastodon":{"url":"https:\/\/pubeurope.com\/@fr\/114895568508276710","error":""},"_links":{"self":[{"href":"https:\/\/www.europesays.com\/fr\/wp-json\/wp\/v2\/posts\/265026","targetHints":{"allow":["GET"]}}],"collection":[{"href":"https:\/\/www.europesays.com\/fr\/wp-json\/wp\/v2\/posts"}],"about":[{"href":"https:\/\/www.europesays.com\/fr\/wp-json\/wp\/v2\/types\/post"}],"author":[{"embeddable":true,"href":"https:\/\/www.europesays.com\/fr\/wp-json\/wp\/v2\/users\/2"}],"replies":[{"embeddable":true,"href":"https:\/\/www.europesays.com\/fr\/wp-json\/wp\/v2\/comments?post=265026"}],"version-history":[{"count":0,"href":"https:\/\/www.europesays.com\/fr\/wp-json\/wp\/v2\/posts\/265026\/revisions"}],"wp:featuredmedia":[{"embeddable":true,"href":"https:\/\/www.europesays.com\/fr\/wp-json\/wp\/v2\/media\/265027"}],"wp:attachment":[{"href":"https:\/\/www.europesays.com\/fr\/wp-json\/wp\/v2\/media?parent=265026"}],"wp:term":[{"taxonomy":"category","embeddable":true,"href":"https:\/\/www.europesays.com\/fr\/wp-json\/wp\/v2\/categories?post=265026"},{"taxonomy":"post_tag","embeddable":true,"href":"https:\/\/www.europesays.com\/fr\/wp-json\/wp\/v2\/tags?post=265026"}],"curies":[{"name":"wp","href":"https:\/\/api.w.org\/{rel}","templated":true}]}}