{"id":265032,"date":"2025-07-22T06:55:10","date_gmt":"2025-07-22T06:55:10","guid":{"rendered":"https:\/\/www.europesays.com\/fr\/265032\/"},"modified":"2025-07-22T06:55:10","modified_gmt":"2025-07-22T06:55:10","slug":"je-commence-a-payer-ce-rythme-la-chanteuse-alerte-sur-son-etat-de-sante","status":"publish","type":"post","link":"https:\/\/www.europesays.com\/fr\/265032\/","title":{"rendered":"\u00ab\u00a0je commence \u00e0 payer ce rythme\u00a0\u00bb, la chanteuse alerte sur son \u00e9tat de sant\u00e9"},"content":{"rendered":"<p>Vitaa s\u2019est impos\u00e9e dans le paysage musical fran\u00e7ais comme<br \/>\n<strong>l\u2019une des voix incontournables<\/strong> de sa g\u00e9n\u00e9ration.<br \/>\nDepuis son duo embl\u00e9matique avec Diam\u2019s en 2006, la chanteuse<br \/>\nencha\u00eene les albums \u00e0 succ\u00e8s. Elle multiplie <a href=\"https:\/\/www.melty.fr\/people\/vitaa-brutalement-honnete-apres-sa-collaboration-avec-slimane-un-cauchemar-2198766.html\" target=\"_blank\" rel=\"noopener\"><br \/>\nles collaborations prestigieuses<\/a> et les tourn\u00e9es triomphales.<br \/>\nMais derri\u00e8re les feux de la rampe et la ferveur du public, se<br \/>\ncache une r\u00e9alit\u00e9 plus nuanc\u00e9e. Celle des sacrifices, de la<br \/>\npression constante et d\u2019un rythme de vie souvent effr\u00e9n\u00e9.<\/p>\n<p>La long\u00e9vit\u00e9 artistique ne repose pas seulement sur le talent<br \/>\nmais exige <strong>une incroyable discipline.<\/strong> G\u00e9rer sa<br \/>\ncarri\u00e8re, rester proche de ses fans, innover sans cesse et r\u00e9pondre<br \/>\naux imp\u00e9ratifs de l\u2019industrie suppose un investissement de tous les<br \/>\ninstants.<\/p>\n<p>Un \u00e9quilibre difficile \u00e0 trouver pour l\u00a0\u00bbartiste<\/p>\n<p>De nombreux artistes \u00e0 l\u2019image de Vitaa, sont confront\u00e9s \u00e0 ce<br \/>\nd\u00e9fi\u202f. Savoir concilier <strong>vie professionnelle intense et vie<br \/>\npersonnelle,<\/strong> sans s\u2019oublier au passage. Depuis plusieurs<br \/>\nann\u00e9es, Vitaa doit composer avec un agenda d\u00e9bordant et <a href=\"https:\/\/www.melty.fr\/people\/maman-de-trois-enfants-vitaa-sans-filtre-sur-leur-education-je-trouve-quelles-2193609.html\" target=\"_blank\" rel=\"noopener\"><br \/>\nson r\u00f4le de m\u00e8re de trois enfants.<\/a> Elle \u00e9voque notamment des<br \/>\ntrajets incessants, des nuits \u00e9court\u00e9es et une volont\u00e9 farouche<br \/>\nd\u2019assurer sur tous les fronts.<\/p>\n<p>Cette exigence de performance et cette implication quotidienne<br \/>\nn\u2019ont cependant rien entam\u00e9 de <strong>la passion de Vitaa pour son<br \/>\nm\u00e9tier<\/strong>. Si en parall\u00e8le, la chanteuse affiche une carri\u00e8re<br \/>\nbrillante, elle n\u2019\u00e9lude cependant pas les difficult\u00e9s et les<br \/>\nfailles travers\u00e9es en chemin&#8230;<\/p>\n<p>Les confidences de la chanteuse sur son parcours<\/p>\n<p>Dans l\u2019\u00e9mission Boum Boum sur YouTube, elle est revenue sur ses<br \/>\n\u00e9checs, parfois douloureux\u202f: \u00ab\u00a0J\u2019ai v\u00e9cu des albums qui ne<br \/>\nmarchent pas, j\u2019en ai pleur\u00e9 dans ma chambre\u00a0\u00bb, a-t-elle confi\u00e9<br \/>\nsans d\u00e9tour. Et de poursuivre : \u00ab\u00a0Je pense qu\u2019\u00e0 un moment donn\u00e9<br \/>\ntu fais ce m\u00e9tier <strong>pour \u00e7a, pour les chiffres<\/strong>, pour<br \/>\n\u00eatre num\u00e9ro 1, pour faire des tubes, \u00e7a sentant\u00a0\u00bb.<\/p>\n<p>La d\u00e9ception li\u00e9e \u00e0 certains projets artistiques a longtemps \u00e9t\u00e9<br \/>\ndure \u00e0 porter, surtout \u00e0 une \u00e9poque o\u00f9 la musique occupait toute la<br \/>\nplace dans sa vie. Mais aujourd\u2019hui, forte de son exp\u00e9rience et de<br \/>\nsa maturit\u00e9 de m\u00e8re, elle affirme avoir remis chaque chose \u00e0 sa<br \/>\nplace\u202f: \u00ab\u00a0C\u2019est un m\u00e9tier qui est une passion mais \u00e7a ne peut<br \/>\n<strong>pas prendre le dessus sur tout<\/strong>\u00ab\u00a0, a-t-elle<br \/>\nexpliqu\u00e9, revendiquant un rapport plus apais\u00e9 \u00e0 la r\u00e9ussite et \u00e0<br \/>\nl\u2019\u00e9chec.<\/p>\n<p>Vitaa : \u00ab\u00a0Je sens que mon corps est<br \/>\nfatigu\u00e9\u00a0\u00bb<\/p>\n<p>Ces derni\u00e8res semaines, Vitaa a finalement bris\u00e9 le silence sur<br \/>\n<strong>son \u00e9tat de sant\u00e9.<\/strong> L\u2019\u00e9puisement, accumul\u00e9 apr\u00e8s<br \/>\nplus de quinze ans de carri\u00e8re, se montre impossible \u00e0 ignorer. En<br \/>\nalertant sur les impacts d\u2019un rythme effr\u00e9n\u00e9, elle invite \u00e0 une<br \/>\nr\u00e9flexion sur le bien-\u00eatre mental et physique des artistes, souvent<br \/>\ndissimul\u00e9 derri\u00e8re l\u2019image de la r\u00e9ussite <a href=\"https:\/\/www.melty.fr\/people\/vitaa-devoile-son-quotidien-de-maman-pas-evident-1157162.html\" target=\"_blank\" rel=\"noopener\"><br \/>\nde sa vie de famille.<\/a><\/p>\n<p>Vitaa arrive parfois \u00e0 4h du matin et se l\u00e8ve \u00e0 7h pour emmener<br \/>\nses enfants \u00e0 l\u2019\u00e9cole. \u00ab\u00a0Je me l\u00e8ve, je les emm\u00e8ne, je suis<br \/>\n\u00e9puis\u00e9e. Ensuite, je dors jusqu\u2019\u00e0 12h, parce que je n\u2019ai pas de<br \/>\nnuit. Je me l\u00e8ve, je suis d\u00e9fonc\u00e9e. Ensuite, <strong>j\u2019encha\u00eene, je<br \/>\nvais au studio\u2026<\/strong> Et plus les ann\u00e9es passent, plus je sens<br \/>\nque mon corps est fatigu\u00e9\u00a0\u00bb, a-t-elle confi\u00e9. Et d&rsquo;ajouter :<br \/>\n\u00ab\u00a0J\u2019ai vraiment un rythme que <strong>je commence \u00e0<br \/>\npayer<\/strong>, je le ressens\u00a0\u00bb. Plus qu\u2019un simple t\u00e9moignage,<br \/>\nses confidences r\u00e9sonnent comme un appel \u00e0 l\u2019\u00e9coute de soi. Il<br \/>\ns&rsquo;agit d&rsquo;une v\u00e9ritable n\u00e9cessit\u00e9 de trouver un nouvel \u00e9quilibre<br \/>\nsans renoncer \u00e0 ses passions.<\/p>\n","protected":false},"excerpt":{"rendered":"Vitaa s\u2019est impos\u00e9e dans le paysage musical fran\u00e7ais comme l\u2019une des voix incontournables de sa g\u00e9n\u00e9ration. Depuis son&hellip;\n","protected":false},"author":2,"featured_media":265033,"comment_status":"","ping_status":"","sticky":false,"template":"","format":"standard","meta":{"footnotes":""},"categories":[1355],"tags":[58,59,1011,27,1361,873,26648],"class_list":{"0":"post-265032","1":"post","2":"type-post","3":"status-publish","4":"format-standard","5":"has-post-thumbnail","7":"category-musique","8":"tag-divertissement","9":"tag-entertainment","10":"tag-fr","11":"tag-france","12":"tag-music","13":"tag-musique","14":"tag-vitaa"},"share_on_mastodon":{"url":"https:\/\/pubeurope.com\/@fr\/114895580270919165","error":""},"_links":{"self":[{"href":"https:\/\/www.europesays.com\/fr\/wp-json\/wp\/v2\/posts\/265032","targetHints":{"allow":["GET"]}}],"collection":[{"href":"https:\/\/www.europesays.com\/fr\/wp-json\/wp\/v2\/posts"}],"about":[{"href":"https:\/\/www.europesays.com\/fr\/wp-json\/wp\/v2\/types\/post"}],"author":[{"embeddable":true,"href":"https:\/\/www.europesays.com\/fr\/wp-json\/wp\/v2\/users\/2"}],"replies":[{"embeddable":true,"href":"https:\/\/www.europesays.com\/fr\/wp-json\/wp\/v2\/comments?post=265032"}],"version-history":[{"count":0,"href":"https:\/\/www.europesays.com\/fr\/wp-json\/wp\/v2\/posts\/265032\/revisions"}],"wp:featuredmedia":[{"embeddable":true,"href":"https:\/\/www.europesays.com\/fr\/wp-json\/wp\/v2\/media\/265033"}],"wp:attachment":[{"href":"https:\/\/www.europesays.com\/fr\/wp-json\/wp\/v2\/media?parent=265032"}],"wp:term":[{"taxonomy":"category","embeddable":true,"href":"https:\/\/www.europesays.com\/fr\/wp-json\/wp\/v2\/categories?post=265032"},{"taxonomy":"post_tag","embeddable":true,"href":"https:\/\/www.europesays.com\/fr\/wp-json\/wp\/v2\/tags?post=265032"}],"curies":[{"name":"wp","href":"https:\/\/api.w.org\/{rel}","templated":true}]}}