{"id":265040,"date":"2025-07-22T06:59:13","date_gmt":"2025-07-22T06:59:13","guid":{"rendered":"https:\/\/www.europesays.com\/fr\/265040\/"},"modified":"2025-07-22T06:59:13","modified_gmt":"2025-07-22T06:59:13","slug":"marine-lorphelin-denonce-le-detournement-de-son-image-par-lia","status":"publish","type":"post","link":"https:\/\/www.europesays.com\/fr\/265040\/","title":{"rendered":"Marine Lorphelin d\u00e9nonce le d\u00e9tournement de son image par l\u2019IA"},"content":{"rendered":"<p>        <img decoding=\"async\" loading=\"lazy\" src=\"https:\/\/www.europesays.com\/fr\/wp-content\/uploads\/2025\/07\/603a957_1713814258991-capture-d-a-cran-2024-04-22-210847.png\"  width=\"728\" height=\"410\" alt=\"L\u2019ancienne Miss France et d\u00e9sormais docteure en m\u00e9decine g\u00e9n\u00e9rale Marine Lorphelin d\u00e9nonce le d\u00e9tournement de son image par l\u2019IA pour faire la promotion de faux produits de sant\u00e9.\"\/>   <\/p>\n<p>L\u2019ancienne Miss France et d\u00e9sormais docteure en m\u00e9decine g\u00e9n\u00e9rale Marine Lorphelin d\u00e9nonce le d\u00e9tournement de son image par l\u2019IA pour faire la promotion de faux produits de sant\u00e9.<\/p>\n<p class=\"asset asset-text\">TECH &#8211; C\u2019est un coup de gueule on ne peut plus l\u00e9gitime. <a href=\"https:\/\/www.huffingtonpost.fr\/life\/article\/metoohopital-marine-lorphelin-temoigne-a-son-tour-et-regrette-de-n-avoir-rien-dit_232983.html\" target=\"_blank\" rel=\"noopener\">Marine Lorphelin<\/a> a d\u00e9nonc\u00e9 ce lundi 21\u00a0juillet le d\u00e9tournement de son image par <a href=\"https:\/\/www.huffingtonpost.fr\/tech-futurs\/article\/une-provocation-artistique-ce-groupe-genere-par-l-ia-sur-spotify-justifie-sa-demarche_252401.html\" target=\"_blank\" rel=\"noopener\">l\u2019intelligence artificielle<\/a>, notamment utilis\u00e9e pour faire la promotion de faux produits de sant\u00e9.<\/p>\n<p class=\"asset asset-text\">\u00ab\u00a0Vous avez certainement vu passer ces vid\u00e9os et je dois vous en parler, je n\u2019en peux plus\u00a0\u00bb, se livre sur son compte Instagram l\u2019ancienne Miss France et d\u00e9sormais docteure en m\u00e9decine g\u00e9n\u00e9rale, en montrant en exemple l\u2019une de ces vid\u00e9os g\u00e9n\u00e9r\u00e9es par IA.<\/p>\n<p class=\"asset asset-text\">\u00ab\u00a0On transforme mon visage et ma voix pour vous vendre des compl\u00e9ments alimentaires ou des produits miraculeux, soi-disant pour am\u00e9liorer tel ou tel \u00e9tat de sant\u00e9. Jamais je ne ferai la promotion d\u2019aliments miracles ni de produits dont les effets n\u2019ont pas \u00e9t\u00e9 prouv\u00e9s scientifiquement\u00a0\u00bb, poursuit-elle.<\/p>\n<p> La lecture de ce contenu est susceptible d\u2019entra\u00eener un d\u00e9p\u00f4t de cookies de la part de l\u2019op\u00e9rateur tiers qui l\u2019h\u00e9berge. Compte-tenu des choix que vous avez exprim\u00e9s en mati\u00e8re de d\u00e9p\u00f4t de cookies, nous avons bloqu\u00e9 l\u2019affichage de ce contenu. Si vous souhaitez y acc\u00e9der, vous devez accepter la cat\u00e9gorie de cookies \u201cContenus tiers\u201d en cliquant sur le bouton ci-dessous. <\/p>\n<p> Lire la Vid\u00e9o        <\/p>\n<p class=\"asset asset-text\">\u00ab\u00a0On utilise mon image \u00e0 mauvais escient, \u00e7a me porte pr\u00e9judice, et surtout \u00e7a peut vous porter pr\u00e9judice pour votre sant\u00e9 et pour votre porte-monnaie parce que ces produits co\u00fbtent souvent tr\u00e8s cher\u00a0\u00bb, s\u2019agace ainsi Marine Lorphelin.<\/p>\n<p>                     \u00ab\u00a0Ne croyez pas aux produits miracles\u00a0\u00bb    <\/p>\n<p class=\"asset asset-text\">Ce post Instagram est \u00e9galement l\u2019occasion pour la nouvelle docteure de faire de la pr\u00e9vention sur comment d\u00e9busquer une vid\u00e9o g\u00e9n\u00e9r\u00e9e par intelligence artificielle. \u00ab\u00a0Un conseil, prenez le temps de bien regarder parce qu\u2019en fait sur ces vid\u00e9os, on voit que le bas de mon visage a \u00e9t\u00e9 modifi\u00e9 [&#8230;], et on entend que ce n\u2019est pas ma voix\u00a0\u00bb. Car m\u00eame si les progr\u00e8s de l\u2019IA font que la g\u00e9n\u00e9ration de \u00ab\u00a0deepfakes\u00a0\u00bb est de plus en plus r\u00e9aliste, il reste (pour l\u2019instant) encore tr\u00e8s souvent des signes permettant de distinguer une vraie vid\u00e9o d\u2019un contenu cr\u00e9\u00e9 artificiellement.<\/p>\n<p class=\"asset asset-text\">L\u2019ancienne Miss France met aussi en garde sur les cons\u00e9quences en mati\u00e8re de sant\u00e9 de ces contenus. \u00ab\u00a0Ne croyez pas aux produits miracles. On vous vend du r\u00eave\u00a0! La sant\u00e9 est un bien pr\u00e9cieux, ne consommez pas n\u2019importe quoi\u00a0\u00bb, \u00e9crit-elle dans la description de son post Instagram. \u00ab\u00a0Surtout, si une information sant\u00e9 vous para\u00eet nouvelle, miraculeuse, n\u2019h\u00e9sitez pas \u00e0 v\u00e9rifier les informations, \u00e0 en parler avec des professionnels de sant\u00e9, \u00e7a peut \u00eatre votre pharmacien ou votre m\u00e9decin\u00a0\u00bb, abonde-t-elle dans sa vid\u00e9o.<\/p>\n","protected":false},"excerpt":{"rendered":"L\u2019ancienne Miss France et d\u00e9sormais docteure en m\u00e9decine g\u00e9n\u00e9rale Marine Lorphelin d\u00e9nonce le d\u00e9tournement de son image par&hellip;\n","protected":false},"author":2,"featured_media":265041,"comment_status":"","ping_status":"","sticky":false,"template":"","format":"standard","meta":{"footnotes":""},"categories":[8],"tags":[58,59,1011,27,2440,223,40459,71,24551],"class_list":{"0":"post-265040","1":"post","2":"type-post","3":"status-publish","4":"format-standard","5":"has-post-thumbnail","7":"category-divertissement","8":"tag-divertissement","9":"tag-entertainment","10":"tag-fr","11":"tag-france","12":"tag-instagram","13":"tag-intelligence-artificielle","14":"tag-marine-lorphelin","15":"tag-sante","16":"tag-tech-futurs"},"share_on_mastodon":{"url":"https:\/\/pubeurope.com\/@fr\/114895595999871716","error":""},"_links":{"self":[{"href":"https:\/\/www.europesays.com\/fr\/wp-json\/wp\/v2\/posts\/265040","targetHints":{"allow":["GET"]}}],"collection":[{"href":"https:\/\/www.europesays.com\/fr\/wp-json\/wp\/v2\/posts"}],"about":[{"href":"https:\/\/www.europesays.com\/fr\/wp-json\/wp\/v2\/types\/post"}],"author":[{"embeddable":true,"href":"https:\/\/www.europesays.com\/fr\/wp-json\/wp\/v2\/users\/2"}],"replies":[{"embeddable":true,"href":"https:\/\/www.europesays.com\/fr\/wp-json\/wp\/v2\/comments?post=265040"}],"version-history":[{"count":0,"href":"https:\/\/www.europesays.com\/fr\/wp-json\/wp\/v2\/posts\/265040\/revisions"}],"wp:featuredmedia":[{"embeddable":true,"href":"https:\/\/www.europesays.com\/fr\/wp-json\/wp\/v2\/media\/265041"}],"wp:attachment":[{"href":"https:\/\/www.europesays.com\/fr\/wp-json\/wp\/v2\/media?parent=265040"}],"wp:term":[{"taxonomy":"category","embeddable":true,"href":"https:\/\/www.europesays.com\/fr\/wp-json\/wp\/v2\/categories?post=265040"},{"taxonomy":"post_tag","embeddable":true,"href":"https:\/\/www.europesays.com\/fr\/wp-json\/wp\/v2\/tags?post=265040"}],"curies":[{"name":"wp","href":"https:\/\/api.w.org\/{rel}","templated":true}]}}