{"id":265047,"date":"2025-07-22T07:03:13","date_gmt":"2025-07-22T07:03:13","guid":{"rendered":"https:\/\/www.europesays.com\/fr\/265047\/"},"modified":"2025-07-22T07:03:13","modified_gmt":"2025-07-22T07:03:13","slug":"la-victime-dune-chute-mortelle-etait-la-bonhomie-par-excellence","status":"publish","type":"post","link":"https:\/\/www.europesays.com\/fr\/265047\/","title":{"rendered":"la victime d\u2019une chute mortelle \u00e9tait \u00ab\u00a0la bonhomie par excellence\u00a0\u00bb"},"content":{"rendered":"<p>Patrick Bourgeois \u00e9tait \u00ab\u00a0la bonhomie par excellence. La camaraderie et la fratrie avaient du sens avec lui\u00a0\u00bb, souligne Lucie, sa belle-fille, qui le consid\u00e9rait comme son second p\u00e8re, comme son fr\u00e8re. Patrick Bourgeois \u00e9tait papa de deux enfants, Annabelle et Charlie, et de deux beaux-enfants, mais aussi grand-p\u00e8re de plusieurs petits-enfants. <\/p>\n<p>\u00ab\u00a0Il n\u2019a jamais fait de diff\u00e9rence entre nous\u00a0\u00bb, assure Lucie. \u00ab\u00a0Sa gentillesse \u00e9tait l\u00e9gendaire et il aimait discuter avec tout le monde, prendre des nouvelles de chacun. Il aimait la proximit\u00e9 et conna\u00eetre les gens. C\u2019est aussi pour cela qu\u2019il aimait lire le Journal de Sa\u00f4ne-et-Loire.\u00a0\u00bb Lucie, comme le reste de la famille, ne comprend pas pourquoi Patrick Bourgeois est mont\u00e9 sur son toit <a href=\"https:\/\/www.lejsl.com\/environnement\/2025\/07\/21\/mini-tornade-foyers-encore-sans-electricite-poteaux-couches-lac-de-laives-ferme-le-jour-d-apres\" target=\"_blank\" rel=\"noopener\">ce dimanche, alors que l\u2019orage s\u00e9vissait en Sa\u00f4ne-et-Loire<\/a>. \u00ab\u00a0M\u00eame s\u2019il bricolait et s\u2019occupait de tout dans la maison, on ne comprend pas pourquoi il est mont\u00e9 sur le toit car il avait le vertige et ses voisins \u00e9taient contre l\u2019id\u00e9e qu\u2019il monte \u00e0 l\u2019\u00e9chelle,&#8230;<\/p>\n","protected":false},"excerpt":{"rendered":"Patrick Bourgeois \u00e9tait \u00ab\u00a0la bonhomie par excellence. La camaraderie et la fratrie avaient du sens avec lui\u00a0\u00bb, souligne&hellip;\n","protected":false},"author":2,"featured_media":265048,"comment_status":"","ping_status":"","sticky":false,"template":"","format":"standard","meta":{"footnotes":""},"categories":[4],"tags":[119,11,9223,9323,436,274,107,1011,27,8423,1391,12,25,104],"class_list":{"0":"post-265047","1":"post","2":"type-post","3":"status-publish","4":"format-standard","5":"has-post-thumbnail","7":"category-france","8":"tag-accident","9":"tag-actualites","10":"tag-carnet-du-jour","11":"tag-catastrophes","12":"tag-environnement","13":"tag-faits-divers-justice","14":"tag-fil-info","15":"tag-fr","16":"tag-france","17":"tag-meteorologie-climat","18":"tag-necrologie","19":"tag-news","20":"tag-republique-francaise","21":"tag-societe"},"share_on_mastodon":{"url":"https:\/\/pubeurope.com\/@fr\/114895611737880502","error":""},"_links":{"self":[{"href":"https:\/\/www.europesays.com\/fr\/wp-json\/wp\/v2\/posts\/265047","targetHints":{"allow":["GET"]}}],"collection":[{"href":"https:\/\/www.europesays.com\/fr\/wp-json\/wp\/v2\/posts"}],"about":[{"href":"https:\/\/www.europesays.com\/fr\/wp-json\/wp\/v2\/types\/post"}],"author":[{"embeddable":true,"href":"https:\/\/www.europesays.com\/fr\/wp-json\/wp\/v2\/users\/2"}],"replies":[{"embeddable":true,"href":"https:\/\/www.europesays.com\/fr\/wp-json\/wp\/v2\/comments?post=265047"}],"version-history":[{"count":0,"href":"https:\/\/www.europesays.com\/fr\/wp-json\/wp\/v2\/posts\/265047\/revisions"}],"wp:featuredmedia":[{"embeddable":true,"href":"https:\/\/www.europesays.com\/fr\/wp-json\/wp\/v2\/media\/265048"}],"wp:attachment":[{"href":"https:\/\/www.europesays.com\/fr\/wp-json\/wp\/v2\/media?parent=265047"}],"wp:term":[{"taxonomy":"category","embeddable":true,"href":"https:\/\/www.europesays.com\/fr\/wp-json\/wp\/v2\/categories?post=265047"},{"taxonomy":"post_tag","embeddable":true,"href":"https:\/\/www.europesays.com\/fr\/wp-json\/wp\/v2\/tags?post=265047"}],"curies":[{"name":"wp","href":"https:\/\/api.w.org\/{rel}","templated":true}]}}