{"id":265051,"date":"2025-07-22T07:05:18","date_gmt":"2025-07-22T07:05:18","guid":{"rendered":"https:\/\/www.europesays.com\/fr\/265051\/"},"modified":"2025-07-22T07:05:18","modified_gmt":"2025-07-22T07:05:18","slug":"moins-conflictuel-il-reste-un-casse-tete-pour-les-communes","status":"publish","type":"post","link":"https:\/\/www.europesays.com\/fr\/265051\/","title":{"rendered":"moins conflictuel, il reste un casse-t\u00eate pour les communes"},"content":{"rendered":"<p>Les mots sont de Fran\u00e7ois Driol, le premier magistrat d\u2019Andr\u00e9zieux-Bouth\u00e9on\u00a0: \u00ab\u00a0La localisation d\u2019une aire de grand passage est d\u00e9cid\u00e9e par un sch\u00e9ma d\u00e9partemental co\u00e9labor\u00e9 par les services de l\u2019\u00c9tat et du D\u00e9partement, est sous comp\u00e9tence de Saint-Etienne M\u00e9tropole et g\u00e9r\u00e9e par un prestataire priv\u00e9\u2026 Mais \u00e0 la fin, c\u2019est le maire de la commune qui subit les emmerdements.\u00a0\u00bb<\/p>\n<p>\u00ab\u00a0Je pr\u00e9f\u00e9rerais qu\u2019elle soit ailleurs\u00a0\u00bb<\/p>\n<p>Andr\u00e9zieux-Bouth\u00e9on accueille une aire de grand passage des gens du voyage \u2013 situ\u00e9e entre le CD100 et l\u2019a\u00e9roport \u2013 depuis septembre\u00a02009. \u00c0 l\u2019\u00e9poque, Fran\u00e7ois Driol n\u2019\u00e9tait pas maire de la commune et il ne s\u2019en cache pas\u00a0: \u00ab\u00a0Je pr\u00e9f\u00e9rerais qu\u2019elle soit ailleurs.\u00a0\u00bb<\/p>\n<p>Ces aires, dont la superficie doit \u00eatre d\u2019au moins quatre hectares et qui doit comprendre un acc\u00e8s routier, une alimentation en eau potable et en \u00e9lectricit\u00e9, permettent l\u2019accueil des grands groupes pour des rassemblements dont la dur\u00e9e oscille entre une et trois semaines.<\/p>\n<p><strong>&gt;&gt; <a href=\"https:\/\/www.leprogres.fr\/faits-divers-justice\/2025\/07\/19\/le-tribunal-administratif-enjoint-les-gens-du-voyage-a-partir-de-saint-germain-lespinasse\" target=\"_blank\" rel=\"noopener\">Le tribunal administratif enjoint les&#8230;<\/a><\/strong><\/p>\n","protected":false},"excerpt":{"rendered":"Les mots sont de Fran\u00e7ois Driol, le premier magistrat d\u2019Andr\u00e9zieux-Bouth\u00e9on\u00a0: \u00ab\u00a0La localisation d\u2019une aire de grand passage est&hellip;\n","protected":false},"author":2,"featured_media":265052,"comment_status":"","ping_status":"","sticky":false,"template":"","format":"standard","meta":{"footnotes":""},"categories":[9653],"tags":[1111,11,2430,16734,7539,1777,674,107,1011,27,3367,12,25,4001,7538,40461,4604,104],"class_list":{"0":"post-265051","1":"post","2":"type-post","3":"status-publish","4":"format-standard","5":"has-post-thumbnail","7":"category-saint-etienne","8":"tag-actu","9":"tag-actualites","10":"tag-auvergne-rhone-alpes","11":"tag-edition-loire-nord","12":"tag-edition-loire-sud","13":"tag-eu","14":"tag-europe","15":"tag-fil-info","16":"tag-fr","17":"tag-france","18":"tag-loire","19":"tag-news","20":"tag-republique-francaise","21":"tag-saint-etienne","22":"tag-saint-etienne-ville","23":"tag-saint-germain-lespinasse","24":"tag-selection-abonne","25":"tag-societe"},"share_on_mastodon":{"url":"https:\/\/pubeurope.com\/@fr\/114895619556932987","error":""},"_links":{"self":[{"href":"https:\/\/www.europesays.com\/fr\/wp-json\/wp\/v2\/posts\/265051","targetHints":{"allow":["GET"]}}],"collection":[{"href":"https:\/\/www.europesays.com\/fr\/wp-json\/wp\/v2\/posts"}],"about":[{"href":"https:\/\/www.europesays.com\/fr\/wp-json\/wp\/v2\/types\/post"}],"author":[{"embeddable":true,"href":"https:\/\/www.europesays.com\/fr\/wp-json\/wp\/v2\/users\/2"}],"replies":[{"embeddable":true,"href":"https:\/\/www.europesays.com\/fr\/wp-json\/wp\/v2\/comments?post=265051"}],"version-history":[{"count":0,"href":"https:\/\/www.europesays.com\/fr\/wp-json\/wp\/v2\/posts\/265051\/revisions"}],"wp:featuredmedia":[{"embeddable":true,"href":"https:\/\/www.europesays.com\/fr\/wp-json\/wp\/v2\/media\/265052"}],"wp:attachment":[{"href":"https:\/\/www.europesays.com\/fr\/wp-json\/wp\/v2\/media?parent=265051"}],"wp:term":[{"taxonomy":"category","embeddable":true,"href":"https:\/\/www.europesays.com\/fr\/wp-json\/wp\/v2\/categories?post=265051"},{"taxonomy":"post_tag","embeddable":true,"href":"https:\/\/www.europesays.com\/fr\/wp-json\/wp\/v2\/tags?post=265051"}],"curies":[{"name":"wp","href":"https:\/\/api.w.org\/{rel}","templated":true}]}}