{"id":265060,"date":"2025-07-22T07:14:15","date_gmt":"2025-07-22T07:14:15","guid":{"rendered":"https:\/\/www.europesays.com\/fr\/265060\/"},"modified":"2025-07-22T07:14:15","modified_gmt":"2025-07-22T07:14:15","slug":"des-insectes-envahissent-leurs-logements-dans-le-quartier-flaubert-a-rouen-tout-est-infeste","status":"publish","type":"post","link":"https:\/\/www.europesays.com\/fr\/265060\/","title":{"rendered":"Des insectes envahissent leurs logements dans le quartier Flaubert \u00e0 Rouen\u00a0: \u00ab\u00a0Tout est infest\u00e9 \u00bb"},"content":{"rendered":"<p>            Par<br \/>\n        <strong><br \/>\n            <a href=\"https:\/\/actu.fr\/auteur\/adrien-filoche\" title=\"Consulter tous les articles de Adrien Filoche\" target=\"_blank\" rel=\"noopener\">Adrien Filoche<\/a><br \/>\n        <\/strong><\/p>\n<p>        Publi\u00e9 le<\/p>\n<p>            22 juil. 2025 \u00e0 8h10        <\/p>\n<p>Ils pensaient profiter du confort d\u2019un logement neuf, mais <strong>la r\u00e9alit\u00e9 est bien diff\u00e9rente\u2026<\/strong> \u00c0 <a href=\"https:\/\/actu.fr\/normandie\/rouen_76540\" target=\"_blank\" rel=\"noopener\">Rouen (Seine-Maritime)<\/a>, les locataires des habitations neuves <a href=\"https:\/\/actu.fr\/tag\/rouen-flaubert\" target=\"_blank\" rel=\"noopener\">du quartier Flaubert<\/a> situ\u00e9es le long de l\u2019avenue Jean-Rondeaux, font face depuis plusieurs semaines \u00e0 une situation bien d\u00e9sagr\u00e9able\u2009:<strong> les logements sont infest\u00e9s par des petits insectes<\/strong>, certains \u00e9voquent des <strong>mille-pattes<\/strong>, d\u2019autres des <strong>chenilles<\/strong> ou des <strong>scolopendres<\/strong>. \u00ab\u2009\u00c7a fait depuis avril-mai\u00a02025 qu\u2019ils ont envahi les lotissements. Il y a au moins trois b\u00e2timents infest\u00e9s. Il y en a \u00e0 l\u2019int\u00e9rieur, dans les logements, dans les parties communes, dans le parking souterrain. Partout. Tout est infest\u00e9 d\u2019insectes\u2009\u00bb, raconte Th\u00e9o, un locataire.<\/p>\n<p>\u00ab\u2009Mon balcon grouille d\u2019insectes\u2009\u00bb<\/p>\n<p class=\" wall-content\">Th\u00e9o r\u00e9side dans un logement situ\u00e9 au 6 square Martha-Graham. Sa \u00ab\u2009chance\u2009\u00bb, c\u2019est qu\u2019il habite au sixi\u00e8me \u00e9tage. \u00ab\u2009Chez moi, je ne suis pas encore trop impact\u00e9. Mais la plupart des balcons sont infest\u00e9s. Les insectes s\u2019incrustent dans le bois\u2009\u00bb, poursuit-il.<\/p>\n<p class=\" wall-content\">Magath, elle aussi locataire, est moins chanceuse. \u00ab\u2009J\u2019habite au premier \u00e9tage, dans la nouvelle venelle Leila-Alaoui, et mon balcon grouille d\u2019insectes\u2009\u00bb, explique-t-elle.<\/p>\n<blockquote class=\"ac-article-quote wall-content\">\n<p>C&rsquo;est d\u00e9gueulasse. Dans les parties communes, il y en a plein qui finissent par mourir. Il y a des cadavres partout et \u00e7a pue. Depuis deux ans qu&rsquo;on a emm\u00e9nag\u00e9, c&rsquo;est le bordel. Le standing, il n&rsquo;est pas l\u00e0. On cherche \u00e0 d\u00e9m\u00e9nager.<\/p>\n<p>    <strong>Magath<\/strong><br \/>\n        locataire    <\/p><\/blockquote>\n<p class=\" wall-content\">\u00ab\u2009Nous avons deux enfants, nous sommes en \u00e9t\u00e9, et nous ne pouvons pas ouvrir les fen\u00eatres, sinon, les insectes rentrent chez nous\u2009\u00bb, poursuit-elle, am\u00e8re.<\/p>\n<p>    <img   decoding=\"async\" loading=\"lazy\" src=\"https:\/\/www.europesays.com\/fr\/wp-content\/uploads\/2025\/07\/insectes-rouen-flaubert-invasion-1-960x640.jpg\" alt=\"Les logements infest\u00e9s du quartier Flaubert sont des logements neufs.\" width=\"960\" height=\"640\"\/><br \/>\n    Les logements infest\u00e9s du quartier Flaubert sont des logements neufs. (\u00a9AF\/76actu)<\/p>\n<p class=\" wall-content\">Th\u00e9o et Magath, qui ont un bailleur diff\u00e9rent, d\u00e9plorent tous les deux un<strong> \u00ab\u2009manque total de communication\u2009\u00bb<\/strong>. Tous les deux ont eu vent d\u2019une intervention d\u2019un professionnel pour \u00e9radiquer les insectes, mais Th\u00e9o l\u2019assure, \u00ab\u2009\u00e7a n\u2019a rien chang\u00e9\u2009\u00bb. \u00ab\u2009Le pire, c\u2019est que l\u2019on ne sait pas ce qu\u2019il se passe. On n\u2019a aucune information\u2009\u00bb, appuie Magath.<\/p>\n<p>La situation n\u2019\u00e9volue pas<\/p>\n<p class=\" wall-content\">Ce sentiment d\u2019abandon est partag\u00e9 par Pia, une autre locataire, dont le logement est \u00e9galement infest\u00e9 par les insectes. \u00ab\u2009<strong>On n\u2019a aucune information<\/strong>, il n\u2019y a pas d\u2019affichage dans les parties communes\u2009\u00bb, d\u00e9taille-t-elle.<\/p>\n<blockquote class=\"ac-article-quote wall-content\">\n<p>C&rsquo;est sans fin. Chaque matin, je perds 30 minutes \u00e0 les enlever de mon balcon. Et quand il pleut, il y en a encore plus. C&rsquo;est infernal.<\/p>\n<p>    <strong>Pia<\/strong><br \/>\n        locataire    <\/p><\/blockquote>\n<p class=\" wall-content\">Comme Magath, Pia n\u2019arrive plus \u00e0 profiter de son balcon depuis l\u2019arriv\u00e9e des insectes.<\/p>\n<p class=\" wall-content\">Dans un groupe WhatsApp, les locataires ont d\u00e9cid\u00e9 de partager les d\u00e9sagr\u00e9ments caus\u00e9s par les insectes, photos \u00e0 l\u2019appui, pour faire remonter le probl\u00e8me. Mais la situation reste inchang\u00e9e.<\/p>\n<p class=\" wall-content\">\n    <img   decoding=\"async\" loading=\"lazy\" src=\"https:\/\/www.europesays.com\/fr\/wp-content\/uploads\/2025\/07\/insectes-rouen-flaubert-invasion-3-1-960x640.jpg\" alt=\"Pia, montrant les insectes morts au pied de l'immeuble.\" width=\"960\" height=\"640\"\/><br \/>\n    Pia, montrant les insectes morts au pied de l\u2019immeuble. (\u00a9AF\/76actu)<br \/>\n    <img   decoding=\"async\" loading=\"lazy\" src=\"https:\/\/www.europesays.com\/fr\/wp-content\/uploads\/2025\/07\/insectes-rouen-flaubert-invasion-2-960x640.jpg\" alt=\"Certains voisins utilisent du caf\u00e9 pour \u00e9loigner les insectes.\" width=\"960\" height=\"640\"\/><br \/>\n    Certains voisins utilisent du caf\u00e9 pour \u00e9loigner les insectes. (\u00a9AF\/76actu)<br \/>\n    <img   decoding=\"async\" loading=\"lazy\" src=\"https:\/\/www.europesays.com\/fr\/wp-content\/uploads\/2025\/07\/insectes-quartier-flaubert-rouen-960x640.jpg\" alt=\"Les parties communes envahis d'insectes.\" width=\"960\" height=\"640\"\/><br \/>\n    Les parties communes envahies. (\u00a9Photos transmises \u00e0 76actu.)<\/p>\n<p>Des traitements en cours<\/p>\n<p class=\" wall-content\">Interrog\u00e9 par 76actu, CDC Habitat, le bailleur de Th\u00e9o et Pia, \u00ab\u2009comprend parfaitement la g\u00eane exprim\u00e9e par certains r\u00e9sidents face \u00e0 la pr\u00e9sence d\u2019insectes de type scolopendres dans les abords de la r\u00e9sidence\u2009\u00bb. La situation est connue depuis juin par le bailleur.<\/p>\n<blockquote class=\"ac-article-quote wall-content\">\n<p>D\u00e8s la premi\u00e8re alerte re\u00e7ue le 22 juin, nous avons r\u00e9agi en passant commande aupr\u00e8s de notre prestataire sp\u00e9cialis\u00e9 le 23 juin, afin qu&rsquo;il intervienne rapidement. Une premi\u00e8re intervention a eu lieu le 26 juin, \u00e0 l\u2019issue de laquelle il nous a confirm\u00e9 qu\u2019il ne s\u2019agissait pas d\u2019une infestation, mais d\u2019une \u00e9mergence ponctuelle d\u2019insectes inoffensifs.<\/p>\n<p>    <strong>CDC Habitat<\/strong>\n            <\/p><\/blockquote>\n<p class=\" wall-content\">Foncia, le bailleur de Magath, r\u00e9pond de son c\u00f4t\u00e9 que \u00ab\u2009certains locataires ont alert\u00e9 de la pr\u00e9sence importante depuis juillet de nuisibles dans les espaces ext\u00e9rieurs. En tant que gestionnaire locatif, Foncia s\u2019est imm\u00e9diatement rapproch\u00e9 du syndic Sergic afin de d\u00e9terminer l\u2019origine de l\u2019infestation \u2013 probablement li\u00e9e aux fortes chaleurs r\u00e9centes \u2013 et mandater un prestataire pour un traitement adapt\u00e9\u2009\u00bb.<\/p>\n<blockquote class=\"ac-article-quote wall-content\">\n<p>L\u2019entreprise mandat\u00e9e a constat\u00e9 qu\u2019il s\u2019agissait de mille-pattes, dont la source provient probablement des grilles du parking sous-sol, ces insectes cherchant l\u2019obscurit\u00e9 et l\u2019humidit\u00e9.<\/p>\n<p>    <strong>Foncia<\/strong>\n            <\/p><\/blockquote>\n<p class=\" wall-content\">Par ailleurs, CDC Habitat assure avoir sollicit\u00e9 le 2\u00a0juillet 2025 le syndic de copropri\u00e9t\u00e9 \u00ab\u2009afin qu\u2019un traitement compl\u00e9mentaire soit mis en \u0153uvre\u2009\u00bb. Une premi\u00e8re intervention devait avoir lieu le 3\u00a0juillet, mais celle-ci a d\u00fb \u00eatre report\u00e9e \u00ab\u2009en raison de conditions m\u00e9t\u00e9orologiques d\u00e9favorables, qui rendaient le traitement inefficace\u2009\u00bb. Cette intervention a \u00e9t\u00e9 reprogramm\u00e9e le 18\u00a0juillet.<\/p>\n<p class=\" wall-content\">De son c\u00f4t\u00e9, Foncia note que l\u2019intervention du 18\u00a0juillet devait concerner le parking, les SAS ainsi que l\u2019ext\u00e9rieur. \u00ab\u2009Il est important de pr\u00e9ciser que ce traitement ne pourra \u00eatre efficace en cas de pluie, car les conditions m\u00e9t\u00e9orologiques rendraient l\u2019intervention inefficace\u2009\u00bb, note le gestionnaire locatif. Reste \u00e0 savoir si une seule op\u00e9ration suffira \u00e0 s\u2019occuper du probl\u00e8me.<\/p>\n<p>Suivez l\u2019actualit\u00e9 de Rouen sur <a href=\"https:\/\/www.whatsapp.com\/channel\/0029VaKfnf99hXF2ddApFB1D\" target=\"_blank\" rel=\"noopener\">notre cha\u00eene WhatsApp<\/a> et sur <a href=\"https:\/\/www.tiktok.com\/@76actu.fr?lang=fr\" target=\"_blank\" rel=\"noopener\">notre compte TikTok<\/a><\/p>\n<p class=\" wall-content\">Suivez toute l\u2019actualit\u00e9 de vos villes et m\u00e9dias favoris en vous inscrivant \u00e0 <a href=\"https:\/\/moncompte.actu.fr\" title=\"D\u00e9couvez Mon Actu\" rel=\"nofollow noopener\" data-trk=\"{&quot;cta&quot;:{&quot;action&quot;:&quot;https:\\\/\\\/moncompte.actu.fr&quot;,&quot;category&quot;:&quot;mon compte&quot;,&quot;from&quot;:&quot;article footer&quot;,&quot;name&quot;:&quot;Mon actu&quot;,&quot;type&quot;:&quot;cta&quot;}}\" target=\"_blank\">Mon Actu<\/a>.<\/p>\n<p>                    <script async src=\"\/\/www.tiktok.com\/embed.js\"><\/script><\/p>\n","protected":false},"excerpt":{"rendered":"Par Adrien Filoche Publi\u00e9 le 22 juil. 2025 \u00e0 8h10 Ils pensaient profiter du confort d\u2019un logement neuf,&hellip;\n","protected":false},"author":2,"featured_media":265061,"comment_status":"","ping_status":"","sticky":false,"template":"","format":"standard","meta":{"footnotes":""},"categories":[9587],"tags":[1111,11,1777,674,1011,27,1908,12,5161,25,9590,40462,104],"class_list":{"0":"post-265060","1":"post","2":"type-post","3":"status-publish","4":"format-standard","5":"has-post-thumbnail","7":"category-rouen","8":"tag-actu","9":"tag-actualites","10":"tag-eu","11":"tag-europe","12":"tag-fr","13":"tag-france","14":"tag-logement","15":"tag-news","16":"tag-normandie","17":"tag-republique-francaise","18":"tag-rouen","19":"tag-rouen-flaubert","20":"tag-societe"},"share_on_mastodon":{"url":"https:\/\/pubeurope.com\/@fr\/114895655239897359","error":""},"_links":{"self":[{"href":"https:\/\/www.europesays.com\/fr\/wp-json\/wp\/v2\/posts\/265060","targetHints":{"allow":["GET"]}}],"collection":[{"href":"https:\/\/www.europesays.com\/fr\/wp-json\/wp\/v2\/posts"}],"about":[{"href":"https:\/\/www.europesays.com\/fr\/wp-json\/wp\/v2\/types\/post"}],"author":[{"embeddable":true,"href":"https:\/\/www.europesays.com\/fr\/wp-json\/wp\/v2\/users\/2"}],"replies":[{"embeddable":true,"href":"https:\/\/www.europesays.com\/fr\/wp-json\/wp\/v2\/comments?post=265060"}],"version-history":[{"count":0,"href":"https:\/\/www.europesays.com\/fr\/wp-json\/wp\/v2\/posts\/265060\/revisions"}],"wp:featuredmedia":[{"embeddable":true,"href":"https:\/\/www.europesays.com\/fr\/wp-json\/wp\/v2\/media\/265061"}],"wp:attachment":[{"href":"https:\/\/www.europesays.com\/fr\/wp-json\/wp\/v2\/media?parent=265060"}],"wp:term":[{"taxonomy":"category","embeddable":true,"href":"https:\/\/www.europesays.com\/fr\/wp-json\/wp\/v2\/categories?post=265060"},{"taxonomy":"post_tag","embeddable":true,"href":"https:\/\/www.europesays.com\/fr\/wp-json\/wp\/v2\/tags?post=265060"}],"curies":[{"name":"wp","href":"https:\/\/api.w.org\/{rel}","templated":true}]}}