{"id":265062,"date":"2025-07-22T07:15:09","date_gmt":"2025-07-22T07:15:09","guid":{"rendered":"https:\/\/www.europesays.com\/fr\/265062\/"},"modified":"2025-07-22T07:15:09","modified_gmt":"2025-07-22T07:15:09","slug":"quel-impact-sur-la-circulation","status":"publish","type":"post","link":"https:\/\/www.europesays.com\/fr\/265062\/","title":{"rendered":"quel impact sur la circulation\u00a0?"},"content":{"rendered":"<p>            Par<br \/>\n        <strong><br \/>\n            <a href=\"https:\/\/actu.fr\/auteur\/adrien-filoche\" title=\"Consulter tous les articles de Adrien Filoche\" target=\"_blank\" rel=\"noopener\">Adrien Filoche<\/a><br \/>\n        <\/strong><\/p>\n<p>        Publi\u00e9 le<\/p>\n<p>            22 juil. 2025 \u00e0 9h08        <\/p>\n<p><strong>\u00c0 quand la r\u00e9ouverture totale du pont\u2009Guillaume-le-Conqu\u00e9rant \u00e0 Rouen\u2009?<\/strong> Le 24\u00a0d\u00e9cembre 2023, <a href=\"https:\/\/actu.fr\/normandie\/rouen_76540\/rouen-le-pont-guillaume-le-conquerant-est-ferme-apres-un-accident-rare-et-impressionnant_60495213.html\" target=\"_blank\" rel=\"noopener\">la grue d\u2019une p\u00e9niche s\u2019\u00e9tait encastr\u00e9e dans l\u2019\u00e9difice.<\/a> Aujourd\u2019hui, la circulation n\u2019est toujours pas totalement r\u00e9tablie.<strong> Les travaux de r\u00e9habilitation vont d\u00e9buter<\/strong> le 28 juillet 2025, a annonc\u00e9 la M\u00e9tropole de Rouen par voie de communiqu\u00e9. Ils viennent s\u2019ajouter <a href=\"https:\/\/actu.fr\/normandie\/rouen_76540\/carte-secteurs-a-eviter-chantiers-ou-sont-les-travaux-a-rouen-cet-ete_62916901.html\" target=\"_blank\" rel=\"noopener\">aux chantiers d\u00e9j\u00e0 en cours en ville<\/a>.<\/p>\n<p>Quel impact pour la circulation\u2009?<\/p>\n<p class=\" wall-content\">Depuis l\u2019incident, les travaux de r\u00e9habilitation n\u2019avaient pas encore commenc\u00e9. \u00ab\u2009Depuis l\u2019accident, le M\u00e9tropole a d\u00fb \u00e9tablir l\u2019\u00e9tat des lieux des probl\u00e8mes engendr\u00e9s [\u2026] pour v\u00e9rifier qu\u2019il n\u2019y avait pas d\u2019\u00e9volution des d\u00e9formations\u2009\u00bb, expliquait la M\u00e9tropole fin 2024.<\/p>\n<p class=\" wall-content\">Devant d\u00e9buter le 28\u00a0juillet prochain, le chantier de r\u00e9habilitation du pont doit ensuite se terminer \u00e0 la fin du mois de novembre. Celui-ci <strong>n\u2019impactera pas la circulation automobile en journ\u00e9e.<\/strong><\/p>\n<blockquote class=\"ac-article-quote wall-content\">\n<p>Le pont sera ferm\u00e9\u00a0durant 10 nuits les mois de septembre et octobre afin de r\u00e9aliser des op\u00e9rations de soudure qui n\u00e9cessiteront l\u2019absence de vibrations sur l\u2019ouvrage et donc une circulation totalement coup\u00e9e.<\/p>\n<p>    <strong>M\u00e9tropole de Rouen<\/strong>\n            <\/p><\/blockquote>\n<p class=\" wall-content\">\u00ab\u2009Les dates de fermeture seront d\u00e9finies selon l\u2019avanc\u00e9e des travaux, pr\u00e9cise la M\u00e9tropole. Pendant toute la dur\u00e9e des travaux, la circulation pi\u00e9tonne sera report\u00e9e sur le trottoir aval (c\u00f4t\u00e9 pont Flaubert). Les v\u00e9los ainsi que les PMR seront redirig\u00e9s vers le pont Jeanne =-d\u2019Arc.\u2009\u00bb<\/p>\n<p>Vid\u00e9os : en ce moment sur Actu<\/p>\n<p class=\" wall-content\">Pr\u00e8s d\u20191 million d\u2019euros ont \u00e9t\u00e9 n\u00e9cessaires afin de r\u00e9aliser la s\u00e9curisation, les \u00e9tudes et les travaux de r\u00e9habilitation du pont.<\/p>\n<p>Suivez l\u2019actualit\u00e9 de Rouen sur <a href=\"https:\/\/www.whatsapp.com\/channel\/0029VaKfnf99hXF2ddApFB1D\" target=\"_blank\" rel=\"noopener\">notre cha\u00eene WhatsApp<\/a> et sur <a href=\"https:\/\/www.tiktok.com\/@76actu.fr?lang=fr\" target=\"_blank\" rel=\"noopener\">notre compte TikTok<\/a><\/p>\n<p class=\" wall-content\">Suivez toute l\u2019actualit\u00e9 de vos villes et m\u00e9dias favoris en vous inscrivant \u00e0 <a href=\"https:\/\/moncompte.actu.fr\" title=\"D\u00e9couvez Mon Actu\" rel=\"nofollow noopener\" data-trk=\"{&quot;cta&quot;:{&quot;action&quot;:&quot;https:\\\/\\\/moncompte.actu.fr&quot;,&quot;category&quot;:&quot;mon compte&quot;,&quot;from&quot;:&quot;article footer&quot;,&quot;name&quot;:&quot;Mon actu&quot;,&quot;type&quot;:&quot;cta&quot;}}\" target=\"_blank\">Mon Actu<\/a>.<\/p>\n<p>                    <script async src=\"\/\/www.tiktok.com\/embed.js\"><\/script><\/p>\n","protected":false},"excerpt":{"rendered":"Par Adrien Filoche Publi\u00e9 le 22 juil. 2025 \u00e0 9h08 \u00c0 quand la r\u00e9ouverture totale du pont\u2009Guillaume-le-Conqu\u00e9rant \u00e0&hellip;\n","protected":false},"author":2,"featured_media":265063,"comment_status":"","ping_status":"","sticky":false,"template":"","format":"standard","meta":{"footnotes":""},"categories":[9587],"tags":[1111,11,1777,674,1011,27,803,9725,12,5161,25,9590,104,2086],"class_list":{"0":"post-265062","1":"post","2":"type-post","3":"status-publish","4":"format-standard","5":"has-post-thumbnail","7":"category-rouen","8":"tag-actu","9":"tag-actualites","10":"tag-eu","11":"tag-europe","12":"tag-fr","13":"tag-france","14":"tag-info-trafic","15":"tag-metropole-rouen","16":"tag-news","17":"tag-normandie","18":"tag-republique-francaise","19":"tag-rouen","20":"tag-societe","21":"tag-travaux"},"share_on_mastodon":{"url":"https:\/\/pubeurope.com\/@fr\/114895658842480768","error":""},"_links":{"self":[{"href":"https:\/\/www.europesays.com\/fr\/wp-json\/wp\/v2\/posts\/265062","targetHints":{"allow":["GET"]}}],"collection":[{"href":"https:\/\/www.europesays.com\/fr\/wp-json\/wp\/v2\/posts"}],"about":[{"href":"https:\/\/www.europesays.com\/fr\/wp-json\/wp\/v2\/types\/post"}],"author":[{"embeddable":true,"href":"https:\/\/www.europesays.com\/fr\/wp-json\/wp\/v2\/users\/2"}],"replies":[{"embeddable":true,"href":"https:\/\/www.europesays.com\/fr\/wp-json\/wp\/v2\/comments?post=265062"}],"version-history":[{"count":0,"href":"https:\/\/www.europesays.com\/fr\/wp-json\/wp\/v2\/posts\/265062\/revisions"}],"wp:featuredmedia":[{"embeddable":true,"href":"https:\/\/www.europesays.com\/fr\/wp-json\/wp\/v2\/media\/265063"}],"wp:attachment":[{"href":"https:\/\/www.europesays.com\/fr\/wp-json\/wp\/v2\/media?parent=265062"}],"wp:term":[{"taxonomy":"category","embeddable":true,"href":"https:\/\/www.europesays.com\/fr\/wp-json\/wp\/v2\/categories?post=265062"},{"taxonomy":"post_tag","embeddable":true,"href":"https:\/\/www.europesays.com\/fr\/wp-json\/wp\/v2\/tags?post=265062"}],"curies":[{"name":"wp","href":"https:\/\/api.w.org\/{rel}","templated":true}]}}