{"id":265064,"date":"2025-07-22T07:17:08","date_gmt":"2025-07-22T07:17:08","guid":{"rendered":"https:\/\/www.europesays.com\/fr\/265064\/"},"modified":"2025-07-22T07:17:08","modified_gmt":"2025-07-22T07:17:08","slug":"une-jeune-femme-de-20-ans-tuee","status":"publish","type":"post","link":"https:\/\/www.europesays.com\/fr\/265064\/","title":{"rendered":"une jeune femme de 20 ans tu\u00e9e"},"content":{"rendered":"<p>            Par<br \/>\n        <strong><br \/>\n            <a href=\"https:\/\/actu.fr\/auteur\/lisa-rodrigues\" title=\"Consulter tous les articles de Lisa Rodrigues\" rel=\"nofollow noopener\" target=\"_blank\">Lisa Rodrigues<\/a><br \/>\n        <\/strong><\/p>\n<p>        Publi\u00e9 le<\/p>\n<p>            22 juil. 2025 \u00e0 8h59        <\/p>\n<p>Il \u00e9tait environ 23h30 quand les pompiers de l\u2019<a href=\"https:\/\/actu.fr\/auvergne-rhone-alpes\/isere_38\" rel=\"nofollow noopener\" target=\"_blank\">Is\u00e8re<\/a> ont \u00e9t\u00e9 appel\u00e9s sur un <strong>grave accident de la circulation<\/strong> en entr\u00e9e d\u2019agglom\u00e9ration grenobloise, lundi 21 juillet.<\/p>\n<p>    <a href=\"https:\/\/www.google.com\/maps\/embed?pb=!1m18!1m12!1m3!1d26732.56433516327!2d5.654356657477332!3d45.22929336011432!2m3!1f0!2f0!3f0!3m2!1i1024!2i768!4f13.1!3m3!1m2!1s0x478af3d663a1480d%3A0x408ab2ae4be6c60!2zMzgxMjAgU2FpbnQtw4lncsOodmU!5e0!3m2!1sfr!2sfr!4v1753166542688!5m2!1sfr!2sfr\" title=\"Ouvrie le lien\" rel=\"nofollow noopener\" target=\"_blank\">Cliquez ici pour visualiser le contenu<\/a><\/p>\n<p class=\" wall-content\">Dans le sens Lyon-<a href=\"https:\/\/actu.fr\/auvergne-rhone-alpes\/grenoble_38185\" rel=\"nofollow noopener\" target=\"_blank\">Grenoble<\/a>, au niveau de Saint-\u00c9gr\u00e8ve, une premi\u00e8re voiture est accident\u00e9e sur la voie de circulation. \u00c0 son bord, une <strong>femme de 20 ans<\/strong>.<\/p>\n<p class=\" wall-content\">Pour une raison encore inconnue, <strong>deux suraccidents<\/strong> se sont produits peu de temps apr\u00e8s, avec un deuxi\u00e8me v\u00e9hicule qui a percut\u00e9 le premier, suivi d\u2019une troisi\u00e8me voiture qui a embouti la deuxi\u00e8me.<\/p>\n<p>D\u00e9c\u00e9d\u00e9e sur place<\/p>\n<p class=\" wall-content\">Sur place, les sapeurs-pompiers ne peuvent que <strong>constater le d\u00e9c\u00e8s<\/strong> de la jeune conductrice du premier v\u00e9hicule.<\/p>\n<p>Vid\u00e9os : en ce moment sur Actu<\/p>\n<p class=\" wall-content\">Les conducteurs des deux autres voitures \u2013 une femme de 60 ans et un homme de 37 ans \u2013 n\u2019ont \u00e9t\u00e9 que l\u00e9g\u00e8rement bless\u00e9s et ont \u00e9t\u00e9 transport\u00e9s au <a href=\"https:\/\/actu.fr\/tag\/chu-grenoble-alpes\" rel=\"nofollow noopener\" target=\"_blank\">CHU Grenoble-Alpes<\/a>.<\/p>\n<p class=\" wall-content\">Une partie de l\u2019A48 a d\u00fb \u00eatre <strong>ferm\u00e9e dans la nuit<\/strong> pour proc\u00e9der \u00e0 l\u2019intervention de secours et \u00e9vacuer les voitures accident\u00e9es. Une d\u00e9viation a \u00e9t\u00e9 mise en place vers Saint-\u00c9gr\u00e8ve.<\/p>\n<p class=\" wall-content\">Suivez toute l\u2019actualit\u00e9 de vos villes et m\u00e9dias favoris en vous inscrivant \u00e0 <a href=\"https:\/\/moncompte.actu.fr\" title=\"D\u00e9couvez Mon Actu\" rel=\"nofollow noopener\" data-trk=\"{&quot;cta&quot;:{&quot;action&quot;:&quot;https:\\\/\\\/moncompte.actu.fr&quot;,&quot;category&quot;:&quot;mon compte&quot;,&quot;from&quot;:&quot;article footer&quot;,&quot;name&quot;:&quot;Mon actu&quot;,&quot;type&quot;:&quot;cta&quot;}}\" target=\"_blank\">Mon Actu<\/a>.<\/p>\n","protected":false},"excerpt":{"rendered":"Par Lisa Rodrigues Publi\u00e9 le 22 juil. 2025 \u00e0 8h59 Il \u00e9tait environ 23h30 quand les pompiers de&hellip;\n","protected":false},"author":2,"featured_media":265065,"comment_status":"","ping_status":"","sticky":false,"template":"","format":"standard","meta":{"footnotes":""},"categories":[9566],"tags":[119,1111,11,2430,3542,1777,674,118,1011,27,2731,12,1311,25],"class_list":{"0":"post-265064","1":"post","2":"type-post","3":"status-publish","4":"format-standard","5":"has-post-thumbnail","7":"category-grenoble","8":"tag-accident","9":"tag-actu","10":"tag-actualites","11":"tag-auvergne-rhone-alpes","12":"tag-circulation","13":"tag-eu","14":"tag-europe","15":"tag-faits-divers","16":"tag-fr","17":"tag-france","18":"tag-grenoble","19":"tag-news","20":"tag-pompiers","21":"tag-republique-francaise"},"share_on_mastodon":{"url":"https:\/\/pubeurope.com\/@fr\/114895666706188990","error":""},"_links":{"self":[{"href":"https:\/\/www.europesays.com\/fr\/wp-json\/wp\/v2\/posts\/265064","targetHints":{"allow":["GET"]}}],"collection":[{"href":"https:\/\/www.europesays.com\/fr\/wp-json\/wp\/v2\/posts"}],"about":[{"href":"https:\/\/www.europesays.com\/fr\/wp-json\/wp\/v2\/types\/post"}],"author":[{"embeddable":true,"href":"https:\/\/www.europesays.com\/fr\/wp-json\/wp\/v2\/users\/2"}],"replies":[{"embeddable":true,"href":"https:\/\/www.europesays.com\/fr\/wp-json\/wp\/v2\/comments?post=265064"}],"version-history":[{"count":0,"href":"https:\/\/www.europesays.com\/fr\/wp-json\/wp\/v2\/posts\/265064\/revisions"}],"wp:featuredmedia":[{"embeddable":true,"href":"https:\/\/www.europesays.com\/fr\/wp-json\/wp\/v2\/media\/265065"}],"wp:attachment":[{"href":"https:\/\/www.europesays.com\/fr\/wp-json\/wp\/v2\/media?parent=265064"}],"wp:term":[{"taxonomy":"category","embeddable":true,"href":"https:\/\/www.europesays.com\/fr\/wp-json\/wp\/v2\/categories?post=265064"},{"taxonomy":"post_tag","embeddable":true,"href":"https:\/\/www.europesays.com\/fr\/wp-json\/wp\/v2\/tags?post=265064"}],"curies":[{"name":"wp","href":"https:\/\/api.w.org\/{rel}","templated":true}]}}