{"id":265066,"date":"2025-07-22T07:19:36","date_gmt":"2025-07-22T07:19:36","guid":{"rendered":"https:\/\/www.europesays.com\/fr\/265066\/"},"modified":"2025-07-22T07:19:36","modified_gmt":"2025-07-22T07:19:36","slug":"une-grand-mere-est-morte-ses-petits-enfants-blesses","status":"publish","type":"post","link":"https:\/\/www.europesays.com\/fr\/265066\/","title":{"rendered":"une grand-m\u00e8re est morte, ses petits-enfants bless\u00e9s"},"content":{"rendered":"<p>            Par<br \/>\n        <strong><br \/>\n            <a href=\"https:\/\/actu.fr\/auteur\/audrey-desnos04-actu-fr\" title=\"Consulter tous les articles de Audrey Desnos\" rel=\"nofollow noopener\" target=\"_blank\">Audrey Desnos<\/a><br \/>\n        <\/strong><\/p>\n<p>        Publi\u00e9 le<\/p>\n<p>            21 juil. 2025 \u00e0 9h25        <\/p>\n<p>La journ\u00e9e du <b>dimanche 20\u00a0juillet 2025<\/b> s\u2019est tragiquement achev\u00e9e pour cette famille qui circulait sur la RN137 \u00e0 hauteur de <b>Pl\u00e9ch\u00e2tel <\/b>(Ille-et-Vilaine). Alors qu\u2019elle \u00e9tait en voiture avec ses petits-enfants, une<b> femme de 73\u00a0ans est d\u00e9c\u00e9d\u00e9e <\/b>dans un accident de voiture.<\/p>\n<p>Accident en Ille-et-Vilaine\u2009: une grand-m\u00e8re est morte, ses petits-enfants bless\u00e9s<\/p>\n<p class=\" wall-content\">Les faits se sont produits vers 16\u2009h\u200940 sur la RN137, impliquant un seul v\u00e9hicule. Une grand-m\u00e8re de 73\u00a0ans roulait en compagnie de ses <b>trois petits-enfants \u00e2g\u00e9s de 6 \u00e0 11\u00a0ans<\/b>.<\/p>\n<p class=\" wall-content\">Pour une raison encore ind\u00e9termin\u00e9e, la conductrice a <b>perdu le contr\u00f4le de son v\u00e9hicule<\/b>. \u00ab\u2009La voiture a d\u2019abord \u00e9t\u00e9 dans le foss\u00e9, puis a percut\u00e9 la buse en b\u00e9ton. Le v\u00e9hicule a ensuite fait <b>plusieurs tonneaux<\/b>, avant de se remettre sur la route et de percuter finalement la glissi\u00e8re de s\u00e9curit\u00e9\u2009\u00bb, pr\u00e9cise la compagnie de gendarmerie de Redon.<\/p>\n<p class=\" wall-content\">\u00c0 savoir que la vitesse sur cette route est de 110\u00a0km\/h, le choc a \u00e9t\u00e9 d\u2019une grande violence, <b>\u00ab\u2009d\u00e9formant tout le c\u00f4t\u00e9 gauche <\/b>du v\u00e9hicule et le toit du conducteur\u2009\u00bb.<\/p>\n<p>Vid\u00e9os : en ce moment sur ActuTrois enfants bless\u00e9s<\/p>\n<p class=\" wall-content\">Malgr\u00e9 une <b>tentative de r\u00e9animation<\/b> des \u00e9quipes du Samu pr\u00e9sentes sur les lieux de l\u2019accident, la femme \u00e2g\u00e9e de 73\u00a0ans est d\u00e9c\u00e9d\u00e9e sur place.<\/p>\n<p class=\" wall-content\">La petite fille \u00e2g\u00e9e de 8\u00a0ans a \u00e9t\u00e9 transport\u00e9e \u00e0 l\u2019h\u00f4pital sud de Rennes <b>\u00ab\u2009dans un \u00e9tat assez pr\u00e9occupant\u2009\u00bb<\/b>, d\u2019apr\u00e8s la compagnie de gendarmerie de Redon.<\/p>\n<p class=\" wall-content\">Concernant les deux gar\u00e7ons de 6 et 11\u00a0ans,<b> bless\u00e9s l\u00e9gers,<\/b> ils ont aussi \u00e9t\u00e9 transport\u00e9s \u00e0 l\u2019h\u00f4pital sud de Rennes.<\/p>\n<p class=\" wall-content\">Suivez toute l\u2019actualit\u00e9 de vos villes et m\u00e9dias favoris en vous inscrivant \u00e0 <a href=\"https:\/\/moncompte.actu.fr\" title=\"D\u00e9couvez Mon Actu\" rel=\"nofollow noopener\" data-trk=\"{&quot;cta&quot;:{&quot;action&quot;:&quot;https:\\\/\\\/moncompte.actu.fr&quot;,&quot;category&quot;:&quot;mon compte&quot;,&quot;from&quot;:&quot;article footer&quot;,&quot;name&quot;:&quot;Mon actu&quot;,&quot;type&quot;:&quot;cta&quot;}}\" target=\"_blank\">Mon Actu<\/a>.<\/p>\n","protected":false},"excerpt":{"rendered":"Par Audrey Desnos Publi\u00e9 le 21 juil. 2025 \u00e0 9h25 La journ\u00e9e du dimanche 20\u00a0juillet 2025 s\u2019est tragiquement&hellip;\n","protected":false},"author":2,"featured_media":265067,"comment_status":"","ping_status":"","sticky":false,"template":"","format":"standard","meta":{"footnotes":""},"categories":[2821],"tags":[119,1111,11,829,1777,674,118,1011,27,12,1311,584,25],"class_list":{"0":"post-265066","1":"post","2":"type-post","3":"status-publish","4":"format-standard","5":"has-post-thumbnail","7":"category-rennes","8":"tag-accident","9":"tag-actu","10":"tag-actualites","11":"tag-bretagne","12":"tag-eu","13":"tag-europe","14":"tag-faits-divers","15":"tag-fr","16":"tag-france","17":"tag-news","18":"tag-pompiers","19":"tag-rennes","20":"tag-republique-francaise"},"share_on_mastodon":{"url":"https:\/\/pubeurope.com\/@fr\/114895675021908946","error":""},"_links":{"self":[{"href":"https:\/\/www.europesays.com\/fr\/wp-json\/wp\/v2\/posts\/265066","targetHints":{"allow":["GET"]}}],"collection":[{"href":"https:\/\/www.europesays.com\/fr\/wp-json\/wp\/v2\/posts"}],"about":[{"href":"https:\/\/www.europesays.com\/fr\/wp-json\/wp\/v2\/types\/post"}],"author":[{"embeddable":true,"href":"https:\/\/www.europesays.com\/fr\/wp-json\/wp\/v2\/users\/2"}],"replies":[{"embeddable":true,"href":"https:\/\/www.europesays.com\/fr\/wp-json\/wp\/v2\/comments?post=265066"}],"version-history":[{"count":0,"href":"https:\/\/www.europesays.com\/fr\/wp-json\/wp\/v2\/posts\/265066\/revisions"}],"wp:featuredmedia":[{"embeddable":true,"href":"https:\/\/www.europesays.com\/fr\/wp-json\/wp\/v2\/media\/265067"}],"wp:attachment":[{"href":"https:\/\/www.europesays.com\/fr\/wp-json\/wp\/v2\/media?parent=265066"}],"wp:term":[{"taxonomy":"category","embeddable":true,"href":"https:\/\/www.europesays.com\/fr\/wp-json\/wp\/v2\/categories?post=265066"},{"taxonomy":"post_tag","embeddable":true,"href":"https:\/\/www.europesays.com\/fr\/wp-json\/wp\/v2\/tags?post=265066"}],"curies":[{"name":"wp","href":"https:\/\/api.w.org\/{rel}","templated":true}]}}