{"id":265070,"date":"2025-07-22T07:22:15","date_gmt":"2025-07-22T07:22:15","guid":{"rendered":"https:\/\/www.europesays.com\/fr\/265070\/"},"modified":"2025-07-22T07:22:15","modified_gmt":"2025-07-22T07:22:15","slug":"strasbourg-linsp-ex-ena-troque-sa-facade-vegetale-contre-des-plantes-grimpantes","status":"publish","type":"post","link":"https:\/\/www.europesays.com\/fr\/265070\/","title":{"rendered":"Strasbourg. L\u2019INSP (ex-ENA) troque sa fa\u00e7ade v\u00e9g\u00e9tale contre des plantes grimpantes"},"content":{"rendered":"<p>La fa\u00e7ade v\u00e9g\u00e9talis\u00e9e de l\u2019ENA, puis de l\u2019Institut national du service public (INSP), a connu des saisons verdoyantes entre\u00a02011 et\u00a02020. Dans un substrat retenu par des cassettes m\u00e9talliques accroch\u00e9es \u00e0 la fa\u00e7ade, avaient \u00e9t\u00e9 plant\u00e9s euphorbes, la\u00eeches, foug\u00e8res, ch\u00e8vrefeuilles et autres vivaces composant l\u2019un des premiers jardins verticaux de Strasbourg. L\u2019architecte <a href=\"https:\/\/www.dna.fr\/culture\/2018\/08\/04\/batir-l-avenir\" target=\"_blank\" rel=\"noopener\">Patrick Schweitzer<\/a> entendait cr\u00e9er \u00ab\u00a0un b\u00e2timent vertueux avec une dimension p\u00e9dagogique\u00a0\u00bb pour sensibiliser <a href=\"https:\/\/www.dna.fr\/societe\/2022\/01\/27\/jean-castex-inaugure-l-insp-successeur-de-l-ena\" target=\"_blank\" rel=\"noopener\">les futures \u00e9lites de la nation<\/a> aux probl\u00e9matiques \u00e9cologiques. \u00ab\u00a0C\u2019\u00e9tait le premier b\u00e2timent tertiaire certifi\u00e9 haute qualit\u00e9 environnementale\u00a0\u00bb, souligne-t-il.<\/p>\n<p>Des plantes mortes faute d\u2019eau<\/p>\n<p>Ainsi, l\u2019architecte a \u00ab\u00a0bien failli avoir une attaque\u00a0\u00bb lorsqu\u2019il a d\u00e9couvert, au&#8230;<\/p>\n","protected":false},"excerpt":{"rendered":"La fa\u00e7ade v\u00e9g\u00e9talis\u00e9e de l\u2019ENA, puis de l\u2019Institut national du service public (INSP), a connu des saisons verdoyantes&hellip;\n","protected":false},"author":2,"featured_media":265071,"comment_status":"","ping_status":"","sticky":false,"template":"","format":"standard","meta":{"footnotes":""},"categories":[2820],"tags":[1111,11,2880,436,1777,674,107,1011,27,775,9588,3035,12,5140,25,640,2879],"class_list":{"0":"post-265070","1":"post","2":"type-post","3":"status-publish","4":"format-standard","5":"has-post-thumbnail","7":"category-strasbourg","8":"tag-actu","9":"tag-actualites","10":"tag-edition-strasbourg","11":"tag-environnement","12":"tag-eu","13":"tag-europe","14":"tag-fil-info","15":"tag-fr","16":"tag-france","17":"tag-grand-est","18":"tag-ici-on-agit","19":"tag-la-matinale-strasbourg","20":"tag-news","21":"tag-rechauffement-climatique","22":"tag-republique-francaise","23":"tag-strasbourg","24":"tag-strasbourg-ville"},"share_on_mastodon":{"url":"https:\/\/pubeurope.com\/@fr\/114895686440981916","error":""},"_links":{"self":[{"href":"https:\/\/www.europesays.com\/fr\/wp-json\/wp\/v2\/posts\/265070","targetHints":{"allow":["GET"]}}],"collection":[{"href":"https:\/\/www.europesays.com\/fr\/wp-json\/wp\/v2\/posts"}],"about":[{"href":"https:\/\/www.europesays.com\/fr\/wp-json\/wp\/v2\/types\/post"}],"author":[{"embeddable":true,"href":"https:\/\/www.europesays.com\/fr\/wp-json\/wp\/v2\/users\/2"}],"replies":[{"embeddable":true,"href":"https:\/\/www.europesays.com\/fr\/wp-json\/wp\/v2\/comments?post=265070"}],"version-history":[{"count":0,"href":"https:\/\/www.europesays.com\/fr\/wp-json\/wp\/v2\/posts\/265070\/revisions"}],"wp:featuredmedia":[{"embeddable":true,"href":"https:\/\/www.europesays.com\/fr\/wp-json\/wp\/v2\/media\/265071"}],"wp:attachment":[{"href":"https:\/\/www.europesays.com\/fr\/wp-json\/wp\/v2\/media?parent=265070"}],"wp:term":[{"taxonomy":"category","embeddable":true,"href":"https:\/\/www.europesays.com\/fr\/wp-json\/wp\/v2\/categories?post=265070"},{"taxonomy":"post_tag","embeddable":true,"href":"https:\/\/www.europesays.com\/fr\/wp-json\/wp\/v2\/tags?post=265070"}],"curies":[{"name":"wp","href":"https:\/\/api.w.org\/{rel}","templated":true}]}}