{"id":265072,"date":"2025-07-22T07:23:10","date_gmt":"2025-07-22T07:23:10","guid":{"rendered":"https:\/\/www.europesays.com\/fr\/265072\/"},"modified":"2025-07-22T07:23:10","modified_gmt":"2025-07-22T07:23:10","slug":"elisez-votre-lieu-prefere-de-nice-3-7-massena-jean-medecin-ou-garibaldi-bonaparte","status":"publish","type":"post","link":"https:\/\/www.europesays.com\/fr\/265072\/","title":{"rendered":"Elisez votre lieu pr\u00e9f\u00e9r\u00e9 de Nice (3\/7): Mass\u00e9na\/Jean-M\u00e9decin ou Garibaldi\/Bonaparte?"},"content":{"rendered":"<p>Pour les d\u00e9partager, il faudra voter. Chaque mardi depuis le 8 juillet, huit lieux embl\u00e9matiques de la ville sont propos\u00e9s sous forme de duels. Le mardi 26 ao\u00fbt, il n\u2019en restera qu\u2019un. Ce sera votre lieu pr\u00e9f\u00e9r\u00e9 de Nice.<\/p>\n<p>Apr\u00e8s <a href=\"https:\/\/www.nicematin.com\/vie-locale\/elisez-votre-lieu-prefere-de-nice-17-coulee-verte-ou-promenade-des-anglais-993285\" target=\"_blank\" rel=\"noopener\">le triomphe de la Prom\u2019 face \u00e0 la coul\u00e9e verte<\/a>, le second duel a vu la semaine derni\u00e8re <a href=\"https:\/\/www.nicematin.com\/vie-locale\/elisez-votre-lieu-prefere-de-nice-27-colline-du-chateau-ou-arenes-de-cimiez-994245\" target=\"_blank\" rel=\"noopener\">la victoire de la colline du Ch\u00e2teau face aux ar\u00e8nes de Cimiez<\/a>, avec une confortable avance.<\/p>\n<p>Le troisi\u00e8me duel sera-t-il plus serr\u00e9? Cette semaine, nous vous proposons de choisir entre les secteurs Mass\u00e9na\/Jean-M\u00e9decin et Garibaldi\/Bonaparte. Vous d\u00e9couvrirez le vainqueur mardi prochain, en m\u00eame temps que le quatri\u00e8me duel.<\/p>\n<p>La place Mass\u00e9na et l\u2019avenue Jean-M\u00e9decin<\/p>\n<p>Ses fa\u00e7ades rouges, son sol \u00e0 damier, ses statues perch\u00e9es, sa fontaine du Soleil \u2013 et sa fameuse statue d\u2019Apollon \u2013 en font un des lieux les plus c\u00e9l\u00e8bres de Nice dans le monde.<\/p>\n<p>V\u00e9ritable carrefour entre le Vieux-Nice et la ville moderne, elle est prolong\u00e9e par l\u2019avenue Jean-M\u00e9decin (du nom de l\u2019ancien maire, de 1928 \u00e0 1966), probablement la plus passante de la cit\u00e9.<\/p>\n<p>La place Garibaldi et la rue Bonaparte<\/p>\n<p>Moins min\u00e9rale, plus bucolique. Garibaldi est \u00ab\u00a0l\u2019autre\u00a0\u00bb grande place de la ville, avec ses fa\u00e7ades en trompe-l\u2019\u0153il et ses albizias. L\u2019une des plus anciennes aussi. Plusieurs fois renomm\u00e9e, elle porte depuis 1870 le nom d\u2019un enfant du port, h\u00e9raut de l\u2019Italie et fiert\u00e9 locale.<\/p>\n<p>\u00c0 deux pas, la rue Bonaparte, pi\u00e9tonnis\u00e9e, peinte en bleu et bord\u00e9e de drapeaux arc-en-ciel, est devenue le \u00ab\u00a0petit Marais ni\u00e7ois\u00a0\u00bb. Un lieu de f\u00eate et de rencontres incontournable.<\/p>\n<p>Votez ci-dessous<\/p>\n","protected":false},"excerpt":{"rendered":"Pour les d\u00e9partager, il faudra voter. Chaque mardi depuis le 8 juillet, huit lieux embl\u00e9matiques de la ville&hellip;\n","protected":false},"author":2,"featured_media":265073,"comment_status":"","ping_status":"","sticky":false,"template":"","format":"standard","meta":{"footnotes":""},"categories":[2819],"tags":[1111,11,1777,674,1011,27,12,2401,882,25,3366],"class_list":{"0":"post-265072","1":"post","2":"type-post","3":"status-publish","4":"format-standard","5":"has-post-thumbnail","7":"category-nice","8":"tag-actu","9":"tag-actualites","10":"tag-eu","11":"tag-europe","12":"tag-fr","13":"tag-france","14":"tag-news","15":"tag-nice","16":"tag-provence-alpes-cote-dazur","17":"tag-republique-francaise","18":"tag-vie-locale"},"share_on_mastodon":{"url":"https:\/\/pubeurope.com\/@fr\/114895690416938987","error":""},"_links":{"self":[{"href":"https:\/\/www.europesays.com\/fr\/wp-json\/wp\/v2\/posts\/265072","targetHints":{"allow":["GET"]}}],"collection":[{"href":"https:\/\/www.europesays.com\/fr\/wp-json\/wp\/v2\/posts"}],"about":[{"href":"https:\/\/www.europesays.com\/fr\/wp-json\/wp\/v2\/types\/post"}],"author":[{"embeddable":true,"href":"https:\/\/www.europesays.com\/fr\/wp-json\/wp\/v2\/users\/2"}],"replies":[{"embeddable":true,"href":"https:\/\/www.europesays.com\/fr\/wp-json\/wp\/v2\/comments?post=265072"}],"version-history":[{"count":0,"href":"https:\/\/www.europesays.com\/fr\/wp-json\/wp\/v2\/posts\/265072\/revisions"}],"wp:featuredmedia":[{"embeddable":true,"href":"https:\/\/www.europesays.com\/fr\/wp-json\/wp\/v2\/media\/265073"}],"wp:attachment":[{"href":"https:\/\/www.europesays.com\/fr\/wp-json\/wp\/v2\/media?parent=265072"}],"wp:term":[{"taxonomy":"category","embeddable":true,"href":"https:\/\/www.europesays.com\/fr\/wp-json\/wp\/v2\/categories?post=265072"},{"taxonomy":"post_tag","embeddable":true,"href":"https:\/\/www.europesays.com\/fr\/wp-json\/wp\/v2\/tags?post=265072"}],"curies":[{"name":"wp","href":"https:\/\/api.w.org\/{rel}","templated":true}]}}