{"id":265076,"date":"2025-07-22T07:30:15","date_gmt":"2025-07-22T07:30:15","guid":{"rendered":"https:\/\/www.europesays.com\/fr\/265076\/"},"modified":"2025-07-22T07:30:15","modified_gmt":"2025-07-22T07:30:15","slug":"fc-nantes-mercato-une-nouvelle-recrue-a-signe-imbroglio-sur-son-transfert","status":"publish","type":"post","link":"https:\/\/www.europesays.com\/fr\/265076\/","title":{"rendered":"FC Nantes Mercato\u00a0: une nouvelle recrue a sign\u00e9, imbroglio sur son transfert\u00a0!\u00a0"},"content":{"rendered":"<p><strong>Le FC Nantes frappe un nouveau coup sur le mercato avec l\u2019arriv\u00e9e de Chidozie Awaziem. Mais alors que le d\u00e9fenseur nig\u00e9rian revient renforcer une d\u00e9fense exsangue, un s\u00e9rieux flou entoure d\u00e9j\u00e0 son transfert.<\/strong><\/p>\n<p>Chidozie Awaziem s\u2019est officiellement engag\u00e9 avec le FC Nantes. Selon <a href=\"https:\/\/www.ouest-france.fr\/sport\/football\/fc-nantes\/fc-nantes-lamine-diack-proche-dun-pret-a-sion-chidozie-awaziem-signe-officiellement-f0f1290c-665d-11f0-8d96-1f3c0ceaabc2\" rel=\"nofollow noopener\" target=\"_blank\">Ouest-France<\/a>, il a r\u00e9ussi sa visite m\u00e9dicale, ce lundi matin. Le d\u00e9fenseur central nig\u00e9rian, en provenance des Colorado Rapids (\u00c9tats-Unis), a paraph\u00e9 un contrat de trois saisons. L\u2019indemnit\u00e9 de transfert serait l\u00e9g\u00e8rement inf\u00e9rieure \u00e0 un million d\u2019euros selon le journaliste David Phelippeau.<\/p>\n<p>Mais ce montant est aussit\u00f4t remis en cause. Le journaliste belge Sacha Tavolieri, souvent bien inform\u00e9 sur les coulisses du mercato, affirme au contraire que le transfert avoisinerait les 1,5 million d\u2019euros. Selon lui, le <a href=\"https:\/\/www.butfootballclub.fr\/la-reponse-cash-de-rongier-a-ses-detracteur-au-stade-rennais-et-au-fc-nantes\/\" rel=\"nofollow noopener\" target=\"_blank\">FC Nantes<\/a> s\u2019affairait encore dans les derni\u00e8res heures \u00e0 finaliser les derniers d\u00e9tails de l\u2019op\u00e9ration. Une diff\u00e9rence assez significative, qui entretient un flou autour de la transaction, \u00e0 la fois sur le plan financier et administratif.<\/p>\n<p>Awaziem plus cher que pr\u00e9vu\u00a0?\u00a0<\/p>\n<p>Ce retour d\u2019Awaziem \u00e0 la Beaujoire, six ans apr\u00e8s son premier passage en pr\u00eat (saison 2017-2018), r\u00e9pond \u00e0 une urgence claire : reconstruire une charni\u00e8re centrale d\u00e9cim\u00e9e. Les d\u00e9parts conjoints de Jean-Charles Castelletto, Nicolas Pallois et Sa\u00efdou Sow ont laiss\u00e9 un vide immense au c\u0153ur de la d\u00e9fense nantaise. Avec son exp\u00e9rience, sa puissance et sa bonne connaissance de la Ligue 1, le d\u00e9fenseur de 27 ans coche toutes les cases du renfort fiable.<\/p>\n<p>Form\u00e9 au Nigeria puis pass\u00e9 par Porto, Legan\u00e9s, Alanyaspor ou encore Boavista, Awaziem conna\u00eet bien les joutes europ\u00e9ennes. Son passage aux Colorado Rapids en MLS lui a permis de rester comp\u00e9titif physiquement, m\u00eame s\u2019il y a peu jou\u00e9 r\u00e9cemment.<\/p>\n<p>En attendant de conna\u00eetre le chiffre exact de son transfert, les supporters du<a href=\"https:\/\/www.butfootballclub.fr\/asse-mercato-le-fc-nantes-pret-a-griller-une-solide-piste-de-lasse\/\" rel=\"nofollow noopener\" target=\"_blank\"> FC Nantes<\/a> peuvent tout de m\u00eame se r\u00e9jouir d\u2019un renfort qui semble taill\u00e9 pour stabiliser une arri\u00e8re-garde trop souvent en difficult\u00e9 la saison derni\u00e8re. Un retour qui fait du bruit\u2026 m\u00eame avant son premier tacle.<\/p>\n","protected":false},"excerpt":{"rendered":"Le FC Nantes frappe un nouveau coup sur le mercato avec l\u2019arriv\u00e9e de Chidozie Awaziem. Mais alors que&hellip;\n","protected":false},"author":2,"featured_media":265077,"comment_status":"","ping_status":"","sticky":false,"template":"","format":"standard","meta":{"footnotes":""},"categories":[2818],"tags":[1111,11,448,1777,674,63,1011,27,66,3388,766,12,2636,25,10662],"class_list":{"0":"post-265076","1":"post","2":"type-post","3":"status-publish","4":"format-standard","5":"has-post-thumbnail","7":"category-nantes","8":"tag-actu","9":"tag-actualites","10":"tag-champions-league","11":"tag-eu","12":"tag-europe","13":"tag-football","14":"tag-fr","15":"tag-france","16":"tag-ligue-1","17":"tag-matchs","18":"tag-nantes","19":"tag-news","20":"tag-pays-de-la-loire","21":"tag-republique-francaise","22":"tag-transferts"},"share_on_mastodon":{"url":"https:\/\/pubeurope.com\/@fr\/114895718099549064","error":""},"_links":{"self":[{"href":"https:\/\/www.europesays.com\/fr\/wp-json\/wp\/v2\/posts\/265076","targetHints":{"allow":["GET"]}}],"collection":[{"href":"https:\/\/www.europesays.com\/fr\/wp-json\/wp\/v2\/posts"}],"about":[{"href":"https:\/\/www.europesays.com\/fr\/wp-json\/wp\/v2\/types\/post"}],"author":[{"embeddable":true,"href":"https:\/\/www.europesays.com\/fr\/wp-json\/wp\/v2\/users\/2"}],"replies":[{"embeddable":true,"href":"https:\/\/www.europesays.com\/fr\/wp-json\/wp\/v2\/comments?post=265076"}],"version-history":[{"count":0,"href":"https:\/\/www.europesays.com\/fr\/wp-json\/wp\/v2\/posts\/265076\/revisions"}],"wp:featuredmedia":[{"embeddable":true,"href":"https:\/\/www.europesays.com\/fr\/wp-json\/wp\/v2\/media\/265077"}],"wp:attachment":[{"href":"https:\/\/www.europesays.com\/fr\/wp-json\/wp\/v2\/media?parent=265076"}],"wp:term":[{"taxonomy":"category","embeddable":true,"href":"https:\/\/www.europesays.com\/fr\/wp-json\/wp\/v2\/categories?post=265076"},{"taxonomy":"post_tag","embeddable":true,"href":"https:\/\/www.europesays.com\/fr\/wp-json\/wp\/v2\/tags?post=265076"}],"curies":[{"name":"wp","href":"https:\/\/api.w.org\/{rel}","templated":true}]}}