{"id":265078,"date":"2025-07-22T07:31:16","date_gmt":"2025-07-22T07:31:16","guid":{"rendered":"https:\/\/www.europesays.com\/fr\/265078\/"},"modified":"2025-07-22T07:31:16","modified_gmt":"2025-07-22T07:31:16","slug":"la-rehabilitation-de-la-bourse-du-travail-sans-cesse-remise-sur-le-metier","status":"publish","type":"post","link":"https:\/\/www.europesays.com\/fr\/265078\/","title":{"rendered":"La r\u00e9habilitation de la Bourse du Travail sans cesse remise sur le m\u00e9tier"},"content":{"rendered":"<p class=\"wp-block-post-excerpt__excerpt\">Le chantier de la r\u00e9novation de la Bourse du Travail dure depuis 20 ans. Apr\u00e8s avoir obtenu de Ville de Bordeaux le renouvellement de la convention d\u2019occupation d\u00e9cennale ainsi que le lancement de nouveaux travaux en janvier 2025, la CGT Gironde esp\u00e8re une ouverture prochaine et totale du lieu aux Bordelais.es et touristes. Deuxi\u00e8me volet de notre s\u00e9rie d\u2019\u00e9t\u00e9 : \u00ab\u00a0Patrimoine \u00e0 la trappe\u00a0\u00bb. <\/p>\n<p>Jade Garnier<\/p>\n<p>Publi\u00e9 le 22 juillet 2025\u00a0\u00a0\u00b7\u00a0\u00a0<\/p>\n<p>Imprim\u00e9 le 22 juillet 2025 \u00e0 09h31\u00a0\u00a0\u00b7\u00a0\u00a0<\/p>\n<p>\t\t\t\t\t7\u00a0minutes\n<\/p>\n<p>Apr\u00e8s deux larges campagnes de travaux men\u00e9es entre 2002 et 2019, <a href=\"https:\/\/rue89bordeaux.com\/2024\/03\/un-sos-pour-sauver-des-eaux-la-bourse-du-travail-de-bordeaux\/\" target=\"_blank\" rel=\"noreferrer noopener\">la Bourse du Travail n\u2019est toujours pas au bout de ses peines<\/a>. En effet, l\u2019automne 2023 et ses temp\u00eates ont eu raison du plafond de son hall d\u2019entr\u00e9e, partiellement effondr\u00e9, sinistre qui vient s\u2019ajouter \u00e0 la d\u00e9liquescence g\u00e9n\u00e9rale du b\u00e2timent.<\/p>\n<p>Alors que l\u2019Union d\u00e9partementale (UD) de la CGT en est historiquement l\u2019affectataire exclusif \u2013 et non locataire \u2013 elle r\u00e9clame davantage d\u2019investissements de la part de son propri\u00e9taire, la Ville de Bordeaux, ainsi que de la M\u00e9tropole, du Conseil d\u00e9partemental et de la Direction r\u00e9gionale des Affaires culturelles (DRAC), qui en partagent les co\u00fbts.<\/p>\n<p>C\u2019est pourquoi un Comit\u00e9 de sauvegarde de la Bourse du Travail a \u00e9t\u00e9 cr\u00e9\u00e9 l\u2019ann\u00e9e derni\u00e8re, assorti d\u2019<a href=\"https:\/\/www.change.org\/p\/la-bourse-du-travail-de-bordeaux-en-danger?recruiter=877426433&amp;recruited_by_id=8048f9a0-5f62-11e8-8610-4de0506bbd40&amp;utm_source=share_petition&amp;utm_campaign=petition_dashboard_share_modal&amp;utm_medium=copylink&amp;fbclid=IwAR1KGLk16wHJHwr3iZ04LY9JP0e32DZdqWwlPx9eONpwtMe0pHAz8K46fWY\" target=\"_blank\" rel=\"noreferrer noopener\">une p\u00e9tition<\/a> qui r\u00e9colte \u00e0 ce jour 1142 signatures. <a href=\"https:\/\/www.sudouest.fr\/gironde\/bordeaux\/bordeaux-apres-le-bras-de-fer-la-cgt-et-la-ville-cooperent-sur-l-avenir-de-la-bourse-du-travail-22514804.php\" target=\"_blank\" rel=\"noreferrer noopener nofollow\">Apr\u00e8s un long bras de fer<\/a>, concernant notamment les conditions d\u2019utilisation, la mairie bordelaise et la CGT sont parvenus en novembre 2024 \u00e0 un accord sur la reconduction de la convention d\u2019occupation d\u00e9cennale, derni\u00e8rement sign\u00e9e sous Alain Jupp\u00e9.<\/p>\n<p>Parall\u00e8lement, ont aussi \u00e9t\u00e9 obtenus des travaux visant \u00e0 arr\u00eater les d\u00e9t\u00e9riorations caus\u00e9es par les intemp\u00e9ries, des accords que St\u00e9phane Ob\u00e9, secr\u00e9taire g\u00e9n\u00e9ral de l\u2019UD Gironde, consid\u00e8re comme \u00ab\u00a0des avanc\u00e9es positives\u00a0\u00bb.<\/p>\n<p>\t\tDes lieux inaccessibles<\/p>\n<p>Devant un tel joyau patrimonial de l\u2019histoire syndicale girondine, les membres de l\u2019UD CGT continuent de se battre pour sa r\u00e9novation totale, estim\u00e9e autour de 40 millions d\u2019euros par les services de la M\u00e9tropole. \u00c0 pr\u00e9sent que la toiture, bien trop perm\u00e9able, est prot\u00e9g\u00e9e par un chapiteau, que de nouveaux circuits d\u2019\u00e9vacuation des eaux ont vu le jour, et que les fa\u00e7ades ont \u00e9t\u00e9 enti\u00e8rement r\u00e9nov\u00e9es, il reste en r\u00e9alit\u00e9 beaucoup \u00e0 faire.<\/p>\n<p>Rue89 Bordeaux a besoin de vos dons<\/p>\n<p>Mille mercis \u00e0 nos 131 donateurs ! Gr\u00e2ce \u00e0 vous, nous avons atteint notre objectif initial de 10\u202f000\u202f\u20ac. Ce soutien va nous permettre de renflouer notre tr\u00e9sorerie, apr\u00e8s le d\u00e9sengagement en 2025 d\u2019un annonceur important \u2013 Bordeaux M\u00e9tropole \u2013 et de r\u00e9gler nos factures en attente.<br \/>Cependant, la cagnotte reste ouverte jusqu\u2019\u00e0 fin septembre afin de vous laisser l\u2019occasion de continuer \u00e0 soutenir votre m\u00e9dia ind\u00e9pendant. Chaque don est d\u00e9ductible des imp\u00f4ts \u00e0 hauteur de 66\u202f%. En recevoir davantage nous permettra de consolider nos finances, d\u2019envisager une rentr\u00e9e sereine, et surtout, d\u2019enrichir nos contenus et de renforcer notre r\u00e9daction.<\/p>\n<p><\/p>\n<p class=\"has-warning-color has-text-color\">\n\t\t\t<strong> Cet article fait partie de l\u2019\u00e9dition abonn\u00e9s.<\/strong><br \/>\n\t\t\t| D\u00e9j\u00e0 abonn\u00e9\u00a0?<br \/>\n\t\t\t<a href=\"https:\/\/rue89bordeaux.com\/user\/login\/\" data-type=\"page\" data-id=\"26256\" target=\"_blank\" rel=\"noopener\">Connectez-vous<\/a>\n\t\t<\/p>\n<p>Abonnez-vous maintenant pour poursuivre votre lecture<\/p>\n<p><img loading=\"lazy\" decoding=\"async\" width=\"607\" height=\"480\" src=\"https:\/\/www.europesays.com\/fr\/wp-content\/uploads\/2025\/04\/1744387698_768_04-paywall.png\" alt=\"Abonnez-vous\" class=\"wp-image-128438\"  \/><\/p>\n<p>\t\t\t<a href=\"https:\/\/rue89bordeaux.com\/\" class=\"custom-logo-link\" rel=\"home noopener\" target=\"_blank\"><img loading=\"lazy\" decoding=\"async\" width=\"290\" height=\"49\" src=\"https:\/\/www.europesays.com\/fr\/wp-content\/uploads\/2025\/04\/logo.png\" class=\"custom-logo\" alt=\"Rue89Bordeaux Enqu\u00eates et informations de proximit\u00e9\"  \/><\/a><\/p>\n<p>\n\t\t\t\tAbonnez-vous maintenant pour suivre l\u2019actualit\u00e9 locale.\t\t\t<\/p>\n<p class=\"font-bold font-serif-heading mb-2 text-4xl\">\n\t\t\t\t\t\tL\u2019investigation locale \u00e0 port\u00e9e de main.\n\t\t\t\t\t<\/p>\n<p>\n\t\t\t\t\t\tAbonnez-vous et profitez d\u2019un acc\u00e8s illimit\u00e9 \u00e0 Rue89Bordeaux. Annulez quand vous voulez.\n\t\t\t\t\t<\/p>\n<p class=\"xl:text-sm\">\n\t\t\t\t\tD\u00e9j\u00e0 abonn\u00e9\u00a0?<br \/>\n\t\t\t\t\t<a class=\"border border-transparent text-center transition-colors duration-instant focus:border-info focus:rounded focus:shadow-focus cursor-pointer text-black hover:text-gray-700 active:bg-black-700 font-semibold inline-block\" href=\"https:\/\/rue89bordeaux.com\/user\/login\/?redirect=\/2025\/07\/la-rehabilitation-de-la-bourse-du-travail-sans-cesse-remise-sur-le-metier\/\" target=\"_blank\" rel=\"noopener\">Connectez-vous<\/a>\t\t\t\t<\/p>\n<p>\n\t\t\t\tChoisissez votre formule\u00a0:\n\t\t\t<\/p>\n<p>\t\t\t\tFermer<\/p>\n","protected":false},"excerpt":{"rendered":"Le chantier de la r\u00e9novation de la Bourse du Travail dure depuis 20 ans. Apr\u00e8s avoir obtenu de&hellip;\n","protected":false},"author":2,"featured_media":265079,"comment_status":"","ping_status":"","sticky":false,"template":"","format":"standard","meta":{"footnotes":""},"categories":[2817],"tags":[1111,11,1997,40463,1777,674,1011,27,12,2219,2551,25,17076],"class_list":{"0":"post-265078","1":"post","2":"type-post","3":"status-publish","4":"format-standard","5":"has-post-thumbnail","7":"category-bordeaux","8":"tag-actu","9":"tag-actualites","10":"tag-bordeaux","11":"tag-cgt-gironde","12":"tag-eu","13":"tag-europe","14":"tag-fr","15":"tag-france","16":"tag-news","17":"tag-nouvelle-aquitaine","18":"tag-patrimoine","19":"tag-republique-francaise","20":"tag-ville-de-bordeaux"},"share_on_mastodon":{"url":"https:\/\/pubeurope.com\/@fr\/114895721984651738","error":""},"_links":{"self":[{"href":"https:\/\/www.europesays.com\/fr\/wp-json\/wp\/v2\/posts\/265078","targetHints":{"allow":["GET"]}}],"collection":[{"href":"https:\/\/www.europesays.com\/fr\/wp-json\/wp\/v2\/posts"}],"about":[{"href":"https:\/\/www.europesays.com\/fr\/wp-json\/wp\/v2\/types\/post"}],"author":[{"embeddable":true,"href":"https:\/\/www.europesays.com\/fr\/wp-json\/wp\/v2\/users\/2"}],"replies":[{"embeddable":true,"href":"https:\/\/www.europesays.com\/fr\/wp-json\/wp\/v2\/comments?post=265078"}],"version-history":[{"count":0,"href":"https:\/\/www.europesays.com\/fr\/wp-json\/wp\/v2\/posts\/265078\/revisions"}],"wp:featuredmedia":[{"embeddable":true,"href":"https:\/\/www.europesays.com\/fr\/wp-json\/wp\/v2\/media\/265079"}],"wp:attachment":[{"href":"https:\/\/www.europesays.com\/fr\/wp-json\/wp\/v2\/media?parent=265078"}],"wp:term":[{"taxonomy":"category","embeddable":true,"href":"https:\/\/www.europesays.com\/fr\/wp-json\/wp\/v2\/categories?post=265078"},{"taxonomy":"post_tag","embeddable":true,"href":"https:\/\/www.europesays.com\/fr\/wp-json\/wp\/v2\/tags?post=265078"}],"curies":[{"name":"wp","href":"https:\/\/api.w.org\/{rel}","templated":true}]}}