{"id":26508,"date":"2025-04-15T12:28:11","date_gmt":"2025-04-15T12:28:11","guid":{"rendered":"https:\/\/www.europesays.com\/fr\/26508\/"},"modified":"2025-04-15T12:28:11","modified_gmt":"2025-04-15T12:28:11","slug":"attaques-coordonnees-contre-des-prisons-francaises-dans-la-nuit-de-lundi-a-mardi","status":"publish","type":"post","link":"https:\/\/www.europesays.com\/fr\/26508\/","title":{"rendered":"\u00ab\u00a0Attaques coordonn\u00e9es\u00a0\u00bb contre des prisons fran\u00e7aises dans la nuit de lundi \u00e0 mardi"},"content":{"rendered":"<p><img decoding=\"async\" class=\"c-ad__placeholder__logo\" src=\"https:\/\/www.europesays.com\/fr\/wp-content\/uploads\/2025\/03\/logo-euronews-grey-6-180x22.svg.svg+xml\" width=\"180\" height=\"22\" alt=\"\" loading=\"lazy\"\/>PUBLICIT\u00c9<\/p>\n<p>Le minist\u00e8re de la Justice a fait savoir mardi matin que des attaques avaient vis\u00e9 des \u00e9tablissements p\u00e9nitentiaires ces derni\u00e8res heures. <\/p>\n<p>Dans la nuit de lundi \u00e0 mardi, la prison de Toulon a \u00e9t\u00e9 vis\u00e9e par des tirs \u00e0 l&rsquo;arme automatique, selon le minist\u00e8re. Le syndicat FO Justice \u00e9voque dans un post sur X \u00ab\u00a0quinze impacts\u00a0\u00bb sur la porte d&rsquo;entr\u00e9e. Le ministre de la Justice, G\u00e9rald Darmanin, doit se rendre sur place dans l&rsquo;apr\u00e8s-midi. Le Parquet national antiterroriste (Pnat) a annonc\u00e9 se saisir de l&rsquo;enqu\u00eate.<\/p>\n<p><img decoding=\"async\" src=\"https:\/\/www.europesays.com\/fr\/wp-content\/uploads\/2025\/03\/icon-cross-10x10-grey-6.svg.svg+xml\" width=\"10\" height=\"10\" alt=\"Close advertising\" fetchpriority=\"high\" loading=\"lazy\"\/><\/p>\n<p>Le syndicat fait \u00e9galement \u00e9tat, au centre p\u00e9nitentiaire d\u2019Aix-Luynes, de \u00ab\u00a0deux v\u00e9hicules incendi\u00e9s\u00a0\u00bb. Une information confirm\u00e9e par le pr\u00e9sident de la r\u00e9gion Provence-Alpes-C\u00f4te d&rsquo;Azur, Renaud Muselier.<\/p>\n<p>Renaud Muselier parle aussi d&rsquo;un v\u00e9hicule br\u00fbl\u00e9 et de dix autres tagu\u00e9s \u00e0 la prison de Marseille.<\/p>\n<p>D&rsquo;autres prison auraient \u00e9t\u00e9 touch\u00e9es : celles Villepinte, Valence, R\u00e9au et de Nanterre. Dans la nuit de dimanche \u00e0 lundi, sept v\u00e9hicules auraient aussi \u00e9t\u00e9 incendi\u00e9s sur le parking de l&rsquo;\u00e9cole nationale d&rsquo;administration p\u00e9nitentiaire, \u00e0 Agen.<\/p>\n<p>\u00ab\u00a0Tout cela semble coordonn\u00e9 et manifestement en lien avec la strat\u00e9gie contre le narcobanditisme du ministre\u00a0\u00bb, estime une source proche du dossier.<\/p>\n<p>\u00ab\u00a0La R\u00e9publique est confront\u00e9e au narcotrafic et prend des mesures qui vont d\u00e9ranger profond\u00e9ment les r\u00e9seaux criminels. Elle est d\u00e9fi\u00e9e et saura \u00eatre ferme et courageuse\u00a0\u00bb, a comment\u00e9 G\u00e9rald Darmanin sur X.<\/p>\n<p>Le ministre fran\u00e7ais de l&rsquo;Int\u00e9rieur, Bruno Retailleau, a lui d\u00e9clar\u00e9 sur X : \u00ab\u00a0La r\u00e9ponse de l\u2019Etat devra \u00eatre implacable. Ceux qui s\u2019en prennent aux prisons et aux agents ont vocation \u00e0 \u00eatre enferm\u00e9s dans ces prisons et surveill\u00e9s par ces agents.\u00a0\u00bb<\/p>\n<p>Il a demand\u00e9 aux pr\u00e9fets de \u00abrenforcer sans d\u00e9lai la protection des agents et des \u00e9tablissements\u00bb<\/p>\n","protected":false},"excerpt":{"rendered":"PUBLICIT\u00c9 Le minist\u00e8re de la Justice a fait savoir mardi matin que des attaques avaient vis\u00e9 des \u00e9tablissements&hellip;\n","protected":false},"author":2,"featured_media":26509,"comment_status":"","ping_status":"","sticky":false,"template":"","format":"standard","meta":{"footnotes":""},"categories":[2],"tags":[11,6376,1011,27,12,806,25],"class_list":{"0":"post-26508","1":"post","2":"type-post","3":"status-publish","4":"format-standard","5":"has-post-thumbnail","7":"category-actualites","8":"tag-actualites","9":"tag-armes","10":"tag-fr","11":"tag-france","12":"tag-news","13":"tag-prison","14":"tag-republique-francaise"},"share_on_mastodon":{"url":"https:\/\/pubeurope.com\/@fr\/114341983269412215","error":""},"_links":{"self":[{"href":"https:\/\/www.europesays.com\/fr\/wp-json\/wp\/v2\/posts\/26508","targetHints":{"allow":["GET"]}}],"collection":[{"href":"https:\/\/www.europesays.com\/fr\/wp-json\/wp\/v2\/posts"}],"about":[{"href":"https:\/\/www.europesays.com\/fr\/wp-json\/wp\/v2\/types\/post"}],"author":[{"embeddable":true,"href":"https:\/\/www.europesays.com\/fr\/wp-json\/wp\/v2\/users\/2"}],"replies":[{"embeddable":true,"href":"https:\/\/www.europesays.com\/fr\/wp-json\/wp\/v2\/comments?post=26508"}],"version-history":[{"count":0,"href":"https:\/\/www.europesays.com\/fr\/wp-json\/wp\/v2\/posts\/26508\/revisions"}],"wp:featuredmedia":[{"embeddable":true,"href":"https:\/\/www.europesays.com\/fr\/wp-json\/wp\/v2\/media\/26509"}],"wp:attachment":[{"href":"https:\/\/www.europesays.com\/fr\/wp-json\/wp\/v2\/media?parent=26508"}],"wp:term":[{"taxonomy":"category","embeddable":true,"href":"https:\/\/www.europesays.com\/fr\/wp-json\/wp\/v2\/categories?post=26508"},{"taxonomy":"post_tag","embeddable":true,"href":"https:\/\/www.europesays.com\/fr\/wp-json\/wp\/v2\/tags?post=26508"}],"curies":[{"name":"wp","href":"https:\/\/api.w.org\/{rel}","templated":true}]}}