{"id":265087,"date":"2025-07-22T07:41:09","date_gmt":"2025-07-22T07:41:09","guid":{"rendered":"https:\/\/www.europesays.com\/fr\/265087\/"},"modified":"2025-07-22T07:41:09","modified_gmt":"2025-07-22T07:41:09","slug":"les-jeunes-exiles-du-kiosque-repondent-a-martine-vassal","status":"publish","type":"post","link":"https:\/\/www.europesays.com\/fr\/265087\/","title":{"rendered":"les jeunes exil\u00e9s du kiosque r\u00e9pondent \u00e0 Martine Vassal"},"content":{"rendered":"<p>En <a href=\"https:\/\/www.laprovence.com\/article\/region\/47443219512303\/mineurs-non-accompagnes-a-marseille-martine-vassal-nen-veut-plus-la-ville-en-appelle-a-letat\" target=\"_blank\" rel=\"nofollow noopener\">marge de la pr\u00e9sentation de son bilan de mi-mandat<\/a>, la semaine derni\u00e8re, la pr\u00e9sidente (DVD) du D\u00e9partement avait l\u00e2ch\u00e9 \u00ab\u00a0ne plus vouloir des MNA (<a href=\"https:\/\/www.laprovence.com\/article\/region\/11484377647801\/on-na-rien-cest-la-misere-la-longue-et-sinueuse-route-des-mineurs-non-accompagnes-jusqua-marseille\" target=\"_blank\" rel=\"nofollow noopener\">mineurs non accompagn\u00e9s<\/a>)\u00a0\u00bb.<\/p>\n<p>Martine Vassal avait justifi\u00e9\u00a0: \u00ab\u00a0Au kiosque des R\u00e9form\u00e9s, ce ne sont que des majeurs. Je dis stop [&#8230;]. Les &lsquo;mineurs-majeurs&rsquo;, je n&rsquo;en veux plus. La loi est compl\u00e8tement d\u00e9voy\u00e9e. Ils sont l\u00e0 pour utiliser le syst\u00e8me. Il y en a assez.\u00a0\u00bb Pour boucler son argumentaire, elle avait mis en parall\u00e8le la situation de ces jeunes et les faits de d\u00e9linquance dans le centre-ville marseillais.<\/p>\n<p>\u00ab\u00a0Le m\u00e9pris que vous affichez dans vos paroles\u00a0\u00bb<\/p>\n<p>Vis\u00e9s, <a href=\"https:\/\/www.laprovence.com\/article\/region\/4473538384865914\/marseille-une-quinzaine-de-migrants-mineurs-habitent-le-kiosque-des-reformes-les-associations-se-mobilisent\" target=\"_blank\" rel=\"nofollow noopener\">les 40 jeunes exil\u00e9s qui dorment sous le kiosque de la place L\u00e9on-Blum<\/a> (1er) depuis plus de deux semaines ont tenu \u00e0 lui r\u00e9pondre. \u00ab\u00a0Nous aussi on en a assez, \u00e9crivent-ils, dans une lettre ouverte sign\u00e9e par le collectif Binkadi. [&#8230;] On veut juste un toit et aller \u00e0 l&rsquo;\u00e9cole. Le m\u00e9pris que vous affichez dans vos paroles est blessant et montre votre manque d&rsquo;humanit\u00e9. On a le droit \u00e0 une protection. Nous sommes des jeunes en difficult\u00e9 comme les enfants victimes de violences et les orphelins que vous dites prot\u00e9ger. Aucun enfant de ce monde ne vaut moins qu&rsquo;un autre [&#8230;]\u00a0\u00bb\u00a0<\/p>\n<p>Pour rappel, ces 40\u00a0jeunes occupent le kiosque depuis 6\u00a0juillet, apr\u00e8s avoir \u00e9t\u00e9 d\u00e9clar\u00e9s majeurs lors d&rsquo;\u00e9valuations men\u00e9es par l&rsquo;Addap 13 (association mandat\u00e9e par le D\u00e9partement). Ils demandent une \u00ab\u00a0mise \u00e0 l&rsquo;abri d&rsquo;urgence\u00a0\u00bb en attendant l&rsquo;examen de leur recours par le juge des enfants.<\/p>\n","protected":false},"excerpt":{"rendered":"En marge de la pr\u00e9sentation de son bilan de mi-mandat, la semaine derni\u00e8re, la pr\u00e9sidente (DVD) du D\u00e9partement&hellip;\n","protected":false},"author":2,"featured_media":265088,"comment_status":"","ping_status":"","sticky":false,"template":"","format":"standard","meta":{"footnotes":""},"categories":[2814],"tags":[17,1111,11,2826,1777,674,22792,1011,27,4074,12692,151,884,12,316,882,40464,25],"class_list":{"0":"post-265087","1":"post","2":"type-post","3":"status-publish","4":"format-standard","5":"has-post-thumbnail","7":"category-marseille","8":"tag-17","9":"tag-actu","10":"tag-actualites","11":"tag-confidentiels","12":"tag-eu","13":"tag-europe","14":"tag-exiles","15":"tag-fr","16":"tag-france","17":"tag-jeunes","18":"tag-kiosque","19":"tag-les","20":"tag-marseille","21":"tag-news","22":"tag-politique","23":"tag-provence-alpes-cote-dazur","24":"tag-repondent","25":"tag-republique-francaise"},"share_on_mastodon":{"url":"https:\/\/pubeurope.com\/@fr\/114895761184751244","error":""},"_links":{"self":[{"href":"https:\/\/www.europesays.com\/fr\/wp-json\/wp\/v2\/posts\/265087","targetHints":{"allow":["GET"]}}],"collection":[{"href":"https:\/\/www.europesays.com\/fr\/wp-json\/wp\/v2\/posts"}],"about":[{"href":"https:\/\/www.europesays.com\/fr\/wp-json\/wp\/v2\/types\/post"}],"author":[{"embeddable":true,"href":"https:\/\/www.europesays.com\/fr\/wp-json\/wp\/v2\/users\/2"}],"replies":[{"embeddable":true,"href":"https:\/\/www.europesays.com\/fr\/wp-json\/wp\/v2\/comments?post=265087"}],"version-history":[{"count":0,"href":"https:\/\/www.europesays.com\/fr\/wp-json\/wp\/v2\/posts\/265087\/revisions"}],"wp:featuredmedia":[{"embeddable":true,"href":"https:\/\/www.europesays.com\/fr\/wp-json\/wp\/v2\/media\/265088"}],"wp:attachment":[{"href":"https:\/\/www.europesays.com\/fr\/wp-json\/wp\/v2\/media?parent=265087"}],"wp:term":[{"taxonomy":"category","embeddable":true,"href":"https:\/\/www.europesays.com\/fr\/wp-json\/wp\/v2\/categories?post=265087"},{"taxonomy":"post_tag","embeddable":true,"href":"https:\/\/www.europesays.com\/fr\/wp-json\/wp\/v2\/tags?post=265087"}],"curies":[{"name":"wp","href":"https:\/\/api.w.org\/{rel}","templated":true}]}}