{"id":265091,"date":"2025-07-22T07:43:10","date_gmt":"2025-07-22T07:43:10","guid":{"rendered":"https:\/\/www.europesays.com\/fr\/265091\/"},"modified":"2025-07-22T07:43:10","modified_gmt":"2025-07-22T07:43:10","slug":"on-se-croirait-dans-le-sud-cest-chouette-a-lyon-les-cigales-proliferent-a-cause-du-rechauffement-climatique","status":"publish","type":"post","link":"https:\/\/www.europesays.com\/fr\/265091\/","title":{"rendered":"\u00ab\u00a0On se croirait dans le Sud, c\u2019est chouette\u00a0\u00bb\u00a0: \u00e0 Lyon, les cigales prolif\u00e8rent \u00e0 cause du r\u00e9chauffement climatique"},"content":{"rendered":"<p class=\"paragraph text_align_left lp-f-body-02\">Elles sont partout \u00e0 Lyon cet \u00e9t\u00e9\u2026 Qui ? Les cigales ! Pour les \u00e9couter, les habitants de la rue de Trion dans le quartier Saint-Just n\u2019ont qu\u2019\u00e0 tendre l\u2019oreille. <a href=\"https:\/\/www.leparisien.fr\/oise-60\/cest-la-premiere-fois-que-je-vois-ca-pourquoi-les-cigales-ont-elles-chante-cet-ete-dans-loise-03-09-2024-OHNIGJ7X6NCHZCO3F5XYVGAQ5Y.php\" target=\"_blank\" rel=\"noreferrer noopener\">Une v\u00e9ritable cacophonie<\/a> observ\u00e9e \u00e9galement dans la mont\u00e9e de la Boucle qui m\u00e8ne \u00e0 la Croix-Rousse, dans la grande rue d\u2019Oullins et \u00e0 La Mulati\u00e8re, o\u00f9 les m\u00e2les cigales font vibrer leur abdomen pour le plus grand bonheur des habitants qui commencent \u00e0 se familiariser avec cette cymbalisation \u2014 ce bruit modul\u00e9 par l\u2019insecte \u2014, facilement reconnaissable.<\/p>\n<p class=\"paragraph text_align_left lp-f-body-02\">\u00ab C\u2019est quand m\u00eame plus agr\u00e9able que le bruit des klaxons. Je suis assez impressionn\u00e9 par le bruit qu\u2019elles peuvent faire en fin de journ\u00e9e \u00bb, appr\u00e9cie Mathieu, un habitant du quartier Saint-Just rencontr\u00e9 \u00e0 la sortie du m\u00e9tro sur la place Varillon, o\u00f9 les cigales ont \u00e9lu domicile.<\/p>\n","protected":false},"excerpt":{"rendered":"Elles sont partout \u00e0 Lyon cet \u00e9t\u00e9\u2026 Qui ? Les cigales ! Pour les \u00e9couter, les habitants de&hellip;\n","protected":false},"author":2,"featured_media":265092,"comment_status":"","ping_status":"","sticky":false,"template":"","format":"standard","meta":{"footnotes":""},"categories":[1889],"tags":[1111,11,2430,459,1777,674,1011,27,3746,2428,12,25,11244],"class_list":{"0":"post-265091","1":"post","2":"type-post","3":"status-publish","4":"format-standard","5":"has-post-thumbnail","7":"category-lyon","8":"tag-actu","9":"tag-actualites","10":"tag-auvergne-rhone-alpes","11":"tag-departements-horsidfo","12":"tag-eu","13":"tag-europe","14":"tag-fr","15":"tag-france","16":"tag-futurs","17":"tag-lyon","18":"tag-news","19":"tag-republique-francaise","20":"tag-rhone-69"},"share_on_mastodon":{"url":"https:\/\/pubeurope.com\/@fr\/114895769048153190","error":""},"_links":{"self":[{"href":"https:\/\/www.europesays.com\/fr\/wp-json\/wp\/v2\/posts\/265091","targetHints":{"allow":["GET"]}}],"collection":[{"href":"https:\/\/www.europesays.com\/fr\/wp-json\/wp\/v2\/posts"}],"about":[{"href":"https:\/\/www.europesays.com\/fr\/wp-json\/wp\/v2\/types\/post"}],"author":[{"embeddable":true,"href":"https:\/\/www.europesays.com\/fr\/wp-json\/wp\/v2\/users\/2"}],"replies":[{"embeddable":true,"href":"https:\/\/www.europesays.com\/fr\/wp-json\/wp\/v2\/comments?post=265091"}],"version-history":[{"count":0,"href":"https:\/\/www.europesays.com\/fr\/wp-json\/wp\/v2\/posts\/265091\/revisions"}],"wp:featuredmedia":[{"embeddable":true,"href":"https:\/\/www.europesays.com\/fr\/wp-json\/wp\/v2\/media\/265092"}],"wp:attachment":[{"href":"https:\/\/www.europesays.com\/fr\/wp-json\/wp\/v2\/media?parent=265091"}],"wp:term":[{"taxonomy":"category","embeddable":true,"href":"https:\/\/www.europesays.com\/fr\/wp-json\/wp\/v2\/categories?post=265091"},{"taxonomy":"post_tag","embeddable":true,"href":"https:\/\/www.europesays.com\/fr\/wp-json\/wp\/v2\/tags?post=265091"}],"curies":[{"name":"wp","href":"https:\/\/api.w.org\/{rel}","templated":true}]}}