{"id":265093,"date":"2025-07-22T07:44:09","date_gmt":"2025-07-22T07:44:09","guid":{"rendered":"https:\/\/www.europesays.com\/fr\/265093\/"},"modified":"2025-07-22T07:44:09","modified_gmt":"2025-07-22T07:44:09","slug":"isere-une-femme-de-21-ans-decede-dans-un-accident-sur-la48-entre-lyon-et-grenoble","status":"publish","type":"post","link":"https:\/\/www.europesays.com\/fr\/265093\/","title":{"rendered":"Is\u00e8re : une femme de 21 ans d\u00e9c\u00e8de dans un accident sur l&rsquo;A48 entre Lyon et Grenoble"},"content":{"rendered":"<p>Trois v\u00e9hicules se sont percut\u00e9s aux alentours de 23h30, ce lundi 21 juillet, \u00e0 hauteur de Saint-\u00c9gr\u00e8ve, pr\u00e8s de Grenoble, en Is\u00e8re.<\/p>\n<p>Soir\u00e9e dramatique sur l&rsquo;<b>A48<\/b>.<\/p>\n<p><b>Une jeune femme de 21 ans<\/b> a perdu la vie, ce lundi 21 juillet, apr\u00e8s un accident sur l&rsquo;autoroute <b>entre Lyon et Grenoble<\/b>.<\/p>\n<p>D&rsquo;apr\u00e8s les premiers \u00e9l\u00e9ments, trois v\u00e9hicules se sont percut\u00e9s aux alentours de 23h30, \u00e0 hauteur de <b>Saint-\u00c9gr\u00e8ve<\/b>, entre la barri\u00e8re de p\u00e9age de Voreppe et l&rsquo;entr\u00e9e de Grenoble.<\/p>\n<p>L&rsquo;autoroute ferm\u00e9e pendant l&rsquo;intervention<\/p>\n<p>La victime s&rsquo;est retrouv\u00e9e incarc\u00e9r\u00e9e dans sa voiture. En arr\u00eat cardio-respiratoire \u00e0 l&rsquo;arriv\u00e9e des secours, <b>elle n&rsquo;a pas pu \u00eatre r\u00e9anim\u00e9e<\/b>.<\/p>\n<p>Les deux autres conducteurs, <b>une femme de 60 ans et un homme de 27 ans<\/b>, ont \u00e9t\u00e9 plus l\u00e9g\u00e8rement touch\u00e9s. Ils ont \u00e9t\u00e9 transport\u00e9s en urgence relative au CHU de Grenoble.<\/p>\n<p>\u00c0 noter que <b>l&rsquo;autoroute a d\u00fb \u00eatre ferm\u00e9e<\/b> dans le sens Lyon-Grenoble le temps de l&rsquo;intervention des secours.<\/p>\n<p><img loading=\"lazy\" decoding=\"async\" src=\"https:\/\/www.europesays.com\/fr\/wp-content\/uploads\/2025\/07\/1753170249_616_img\" width=\"350\" height=\"200\" border=\"0\" title=\"Des policiers en intervention.\"\/><\/p>\n<p>\u25baPolice &#8211; Justice<\/p>\n<p style=\"font-size: 22px;\"><b>Lyon : le campement install\u00e9 sous le pont Jean-Mac\u00e9 \u00e9vacu\u00e9<\/b><\/p>\n<p>Le campement install\u00e9 depuis plusieurs ann\u00e9es&#8230;<\/p>\n<p><\/p>\n","protected":false},"excerpt":{"rendered":"Trois v\u00e9hicules se sont percut\u00e9s aux alentours de 23h30, ce lundi 21 juillet, \u00e0 hauteur de Saint-\u00c9gr\u00e8ve, pr\u00e8s&hellip;\n","protected":false},"author":2,"featured_media":265094,"comment_status":"","ping_status":"","sticky":false,"template":"","format":"standard","meta":{"footnotes":""},"categories":[1889],"tags":[40465,119,1111,11,6955,2430,1777,674,1011,27,2731,15583,2428,12,25,40466],"class_list":{"0":"post-265093","1":"post","2":"type-post","3":"status-publish","4":"format-standard","5":"has-post-thumbnail","7":"category-lyon","8":"tag-a48","9":"tag-accident","10":"tag-actu","11":"tag-actualites","12":"tag-autoroute","13":"tag-auvergne-rhone-alpes","14":"tag-eu","15":"tag-europe","16":"tag-fr","17":"tag-france","18":"tag-grenoble","19":"tag-isre","20":"tag-lyon","21":"tag-news","22":"tag-republique-francaise","23":"tag-saint-grve"},"share_on_mastodon":{"url":"https:\/\/pubeurope.com\/@fr\/114895773079836021","error":""},"_links":{"self":[{"href":"https:\/\/www.europesays.com\/fr\/wp-json\/wp\/v2\/posts\/265093","targetHints":{"allow":["GET"]}}],"collection":[{"href":"https:\/\/www.europesays.com\/fr\/wp-json\/wp\/v2\/posts"}],"about":[{"href":"https:\/\/www.europesays.com\/fr\/wp-json\/wp\/v2\/types\/post"}],"author":[{"embeddable":true,"href":"https:\/\/www.europesays.com\/fr\/wp-json\/wp\/v2\/users\/2"}],"replies":[{"embeddable":true,"href":"https:\/\/www.europesays.com\/fr\/wp-json\/wp\/v2\/comments?post=265093"}],"version-history":[{"count":0,"href":"https:\/\/www.europesays.com\/fr\/wp-json\/wp\/v2\/posts\/265093\/revisions"}],"wp:featuredmedia":[{"embeddable":true,"href":"https:\/\/www.europesays.com\/fr\/wp-json\/wp\/v2\/media\/265094"}],"wp:attachment":[{"href":"https:\/\/www.europesays.com\/fr\/wp-json\/wp\/v2\/media?parent=265093"}],"wp:term":[{"taxonomy":"category","embeddable":true,"href":"https:\/\/www.europesays.com\/fr\/wp-json\/wp\/v2\/categories?post=265093"},{"taxonomy":"post_tag","embeddable":true,"href":"https:\/\/www.europesays.com\/fr\/wp-json\/wp\/v2\/tags?post=265093"}],"curies":[{"name":"wp","href":"https:\/\/api.w.org\/{rel}","templated":true}]}}