{"id":265097,"date":"2025-07-22T07:47:09","date_gmt":"2025-07-22T07:47:09","guid":{"rendered":"https:\/\/www.europesays.com\/fr\/265097\/"},"modified":"2025-07-22T07:47:09","modified_gmt":"2025-07-22T07:47:09","slug":"avec-leurs-fausses-factures-ces-deux-centres-dentaires-des-hauts-de-seine-arnaquaient-lassurance-maladie","status":"publish","type":"post","link":"https:\/\/www.europesays.com\/fr\/265097\/","title":{"rendered":"Avec leurs fausses factures, ces deux centres dentaires des Hauts-de-Seine arnaquaient l&rsquo;Assurance-maladie"},"content":{"rendered":"<p>            Par<br \/>\n        <strong><br \/>\n            <a href=\"https:\/\/actu.fr\/auteur\/dorinegoth\" title=\"Consulter tous les articles de Dorine Goth\" target=\"_blank\" rel=\"noopener\">Dorine Goth<\/a><br \/>\n        <\/strong><\/p>\n<p>        Publi\u00e9 le<\/p>\n<p>            22 juil. 2025 \u00e0 7h12        <\/p>\n<p>Ils mentaient comme des arracheurs de dents. Depuis mardi 15\u00a0juillet 2025, deux <strong><a href=\"https:\/\/actu.fr\/societe\/des-machines-a-cash-10-centres-dentaires-deconventionnes-par-l-assurance-maladie_60988539.html\" target=\"_blank\" rel=\"noopener\">c<\/a><a href=\"https:\/\/actu.fr\/societe\/des-machines-a-cash-10-centres-dentaires-deconventionnes-par-l-assurance-maladie_60988539.html\" target=\"_blank\" rel=\"noopener\">entres dentaires<\/a><\/strong> des Hauts-de-Seine \u00e0 <strong>Nanterre<\/strong> et <strong>Gennevilliers<\/strong> ont \u00e9t\u00e9 <strong>d\u00e9conventionn\u00e9s<\/strong> par l\u2019<a href=\"https:\/\/actu.fr\/societe\/l-assurance-maladie-va-appeler-des-centaines-de-milliers-de-francais-voici-qui-est-concerne_62699662.html\" target=\"_blank\" rel=\"noopener\">Assurance-maladie<\/a>. Une sanction sans appel qui intervient apr\u00e8s une vaste enqu\u00eate men\u00e9e par la Caisse nationale de l\u2019assurance-maladie. Les investigations men\u00e9es ont r\u00e9v\u00e9l\u00e9 <strong>plusieurs pratiques frauduleuses<\/strong>, r\u00e9v\u00e8le la Caisse primaire d\u2019assurance-maladie des Hauts-de-Seine \u00e0 actu Paris.<\/p>\n<p>Le r\u00e9seau Dentylis scrut\u00e9<\/p>\n<p class=\" wall-content\">Au total, sept centres dentaires du r\u00e9seau <strong>Dentylis<\/strong> ont \u00e9t\u00e9 d\u00e9conventionn\u00e9s au niveau national, dont les <strong>centres Boule \u00e0 Nanterre et Calmel \u00e0 Gennevilliers<\/strong>. \u00ab\u2009Cette mesure majeure, pour des dur\u00e9es allant d\u2019un \u00e0 cinq ans, sanctionne des pratiques frauduleuses dont le pr\u00e9judice global est estim\u00e9 \u00e0 pr\u00e8s de<strong> 3\u00a0millions d\u2019euros<\/strong>\u2009\u00bb, pr\u00e9sente l\u2019organisation. Les cinq autres avaient d\u00e9j\u00e0 fait l\u2019objet de la mesure d\u00e8s le 16\u00a0juin.<\/p>\n<p class=\" wall-content\">L\u2019enqu\u00eate avait \u00e9t\u00e9 lanc\u00e9e en avril\u00a02024. Les treize centres du r\u00e9seau, d\u00e9ploy\u00e9s sur quatre r\u00e9gions ont \u00e9t\u00e9 scrut\u00e9s. Plus de la moiti\u00e9 a \u00e9t\u00e9 sanctionn\u00e9e. L\u2019Assurance-maladie pointe des \u00ab\u2009facturations d\u2019actes non r\u00e9alis\u00e9s, la refacturation d\u2019un m\u00eame acte ou encore des mentions sur la facturation permettant de contourner la r\u00e9glementation\u2009\u00bb pour un pr\u00e9judice estim\u00e9 \u00e0 pr\u00e8s de 3\u00a0millions d\u2019euros.<\/p>\n<p>D\u00e9conventionn\u00e9s pour cinq ans<\/p>\n<p class=\" wall-content\">Face \u00e0 la gravit\u00e9 des faits, les deux centres des Hauts-de-Seine sont <strong>sanctionn\u00e9s pour cinq ans<\/strong>. Pendant tout ce temps, ils ne pourront plus facturer les actes remboursables et devront pratiquer le <a href=\"https:\/\/actu.fr\/ile-de-france\/paris_75056\/paris-pourquoi-les-patients-de-ces-trois-centres-de-sante-ne-seront-plus-rembourses_59881017.html\" target=\"_blank\" rel=\"noopener\"><strong>tarif d\u2019autorit\u00e9<\/strong><\/a>, tr\u00e8s <strong>faiblement rembours\u00e9.<\/strong> \u00ab\u2009Cela d\u00e9tourne de fait une majorit\u00e9 de patients de s\u2019adresser au centre et permet donc de pr\u00e9venir rapidement tout pr\u00e9judice pour l\u2019Assurance Maladie\u2009\u00bb, explique-t-elle.<\/p>\n<p class=\" wall-content\">Depuis 2022, les contr\u00f4les des centre de sant\u00e9 s\u2019accentuent pour lutter contre les pratiques frauduleuses. \u00ab\u00a0Une vigilance particuli\u00e8re est accord\u00e9e aux r\u00e9seaux de centres de sant\u00e9 implant\u00e9s sur plusieurs d\u00e9partements\u00a0\u00bb, pr\u00e9cise l\u2019Assurance-maladie \u00e0 actu Paris. Au total, 61 centres de sant\u00e9 ont \u00e9t\u00e9 d\u00e9conventionn\u00e9s depuis 2023 avec plus de 90 millions d\u2019euros de fraudes d\u00e9tect\u00e9es. Et les Hauts-de-Seine ne sont pas \u00e9pargn\u00e9es. En 2023, les centres <a href=\"https:\/\/actu.fr\/ile-de-france\/courbevoie_92026\/hauts-de-seine-pourquoi-les-patients-de-ces-trois-centres-de-sante-ne-seront-plus-rembourses_59587176.html\" target=\"_blank\" rel=\"noopener\">APSMD92 (Courbevoie), l\u2019AMOG (Courbevoie) et le CDSMLA (Antony)<\/a> \u00e9taient \u00e9pingl\u00e9s.<\/p>\n<p class=\" wall-content\">Suivez toute l\u2019actualit\u00e9 de vos villes et m\u00e9dias favoris en vous inscrivant \u00e0 <a href=\"https:\/\/moncompte.actu.fr\" title=\"D\u00e9couvez Mon Actu\" rel=\"nofollow noopener\" data-trk=\"{&quot;cta&quot;:{&quot;action&quot;:&quot;https:\\\/\\\/moncompte.actu.fr&quot;,&quot;category&quot;:&quot;mon compte&quot;,&quot;from&quot;:&quot;article footer&quot;,&quot;name&quot;:&quot;Mon actu&quot;,&quot;type&quot;:&quot;cta&quot;}}\" target=\"_blank\">Mon Actu<\/a>.<\/p>\n<ul class=\"ac-article-tag wall-content\">\n<li><a href=\"https:\/\/actu.fr\/tag\/fraude\" data-trk=\"{&quot;cta&quot;:{&quot;action&quot;:&quot;Fraude&quot;,&quot;category&quot;:&quot;tag&quot;,&quot;from&quot;:&quot;article footer&quot;,&quot;name&quot;:&quot;Fraude&quot;,&quot;type&quot;:&quot;cta&quot;}}\" target=\"_blank\" rel=\"noopener\">#Fraude<\/a><\/li>\n<li><a href=\"https:\/\/actu.fr\/tag\/securite-sociale\" data-trk=\"{&quot;cta&quot;:{&quot;action&quot;:&quot;S\\u00e9curit\\u00e9 sociale&quot;,&quot;category&quot;:&quot;tag&quot;,&quot;from&quot;:&quot;article footer&quot;,&quot;name&quot;:&quot;S\\u00e9curit\\u00e9 sociale&quot;,&quot;type&quot;:&quot;cta&quot;}}\" target=\"_blank\" rel=\"noopener\">#S\u00e9curit\u00e9 sociale<\/a><\/li>\n<\/ul>\n","protected":false},"excerpt":{"rendered":"Par Dorine Goth Publi\u00e9 le 22 juil. 2025 \u00e0 7h12 Ils mentaient comme des arracheurs de dents. Depuis&hellip;\n","protected":false},"author":2,"featured_media":265098,"comment_status":"","ping_status":"","sticky":false,"template":"","format":"standard","meta":{"footnotes":""},"categories":[1888],"tags":[1111,1928,11,1927,1777,674,1011,27,1006,12,1926,626,1925,25,731,104],"class_list":{"0":"post-265097","1":"post","2":"type-post","3":"status-publish","4":"format-standard","5":"has-post-thumbnail","7":"category-paris","8":"tag-actu","9":"tag-actu-paris","10":"tag-actualites","11":"tag-actualites-paris","12":"tag-eu","13":"tag-europe","14":"tag-fr","15":"tag-france","16":"tag-fraude","17":"tag-news","18":"tag-news-paris","19":"tag-paris","20":"tag-paris-news","21":"tag-republique-francaise","22":"tag-securite-sociale","23":"tag-societe"},"share_on_mastodon":{"url":"https:\/\/pubeurope.com\/@fr\/114895784868422294","error":""},"_links":{"self":[{"href":"https:\/\/www.europesays.com\/fr\/wp-json\/wp\/v2\/posts\/265097","targetHints":{"allow":["GET"]}}],"collection":[{"href":"https:\/\/www.europesays.com\/fr\/wp-json\/wp\/v2\/posts"}],"about":[{"href":"https:\/\/www.europesays.com\/fr\/wp-json\/wp\/v2\/types\/post"}],"author":[{"embeddable":true,"href":"https:\/\/www.europesays.com\/fr\/wp-json\/wp\/v2\/users\/2"}],"replies":[{"embeddable":true,"href":"https:\/\/www.europesays.com\/fr\/wp-json\/wp\/v2\/comments?post=265097"}],"version-history":[{"count":0,"href":"https:\/\/www.europesays.com\/fr\/wp-json\/wp\/v2\/posts\/265097\/revisions"}],"wp:featuredmedia":[{"embeddable":true,"href":"https:\/\/www.europesays.com\/fr\/wp-json\/wp\/v2\/media\/265098"}],"wp:attachment":[{"href":"https:\/\/www.europesays.com\/fr\/wp-json\/wp\/v2\/media?parent=265097"}],"wp:term":[{"taxonomy":"category","embeddable":true,"href":"https:\/\/www.europesays.com\/fr\/wp-json\/wp\/v2\/categories?post=265097"},{"taxonomy":"post_tag","embeddable":true,"href":"https:\/\/www.europesays.com\/fr\/wp-json\/wp\/v2\/tags?post=265097"}],"curies":[{"name":"wp","href":"https:\/\/api.w.org\/{rel}","templated":true}]}}