{"id":2651,"date":"2025-04-04T11:48:28","date_gmt":"2025-04-04T11:48:28","guid":{"rendered":"https:\/\/www.europesays.com\/fr\/2651\/"},"modified":"2025-04-04T11:48:28","modified_gmt":"2025-04-04T11:48:28","slug":"increvables-les-simpson-souffleront-bien-leur-40-bougies","status":"publish","type":"post","link":"https:\/\/www.europesays.com\/fr\/2651\/","title":{"rendered":"Increvables ! Les Simpson souffleront bien leur 40 bougies"},"content":{"rendered":"<p>Avec plus de 780 \u00e9pisodes au compteur depuis sa cr\u00e9ation en 1989, la s\u00e9rie anim\u00e9e <a href=\"https:\/\/www.konbini.com\/popculture\/game-of-thrones-succession-breaking-bad-les-simpson-parodient-nos-fins-de-series-preferees-dans-un-faux-series-finale\/\" target=\"_blank\" rel=\"noopener\">Les Simpson<\/a> traverse les g\u00e9n\u00e9rations les unes apr\u00e8s les autres sans fr\u00e9mir. La cha\u00eene FOX vient d\u2019annoncer des renouvellements en pagaille pour ses s\u00e9ries anim\u00e9es Les Griffin, American Dad, Bob\u2019s Burgers et l\u2019increvable <a href=\"https:\/\/www.konbini.com\/popculture\/ouh-pinaise-les-simpson-ont-tue-un-personnage-historique-de-la-serie\/\" target=\"_blank\" rel=\"noopener\">Les Simpson<\/a>, qui d\u00e9croche 3 saisons suppl\u00e9mentaires d\u2019un coup.<\/p>\n<p>Concr\u00e8tement, \u00e7a signifie qu\u2019elle sera toujours des n\u00f4tres au moins jusqu\u2019en 2029 ! Elle f\u00eatera alors ses 40 bougies, conservant ainsi son record de s\u00e9rie la plus longue de l\u2019histoire de la t\u00e9l\u00e9vision am\u00e9ricaine en prime time. Pour les s\u00e9ries diffus\u00e9es en journ\u00e9e, comme les ind\u00e9boulonnables soap operas, la m\u00e9daille est d\u00e9tenue par General Hospital, d\u00e9but\u00e9 en 1963 et toujours \u00e0 l\u2019antenne.<\/p>\n<p>Chez nous, Les Simpson est diffus\u00e9e sur Disney+.<\/p>\n","protected":false},"excerpt":{"rendered":"Avec plus de 780 \u00e9pisodes au compteur depuis sa cr\u00e9ation en 1989, la s\u00e9rie anim\u00e9e Les Simpson traverse&hellip;\n","protected":false},"author":2,"featured_media":2652,"comment_status":"","ping_status":"","sticky":false,"template":"","format":"standard","meta":{"footnotes":""},"categories":[1356],"tags":[58,59,1011,27,1970,252,1364],"class_list":{"0":"post-2651","1":"post","2":"type-post","3":"status-publish","4":"format-standard","5":"has-post-thumbnail","7":"category-television","8":"tag-divertissement","9":"tag-entertainment","10":"tag-fr","11":"tag-france","12":"tag-pop-culture","13":"tag-television","14":"tag-tv"},"share_on_mastodon":{"url":"https:\/\/pubeurope.com\/@fr\/114279540510384524","error":""},"_links":{"self":[{"href":"https:\/\/www.europesays.com\/fr\/wp-json\/wp\/v2\/posts\/2651","targetHints":{"allow":["GET"]}}],"collection":[{"href":"https:\/\/www.europesays.com\/fr\/wp-json\/wp\/v2\/posts"}],"about":[{"href":"https:\/\/www.europesays.com\/fr\/wp-json\/wp\/v2\/types\/post"}],"author":[{"embeddable":true,"href":"https:\/\/www.europesays.com\/fr\/wp-json\/wp\/v2\/users\/2"}],"replies":[{"embeddable":true,"href":"https:\/\/www.europesays.com\/fr\/wp-json\/wp\/v2\/comments?post=2651"}],"version-history":[{"count":0,"href":"https:\/\/www.europesays.com\/fr\/wp-json\/wp\/v2\/posts\/2651\/revisions"}],"wp:featuredmedia":[{"embeddable":true,"href":"https:\/\/www.europesays.com\/fr\/wp-json\/wp\/v2\/media\/2652"}],"wp:attachment":[{"href":"https:\/\/www.europesays.com\/fr\/wp-json\/wp\/v2\/media?parent=2651"}],"wp:term":[{"taxonomy":"category","embeddable":true,"href":"https:\/\/www.europesays.com\/fr\/wp-json\/wp\/v2\/categories?post=2651"},{"taxonomy":"post_tag","embeddable":true,"href":"https:\/\/www.europesays.com\/fr\/wp-json\/wp\/v2\/tags?post=2651"}],"curies":[{"name":"wp","href":"https:\/\/api.w.org\/{rel}","templated":true}]}}