{"id":265105,"date":"2025-07-22T07:51:17","date_gmt":"2025-07-22T07:51:17","guid":{"rendered":"https:\/\/www.europesays.com\/fr\/265105\/"},"modified":"2025-07-22T07:51:17","modified_gmt":"2025-07-22T07:51:17","slug":"en-direct-guerre-en-ukraine-le-chef-de-la-diplomatie-francaise-annonce-la-preparation-dun-nouveau-paquet-de-sanctions-europeennes-contre-moscou","status":"publish","type":"post","link":"https:\/\/www.europesays.com\/fr\/265105\/","title":{"rendered":"En direct, guerre en Ukraine \u2013 Le chef de la diplomatie fran\u00e7aise annonce la pr\u00e9paration d\u2019un nouveau paquet de sanctions europ\u00e9ennes contre Moscou"},"content":{"rendered":"<p>        09:31<\/p>\n<p>      A la recherche des fant\u00f4mes de la for\u00eat de Boutcha<\/p>\n<p>              <a tabindex=\"-1\" title=\"Le Temps\" href=\"https:\/\/www.letemps.ch\/profil\/le-temps\" rel=\"nofollow noopener\" target=\"_blank\"><\/p>\n<p>                    <img decoding=\"async\" src=\"https:\/\/www.europesays.com\/fr\/wp-content\/uploads\/2025\/04\/1744691829_934_small.jpeg\" class=\"lazy\" alt=\"\"\/><\/p>\n<p><\/a>        <\/p>\n<p>C\u2019est l\u2019histoire d\u2019un ancien prisonnier ukrainien qui a r\u00e9ussi \u00e0 \u00e9chapper \u00e0 ses ge\u00f4liers et tente de retrouver le corps de ceux qui n\u2019ont pas eu cette chance, dans la for\u00eat de Boutcha. Un journaliste du m\u00e9dia hongrois 24.hu (un site d\u2019infos g\u00e9n\u00e9raliste de tendance lib\u00e9rale) a suivi Dmitro, aujourd\u2019hui employ\u00e9 municipal.<\/p>\n<p><a href=\"https:\/\/www.courrierinternational.com\/article\/reportage-en-ukraine-a-la-recherche-des-fantomes-de-la-foret-de-boutcha_232625\" rel=\"nofollow noopener\" target=\"_blank\">Un reportage traduit par Courrier international<\/a> qui relate une recherche \u00e9perdue, sinon d\u00e9sesp\u00e9r\u00e9e, une v\u00e9ritable enqu\u00eate au cours de laquelle l\u2019homme glane v\u00eatements, t\u00e9l\u00e9phones et odeurs, autant d\u2019indices qui pourraient permettre de retrouver les 22 disparus, dont le sort reste inconnu.<\/p>\n<blockquote>\n<p>Au d\u00e9but, les traces \u00e9taient toutes fra\u00eeches, les sous-bois n\u2019avaient pas pouss\u00e9. Puis sont venus l\u2019automne, l\u2019hiver, un autre printemps. La vie a continu\u00e9. Les anciens amis sont d\u00e9sormais des souvenirs. J\u2019ai perdu seize connaissances en un mois.<\/p>\n<\/blockquote>\n<p>        08:57<br \/>\n          <strong>R\u00e9action<\/strong><\/p>\n<p>      Le chef de la diplomatie fran\u00e7aise annonce la pr\u00e9paration d&rsquo;un nouveau paquet de sanctions europ\u00e9ennes<\/p>\n<p>              <a tabindex=\"-1\" title=\"Le Temps\" href=\"https:\/\/www.letemps.ch\/profil\/le-temps\" rel=\"nofollow noopener\" target=\"_blank\"><\/p>\n<p>                    <img decoding=\"async\" src=\"https:\/\/www.europesays.com\/fr\/wp-content\/uploads\/2025\/04\/1744691829_934_small.jpeg\" class=\"lazy\" alt=\"\"\/><\/p>\n<p><\/a>        <\/p>\n<p>  <a class=\"glightbox\" href=\"https:\/\/www.letemps.ch\/placeholder.png\" data-type=\"image\" data-description=\"Jean-No\u00ebl Barrot, ministre fran\u00e7ais des Affaires \u00e9trang\u00e8res, lors d&#039;une r\u00e9union bilat\u00e9rale \u00e0 Kiev, le 21 juillet. \u2014 \u00a9 IMAGO\/Danylo Antoniuk \/ IMAGO\/Anadolu Agency\" data- rel=\"nofollow noopener\" target=\"_blank\"><\/p>\n<p>      <img decoding=\"async\" class=\"lazy\" title=\"Jean-No\u00ebl Barrot, ministre fran\u00e7ais des Affaires \u00e9trang\u00e8res, lors d'une r\u00e9union bilat\u00e9rale \u00e0 Kiev, le 21 juillet. \u2014 \u00a9 IMAGO\/Danylo Antoniuk \/ IMAGO\/Anadolu Agency\" alt=\"Jean-No\u00ebl Barrot, ministre fran\u00e7ais des Affaires \u00e9trang\u00e8res, lors d'une r\u00e9union bilat\u00e9rale \u00e0 Kiev, le 21 juillet. \u2014 \u00a9 IMAGO\/Danylo Antoniuk \/ IMAGO\/Anadolu Agency\" src=\"https:\/\/www.europesays.com\/fr\/wp-content\/uploads\/2025\/07\/1753170673_498_medium.jpeg\"\/><\/p>\n<p>  <\/a><br \/>\n  Jean-No\u00ebl Barrot, ministre fran\u00e7ais des Affaires \u00e9trang\u00e8res, lors d&rsquo;une r\u00e9union bilat\u00e9rale \u00e0 Kiev, le 21 juillet. \u2014 \u00a9 IMAGO\/Danylo Antoniuk \/ IMAGO\/Anadolu Agency<\/p>\n<p>En d\u00e9placement en Ukraine, Jean-No\u00ebl Barrot a annonc\u00e9 <a href=\"https:\/\/www.radiofrance.fr\/franceinter\/podcasts\/l-invite-de-7h50\/l-invite-de-7h50-du-mardi-22-juillet-2025-3929187\" rel=\"nofollow noopener\" target=\"_blank\">dans une interview pour France Inter<\/a> la pr\u00e9paration par la France d\u2019un \u00abnouveau paquet de sanctions\u00bb europ\u00e9ennes contre Moscou.<\/p>\n<blockquote>\n<p>J\u2019ai d\u2019ores et d\u00e9j\u00e0 demand\u00e9 \u00e0 mes \u00e9quipes de pr\u00e9parer un nouveau paquet de sanctions encore plus lourd, des sanctions europ\u00e9ennes, qui doivent nous permettre de peser de tout notre poids avec les Etats-Unis, pour aboutir \u00e0 une fin des hostilit\u00e9s et des n\u00e9gociations en bonne et due forme.<\/p>\n<\/blockquote>\n<p>Au sujet de la rencontre \u00e0 venir ce mercredi entre les deux parties, le ministre a d\u00e9clar\u00e9 que \u00abnous ne pouvons plus accepter que Vladimir Poutine poursuive sa guerre d\u2019agression\u00bb.<\/p>\n<p><strong>\u27a4 Lire aussi:<\/strong> <a href=\"https:\/\/www.letemps.ch\/monde\/europe\/l-ue-adopte-un-18e-paquet-de-sanctions-contre-la-russie-l-un-des-plus-severes-a-ce-jour?srsltid=AfmBOooBHpxUJy2ps7WFS_0Uqfq2dXHFsUuej_mJ9OFyglW_hYunLpfG\" rel=\"nofollow noopener\" target=\"_blank\">L\u2019UE adopte un 18e paquet de sanctions contre la Russie, l\u2019un des \u00abplus s\u00e9v\u00e8res \u00e0 ce jour\u00bb<\/a><\/p>\n<p>        08:38<\/p>\n<p>      Attaque de drones russes \u00e0 Odessa durant la nuit<\/p>\n<p>              <a tabindex=\"-1\" title=\"Le Temps\" href=\"https:\/\/www.letemps.ch\/profil\/le-temps\" rel=\"nofollow noopener\" target=\"_blank\"><\/p>\n<p>                    <img decoding=\"async\" src=\"https:\/\/www.europesays.com\/fr\/wp-content\/uploads\/2025\/04\/1744691829_934_small.jpeg\" class=\"lazy\" alt=\"\"\/><\/p>\n<p><\/a>        <\/p>\n<p>  <a class=\"glightbox\" href=\"https:\/\/www.letemps.ch\/placeholder.png\" data-type=\"image\" data-description=\"Des policiers inspectent les voitures endommag\u00e9es dans une zone r\u00e9sidentielle apr\u00e8s une attaque de drone russe \u00e0 Odessa, en Ukraine, le mardi 22 juillet 2025. \u2014 \u00a9 Michael Shtekel \/ keystone-sda.ch\" data- rel=\"nofollow noopener\" target=\"_blank\"><\/p>\n<p>      <img decoding=\"async\" class=\"lazy\" title=\"Des policiers inspectent les voitures endommag\u00e9es dans une zone r\u00e9sidentielle apr\u00e8s une attaque de drone russe \u00e0 Odessa, en Ukraine, le mardi 22 juillet 2025. \u2014 \u00a9 Michael Shtekel \/ keystone-sda.ch\" alt=\"Des policiers inspectent les voitures endommag\u00e9es dans une zone r\u00e9sidentielle apr\u00e8s une attaque de drone russe \u00e0 Odessa, en Ukraine, le mardi 22 juillet 2025. \u2014 \u00a9 Michael Shtekel \/ keystone-sda.ch\" src=\"https:\/\/www.europesays.com\/fr\/wp-content\/uploads\/2025\/07\/1753170674_481_medium.jpeg\"\/><\/p>\n<p>  <\/a><br \/>\n  Des policiers inspectent les voitures endommag\u00e9es dans une zone r\u00e9sidentielle apr\u00e8s une attaque de drone russe \u00e0 Odessa, en Ukraine, le mardi 22 juillet 2025. \u2014 \u00a9 Michael Shtekel \/ keystone-sda.ch<\/p>\n<p><a href=\"https:\/\/www.kyivpost.com\/post\/56723\" rel=\"nofollow noopener\" target=\"_blank\">Le Kyev Post<\/a> rapporte le tirs de plusieurs drones russes sur la ville portuaire d&rsquo;Odessa durant la nuit. Le maire de la ville a fait part de d\u00e9g\u00e2ts contre des b\u00e2timents r\u00e9sidentiels et des voitures, tandis qu&rsquo;un b\u00e2timent administratif aurait \u00e9t\u00e9 incendi\u00e9. Aucun mort ni bless\u00e9 n&rsquo;a \u00e9t\u00e9 recens\u00e9, selon les propos du gouverneur de l&rsquo;oblast.<\/p>\n<p>Le journal anglophone et g\u00e9n\u00e9raliste rappelle que la ville, \u00e0 l&rsquo;instar du reste du pays, fait l&rsquo;objet de tirs nourris depuis plusieurs semaines. \u00ab\u00a0La Russie a envoy\u00e9 des centaines de drones presque quotidiennement, souvent par vagues nocturnes\u00a0\u00bb.<\/p>\n<p>        21 juillet \u00e0 19:50<\/p>\n<p>      Les prochains pourparlers entre Russes et Ukrainiens sont pr\u00e9vus mercredi<\/p>\n<p>              <a tabindex=\"-1\" title=\"Le Temps avec l\u2019AFP\" href=\"https:\/\/www.letemps.ch\/profil\/le-temps-avec-l-afp\" rel=\"nofollow noopener\" target=\"_blank\"><\/p>\n<p>                    <img decoding=\"async\" src=\"https:\/\/www.europesays.com\/fr\/wp-content\/uploads\/2025\/04\/1744691829_537_small.jpeg\" class=\"lazy\" alt=\"\"\/><\/p>\n<p><\/a>        <\/p>\n<p>Le pr\u00e9sident ukrainien Volodymyr Zelensky a indiqu\u00e9 lundi que les prochains pourparlers de paix entre Moscou et Kiev sont pr\u00e9vus mercredi, apr\u00e8s deux pr\u00e9c\u00e9dentes sessions \u00e0 Istanbul sans grands r\u00e9sultats pour mettre fin \u00e0 la guerre entre les deux pays.<\/p>\n<p>\u00abJ\u2019ai discut\u00e9 avec Roustem Oumerov (le secr\u00e9taire du Conseil de s\u00e9curit\u00e9 ukrainien, ndlr) de la pr\u00e9paration d\u2019un \u00e9change et d\u2019une nouvelle r\u00e9union en Turquie avec la partie russe. Oumerov a indiqu\u00e9 que la r\u00e9union \u00e9tait pr\u00e9vue pour mercredi\u00bb, a d\u00e9clar\u00e9 Volodymyr Zelensky dans son adresse quotidienne diffus\u00e9e sur les r\u00e9seaux sociaux.<\/p>\n<p>        21 juillet \u00e0 18:21<\/p>\n<p>      Un pianiste russe \u00abproche de Poutine\u00bb de passage en Suisse <\/p>\n<p>              <a tabindex=\"-1\" title=\"Le Temps\" href=\"https:\/\/www.letemps.ch\/profil\/le-temps\" rel=\"nofollow noopener\" target=\"_blank\"><\/p>\n<p>                    <img decoding=\"async\" src=\"https:\/\/www.europesays.com\/fr\/wp-content\/uploads\/2025\/04\/1744691829_934_small.jpeg\" class=\"lazy\" alt=\"\"\/><\/p>\n<p><\/a>        <\/p>\n<p>La venue en Suisse du pianiste russe de renomm\u00e9e mondiale, Nikolai Lugansky suscite quelques tensions. L\u2019artiste doit se produire \u00e0 Klosters, dans les Grisons le 3\u00a0ao\u00fbt prochain, il est \u00e9galement attendu pour jouer aux c\u00f4t\u00e9s de l\u2019Orchestre symphonique de Berne. Probl\u00e8me: des activistes ukrainiens d\u00e9noncent ces repr\u00e9sentations et reprochent \u00e0 Nikolai Lugansky\u00a0sa proximit\u00e9 avec le pr\u00e9sident Vladimir Poutine, selon des informations du <a href=\"https:\/\/www.blick.ch\/fr\/suisse\/le-pianiste-nikolai-lugansky-proche-de-poutine-joue-en-suisse-id21066205.html\" rel=\"nofollow noopener\" target=\"_blank\">Blick<\/a> publi\u00e9es dimanche.<\/p>\n<p>Ils reprochent au pianiste d\u2019\u00eatre un \u00abami de Poutine\u00bb et de ne pas se distancier de la guerre d\u2019agression contre l\u2019Ukraine. [\u2026] Le pianiste s\u2019est produit en 2016 et en 2021 \u00e0 Donetsk, la plus grande ville du Donbass alors d\u00e9j\u00e0 occup\u00e9 par la Russie. Selon le magazine \u00abConcerti\u00bb, le musicien a d\u00e9clar\u00e9 \u00e0 propos de l\u2019annexion de la Crim\u00e9e que celle-ci avait toujours \u00e9t\u00e9 historiquement russe\u00bb, d\u00e9taille le quotidien. L\u2019information relay\u00e9e par le Blick est intervenue quelques heures avant l\u2019annonce de l\u2019annulation de la venue \u00e0 Naples du chef d\u2019orchestre pro-Poutine Valeri Guerguiev, blacklist\u00e9 en Occident depuis le d\u00e9but de la guerre en Ukraine.<\/p>\n<p>Lire aussi: <a href=\"https:\/\/www.letemps.ch\/articles\/le-chef-d-orchestre-russe-valery-gergiev-deprogramme-d-un-festival-italien-en-raison-de-sa-proximite-avec-le-kremlin\" rel=\"nofollow noopener\" target=\"_blank\">Le chef d\u2019orchestre russe Valery Gergiev d\u00e9programm\u00e9 d\u2019un festival italien en raison de sa proximit\u00e9 avec le Kremlin<\/a><\/p>\n<p>        21 juillet \u00e0 13:40<\/p>\n<p>      Sur le champ de bataille ukrainien, le p\u00e9ril des agents asphyxiants<\/p>\n<p>              <a tabindex=\"-1\" title=\"Camille Pagella\" href=\"https:\/\/www.letemps.ch\/profil\/camille-pagella\" rel=\"nofollow noopener\" target=\"_blank\"><\/p>\n<p>                    <img decoding=\"async\" src=\"https:\/\/www.europesays.com\/fr\/wp-content\/uploads\/2025\/05\/1747779493_166_small.jpeg\" class=\"lazy\" alt=\"\"\/><\/p>\n<p><\/a>        <\/p>\n<p>Depuis le 24\u00a0f\u00e9vrier 2022, des armes chimiques interdites auraient \u00e9t\u00e9 d\u00e9ploy\u00e9es pas moins de 9000 fois par la Russie sur le champ de bataille ukrainien.\u00a0S\u2019il \u00e9tait d\u00e9j\u00e0 av\u00e9r\u00e9 que les\u00a0<a href=\"https:\/\/www.opcw.org\/media-centre\/news\/2024\/11\/opcw-issues-report-its-technical-assistance-visit-ukraine-following\" rel=\"nofollow noopener\" target=\"_blank\">troupes russes utilisaient du gaz CS<\/a> (un gaz lacrymog\u00e8ne rang\u00e9 dans la cat\u00e9gorie d\u2019agent anti\u00e9meute), les services de renseignement allemand et n\u00e9erlandais avancent d\u00e9sormais la preuve que Moscou emploie \u00e9galement de la chloropicrine, un agent plus puissant de la cat\u00e9gorie des suffocants, potentiellement l\u00e9tal lorsqu\u2019il est utilis\u00e9 \u00e0 des concentrations \u00e9lev\u00e9es dans des espaces clos.<\/p>\n<p>A fortes doses, il peut \u00e9galement entra\u00eener la c\u00e9cit\u00e9 ou des dommages permanents aux poumons. Quant aux effets \u00e0 long terme, certains rapports s\u2019appuyant sur des t\u00e9moignages de soldats signalent un brouillard c\u00e9r\u00e9bral s\u00e9v\u00e8re, des oublis ou encore un b\u00e9gaiement. Au moins trois personnes auraient \u00e9t\u00e9 tu\u00e9es directement par cette arme chimique et pr\u00e8s de 2500 ont \u00e9t\u00e9 prises en charge pour sympt\u00f4mes compatibles avec une exposition \u00e0 la chloropicrine, selon les autorit\u00e9s sanitaires ukrainiennes.<\/p>\n<p>\u27a4 <a href=\"https:\/\/www.letemps.ch\/monde\/europe\/sur-le-champ-de-bataille-ukrainien-le-peril-des-agents-asphyxiants\" rel=\"nofollow noopener\" target=\"_blank\">La suite de l\u2019article est \u00e0 lire ici<\/a><\/p>\n<p>        21 juillet \u00e0 13:10<\/p>\n<p>      Le concert du chef d\u2019orchestre russe Valeri Guerguiev \u00e0 Naples est annul\u00e9<\/p>\n<p>              <a tabindex=\"-1\" title=\"Le Temps avec l\u2019AFP\" href=\"https:\/\/www.letemps.ch\/profil\/le-temps-avec-l-afp\" rel=\"nofollow noopener\" target=\"_blank\"><\/p>\n<p>                    <img decoding=\"async\" src=\"https:\/\/www.europesays.com\/fr\/wp-content\/uploads\/2025\/04\/1744691829_537_small.jpeg\" class=\"lazy\" alt=\"\"\/><\/p>\n<p><\/a>        <\/p>\n<p>Le concert du c\u00e9l\u00e8bre chef d\u2019orchestre russe pro-Poutine Valeri Guerguiev, pr\u00e9vu le 27\u00a0juillet dans le cadre d\u2019un festival pr\u00e8s de Naples en Italie, a \u00e9t\u00e9 annul\u00e9, ont annonc\u00e9 lundi les organisateurs.<\/p>\n<p>Le chef d\u2019orchestre, \u00e9galement directeur du c\u00e9l\u00e8bre Th\u00e9\u00e2tre Bolcho\u00ef de Moscou et ami personnel du chef du Kremlin, devait diriger un concert dans le cadre du festival \u00abUn\u2019Estate da Re\u00bb (\u00abUn \u00e9t\u00e9 de roi\u00bb) organis\u00e9 au palais de Caserte, ex-r\u00e9sidence royale des Bourbons de Naples surnomm\u00e9e le \u00abVersailles italien\u00bb.<\/p>\n<p>  <a class=\"glightbox\" href=\"https:\/\/www.letemps.ch\/placeholder.png\" data-type=\"image\" data-description=\"\u00a9 SERGEI CHIRIKOV \/ AFP\" data- rel=\"nofollow noopener\" target=\"_blank\"><\/p>\n<p>      <img decoding=\"async\" class=\"lazy\" title=\"\u00a9 SERGEI CHIRIKOV \/ AFP\" alt=\"\u00a9 SERGEI CHIRIKOV \/ AFP\" src=\"https:\/\/www.europesays.com\/fr\/wp-content\/uploads\/2025\/07\/1753170677_481_medium.jpeg\"\/><\/p>\n<p>  <\/a><br \/>\n  \u00a9 SERGEI CHIRIKOV \/ AFP<\/p>\n<p>Valeri Guerguiev, directeur du c\u00e9l\u00e8bre Th\u00e9\u00e2tre Bolcho\u00ef de Moscou et ami personnel du chef du Kremlin, est boycott\u00e9 en Occident depuis l\u2019invasion de l\u2019Ukraine par la Russie en 2022 pour ne pas avoir d\u00e9nonc\u00e9 l\u2019offensive contre Kiev. La direction du festival \u00aba d\u00e9cid\u00e9 l\u2019annulation du concert symphonique dirig\u00e9 par Valeri Guerguiev\u00bb, indique un communiqu\u00e9 des organisateurs, apr\u00e8s de nombreuses critiques en Italie et \u00e0 l\u2019\u00e9tranger.<\/p>\n<p><strong>A ce sujet:<\/strong> <a href=\"https:\/\/www.letemps.ch\/culture\/la-participation-du-chef-d-orchestre-russe-valery-gergiev-proche-de-poutine-a-un-festival-italien-finance-par-l-ue-cree-la-polemique?srsltid=AfmBOooqx8t9bqCaPmtEkB9HMhg6D4iETE877Aw_YkSSuUTme7vBmZqA\" rel=\"nofollow noopener\" target=\"_blank\">La participation du chef d\u2019orchestre russe Valery Gergiev, proche de Poutine, \u00e0 un festival italien financ\u00e9 par l\u2019UE cr\u00e9e la pol\u00e9mique<\/a><\/p>\n<p>        21 juillet \u00e0 12:39<\/p>\n<p>      Moscou dit travailler sur l\u2019organisation d\u2019un nouveau cycle de n\u00e9gociations avec Kiev<\/p>\n<p>              <a tabindex=\"-1\" title=\"Le Temps avec l\u2019AFP\" href=\"https:\/\/www.letemps.ch\/profil\/le-temps-avec-l-afp\" rel=\"nofollow noopener\" target=\"_blank\"><\/p>\n<p>                    <img decoding=\"async\" src=\"https:\/\/www.europesays.com\/fr\/wp-content\/uploads\/2025\/04\/1744691829_537_small.jpeg\" class=\"lazy\" alt=\"\"\/><\/p>\n<p><\/a>        <\/p>\n<p>Le Kremlin annonce \u00eatre pr\u00eat \u00e0 participer \u00e0 de nouvelles n\u00e9gociations de paix avec l\u2019Ukraine, tout en affirmant que la date de tels pourparlers n\u2019avait pas encore \u00e9t\u00e9 \u00e9tablie et qu\u2019il faudrait \u00abbeaucoup de travail\u00bb pour rapprocher les positions des deux camps. \u00abNous sommes pour la tenue d\u2019un troisi\u00e8me cycle (apr\u00e8s deux rencontres infructueuses au printemps \u00e0 Istanbul, ndlr.). D\u00e8s qu\u2019une date aura \u00e9t\u00e9 \u00e9tablie, nous vous en informerons\u00bb, a indiqu\u00e9 le porte-parole de la pr\u00e9sidence russe, Dmitri Peskov.<\/p>\n<p>Samedi, le pr\u00e9sident ukrainien Volodymyr Zelensky avait propos\u00e9 \u00e0 Moscou de tenir, cette semaine, de nouveaux pourparlers de paix, actuellement dans l\u2019impasse.<\/p>\n<p>        21 juillet \u00e0 12:37<\/p>\n<p>      Le concert en Italie du chef d&rsquo;orchestre pro-Poutine Valery Gergiev annul\u00e9<\/p>\n<p>              <a tabindex=\"-1\" title=\"Le Temps avec l\u2019AFP\" href=\"https:\/\/www.letemps.ch\/profil\/le-temps-avec-l-afp\" rel=\"nofollow noopener\" target=\"_blank\"><\/p>\n<p>                    <img decoding=\"async\" src=\"https:\/\/www.europesays.com\/fr\/wp-content\/uploads\/2025\/04\/1744691829_537_small.jpeg\" class=\"lazy\" alt=\"\"\/><\/p>\n<p><\/a>        <\/p>\n<p>Le concert pr\u00e9vu fin juillet en Italie du c\u00e9l\u00e8bre chef d&rsquo;orchestre russe pro-Poutine, Valery Gergiev, a \u00e9t\u00e9 annul\u00e9, ont annonc\u00e9 les organisateurs du cadre du festival\u00a0<a href=\"https:\/\/www.unestatedare.it\/\" rel=\"nofollow noopener\" target=\"_blank\">Un\u2019Estate da Re<\/a>, au nord de Naples, apr\u00e8s de nombreuses critiques en Italie et \u00e0 l&rsquo;\u00e9tranger.<\/p>\n<p>Lire \u00e0 ce sujet: <a href=\"https:\/\/www.letemps.ch\/articles\/la-participation-du-chef-d-orchestre-russe-valery-gergiev-proche-de-poutine-a-un-festival-italien-finance-par-l-ue-cree-la-polemique\" rel=\"nofollow noopener\" target=\"_blank\">La participation du chef d\u2019orchestre russe Valery Gergiev, proche de Poutine, \u00e0 un festival italien financ\u00e9 par l\u2019UE cr\u00e9e la pol\u00e9mique<\/a><\/p>\n<p>        21 juillet \u00e0 08:19<\/p>\n<p>      Le ministre fran\u00e7ais des Affaires \u00e9trang\u00e8res est \u00e0 Kiev<\/p>\n<p>              <a tabindex=\"-1\" title=\"Le Temps avec l\u2019AFP\" href=\"https:\/\/www.letemps.ch\/profil\/le-temps-avec-l-afp\" rel=\"nofollow noopener\" target=\"_blank\"><\/p>\n<p>                    <img decoding=\"async\" src=\"https:\/\/www.europesays.com\/fr\/wp-content\/uploads\/2025\/04\/1744691829_537_small.jpeg\" class=\"lazy\" alt=\"\"\/><\/p>\n<p><\/a>        <\/p>\n<p>Le ministre fran\u00e7ais des Affaires \u00e9trang\u00e8res, Jean-No\u00ebl Barrot, est arriv\u00e9 lundi \u00e0 Kiev pour une visite de deux jours destin\u00e9e \u00e0 soutenir l\u2019Ukraine dans sa lutte contre l\u2019invasion russe, ont constat\u00e9 des journalistes de l\u2019AFP.<\/p>\n<p>Jean-No\u00ebl Barrot doit rencontrer son homologue Andri\u00ef Sybiga, le pr\u00e9sident ukrainien Volodymyr Zelensky ainsi que la nouvelle Premi\u00e8re ministre Ioulia Svyrydenko.<\/p>\n<p>\u00abAu lendemain des sanctions d\u2019ampleur in\u00e9dite venant d\u2019\u00eatre adopt\u00e9es par la France et l\u2019Union europ\u00e9enne contre le r\u00e9gime russe, le ministre r\u00e9alisera un point d\u2019\u00e9tape sur le soutien apport\u00e9 par la France \u00e0 l\u2019Ukraine\u00bb, a indiqu\u00e9 le minist\u00e8re fran\u00e7ais des Affaires \u00e9trang\u00e8res dans un communiqu\u00e9.<\/p>\n<p>        21 juillet \u00e0 04:58<\/p>\n<p>      Au moins un mort et deux bless\u00e9s \u00e0 Kiev apr\u00e8s une attaque russe<\/p>\n<p>              <a tabindex=\"-1\" title=\"Le Temps avec l\u2019AFP\" href=\"https:\/\/www.letemps.ch\/profil\/le-temps-avec-l-afp\" rel=\"nofollow noopener\" target=\"_blank\"><\/p>\n<p>                    <img decoding=\"async\" src=\"https:\/\/www.europesays.com\/fr\/wp-content\/uploads\/2025\/04\/1744691829_537_small.jpeg\" class=\"lazy\" alt=\"\"\/><\/p>\n<p><\/a>        <\/p>\n<p>Des frappes russes sur quatre districts de Kiev dans la nuit de dimanche \u00e0 lundi ont fait au moins un mort et deux bless\u00e9s, selon les autorit\u00e9s locales ukrainiennes qui ont \u00e9galement fait \u00e9tat d&rsquo;un incendie dans une \u00e9cole maternelle.<\/p>\n<p>\u00abMalheureusement, nous disposons d&rsquo;informations sur une personne d\u00e9c\u00e9d\u00e9e \u00e0 la suite de l&rsquo;attaque\u00bb, a indiqu\u00e9 sur Telegram le chef de l&rsquo;administration militaire de la ville de Kiev, Tymur Tkachenko, ajoutant que deux personnes avaient \u00e9t\u00e9 bless\u00e9es.<\/p>\n<p>Le maire de la capitale Vitali Klitschko a pour sa part indiqu\u00e9 que plusieurs incendies avaient \u00e9clat\u00e9, notamment dans une \u00e9cole maternelle du district de Dniprovsky. Les frappes ou les d\u00e9bris de drones intercept\u00e9s ont \u00e9galement touch\u00e9 des immeubles r\u00e9sidentiels, un supermarch\u00e9 et l&rsquo;entr\u00e9e d&rsquo;une station de m\u00e9tro, selon Vitali Klitschko, qui a appel\u00e9 les habitants \u00e0 rester dans les abris.<\/p>\n<p>        21 juillet \u00e0 04:43<\/p>\n<p>      La Chine fustige l&rsquo;\u00abimpact n\u00e9gatif grave\u00bb des sanctions europ\u00e9ennes li\u00e9es \u00e0 la guerre en Ukraine<\/p>\n<p>              <a tabindex=\"-1\" title=\"Le Temps avec l\u2019AFP\" href=\"https:\/\/www.letemps.ch\/profil\/le-temps-avec-l-afp\" rel=\"nofollow noopener\" target=\"_blank\"><\/p>\n<p>                    <img decoding=\"async\" src=\"https:\/\/www.europesays.com\/fr\/wp-content\/uploads\/2025\/04\/1744691829_537_small.jpeg\" class=\"lazy\" alt=\"\"\/><\/p>\n<p><\/a>        <\/p>\n<p>La Chine a d\u00e9nonc\u00e9 la nouvelle salve de sanctions europ\u00e9ennes li\u00e9es \u00e0 la guerre en Ukraine, qui visent notamment des entit\u00e9s chinois, d\u00e9non\u00e7ant un \u00abimpact n\u00e9gatif grave\u00bb sur la relation entre la Chine et l&rsquo;Union europ\u00e9enne.<\/p>\n<p>Ces actions \u00absont contraires \u00e0 l&rsquo;esprit de consensus \u00e9tabli entre les dirigeants chinois et europ\u00e9ens, et causent un impact n\u00e9gatif grave sur les relations \u00e9conomiques, commerciales et la coop\u00e9ration financi\u00e8re entre la Chine et l&rsquo;Union europ\u00e9enne\u00bb, a d\u00e9clar\u00e9 un porte-parole du minist\u00e8re chinois du Commerce dans un communiqu\u00e9.<\/p>\n<p>        21 juillet \u00e0 04:43<\/p>\n<p>      Kiev propose \u00e0 Moscou de nouveaux pourparlers la semaine prochaine<\/p>\n<p>              <a tabindex=\"-1\" title=\"Le Temps avec l\u2019AFP\" href=\"https:\/\/www.letemps.ch\/profil\/le-temps-avec-l-afp\" rel=\"nofollow noopener\" target=\"_blank\"><\/p>\n<p>                    <img decoding=\"async\" src=\"https:\/\/www.europesays.com\/fr\/wp-content\/uploads\/2025\/04\/1744691829_537_small.jpeg\" class=\"lazy\" alt=\"\"\/><\/p>\n<p><\/a>        <\/p>\n<p>L\u2019Ukraine a propos\u00e9 \u00e0 la Russie de tenir de nouveaux pourparlers la semaine prochaine, a annonc\u00e9 samedi le pr\u00e9sident Volodymyr Zelensky dans son message quotidien aux Ukrainiens. Pour cela, il a mandat\u00e9 le secr\u00e9taire du Conseil de s\u00e9curit\u00e9 Roustem Oumerov. Il a ajout\u00e9 que la date exacte devait \u00eatre fix\u00e9e.<\/p>\n<p>\u00abIl faut relancer les n\u00e9gociations\u00bb, a-t-il ajout\u00e9. Le pr\u00e9sident ukrainien s&rsquo;est aussi \u00e0 nouveau dit pr\u00eat \u00e0 n\u00e9gocier directement avec son homologue russe Vladimir Poutine. \u00abUne rencontre au plus haut niveau est n\u00e9cessaire pour v\u00e9ritablement assurer la paix\u00bb, a-t-il dit.<\/p>\n","protected":false},"excerpt":{"rendered":"09:31 A la recherche des fant\u00f4mes de la for\u00eat de Boutcha C\u2019est l\u2019histoire d\u2019un ancien prisonnier ukrainien qui&hellip;\n","protected":false},"author":2,"featured_media":265106,"comment_status":"","ping_status":"","sticky":false,"template":"","format":"standard","meta":{"footnotes":""},"categories":[1591],"tags":[11,1887,4438,12,1885,1886,132,220],"class_list":{"0":"post-265105","1":"post","2":"type-post","3":"status-publish","4":"format-standard","5":"has-post-thumbnail","7":"category-russie","8":"tag-actualites","9":"tag-federation-de-russie","10":"tag-free","11":"tag-news","12":"tag-russia","13":"tag-russian-federation","14":"tag-russie","15":"tag-ukraine"},"share_on_mastodon":{"url":"https:\/\/pubeurope.com\/@fr\/114895800793910449","error":""},"_links":{"self":[{"href":"https:\/\/www.europesays.com\/fr\/wp-json\/wp\/v2\/posts\/265105","targetHints":{"allow":["GET"]}}],"collection":[{"href":"https:\/\/www.europesays.com\/fr\/wp-json\/wp\/v2\/posts"}],"about":[{"href":"https:\/\/www.europesays.com\/fr\/wp-json\/wp\/v2\/types\/post"}],"author":[{"embeddable":true,"href":"https:\/\/www.europesays.com\/fr\/wp-json\/wp\/v2\/users\/2"}],"replies":[{"embeddable":true,"href":"https:\/\/www.europesays.com\/fr\/wp-json\/wp\/v2\/comments?post=265105"}],"version-history":[{"count":0,"href":"https:\/\/www.europesays.com\/fr\/wp-json\/wp\/v2\/posts\/265105\/revisions"}],"wp:featuredmedia":[{"embeddable":true,"href":"https:\/\/www.europesays.com\/fr\/wp-json\/wp\/v2\/media\/265106"}],"wp:attachment":[{"href":"https:\/\/www.europesays.com\/fr\/wp-json\/wp\/v2\/media?parent=265105"}],"wp:term":[{"taxonomy":"category","embeddable":true,"href":"https:\/\/www.europesays.com\/fr\/wp-json\/wp\/v2\/categories?post=265105"},{"taxonomy":"post_tag","embeddable":true,"href":"https:\/\/www.europesays.com\/fr\/wp-json\/wp\/v2\/tags?post=265105"}],"curies":[{"name":"wp","href":"https:\/\/api.w.org\/{rel}","templated":true}]}}