{"id":265107,"date":"2025-07-22T07:52:16","date_gmt":"2025-07-22T07:52:16","guid":{"rendered":"https:\/\/www.europesays.com\/fr\/265107\/"},"modified":"2025-07-22T07:52:16","modified_gmt":"2025-07-22T07:52:16","slug":"nouveau-cycle-de-negociations-de-paix-entre-lukraine-et-la-russie-en-turkiye-mercredi","status":"publish","type":"post","link":"https:\/\/www.europesays.com\/fr\/265107\/","title":{"rendered":"Nouveau cycle de n\u00e9gociations de paix entre l&rsquo;Ukraine et la Russie en T\u00fcrkiye mercredi"},"content":{"rendered":"<p style=\"text-align:justify;\">AA \/ Istanbul \/ Alperen Aktas<\/p>\n<p style=\"text-align:justify;\">Un nouveau cycle de pourparlers de paix entre Kiev et Moscou se tiendra en T\u00fcrkiye mercredi, a d\u00e9clar\u00e9 le pr\u00e9sident ukrainien Volodymyr Zelensky, lundi.<\/p>\n<p style=\"text-align:justify;\">Zelensky a d\u00e9clar\u00e9 avoir discut\u00e9 des pr\u00e9paratifs de la r\u00e9union avec la partie russe, ainsi que de la question d&rsquo;un \u00e9change de prisonniers, avec son secr\u00e9taire du Conseil de s\u00e9curit\u00e9 nationale et de d\u00e9fense, Rustem Umerov.<\/p>\n<p style=\"text-align:justify;\">\u00ab\u00a0Umerov a indiqu\u00e9 que la r\u00e9union \u00e9tait pr\u00e9vue pour mercredi. Nous aurons plus de d\u00e9tails demain\u00a0\u00bb, a d\u00e9clar\u00e9 le pr\u00e9sident ukrainien dans une allocution vid\u00e9o diffus\u00e9e dans la soir\u00e9e.<\/p>\n<p style=\"text-align:justify;\">S&rsquo;adressant aux ambassadeurs ukrainiens \u00e0 Kiev, Zelensky a d\u00e9clar\u00e9 plus t\u00f4t dans la journ\u00e9e qu\u2019Umerov avait pr\u00e9sent\u00e9 la proposition, soulignant que \u00ab\u00a0des discussions v\u00e9ritablement efficaces ne peuvent avoir lieu qu&rsquo;au niveau des dirigeants nationaux\u00a0\u00bb.<\/p>\n<p style=\"text-align:justify;\">Il a exhort\u00e9 les diplomates \u00e0 s&rsquo;assurer du soutien de la communaut\u00e9 internationale pour ce format.<\/p>\n<p style=\"text-align:justify;\">Les autorit\u00e9s russes n&rsquo;ont pas comment\u00e9 la d\u00e9claration de Zelensky dans l&rsquo;imm\u00e9diat, mais l&rsquo;agence de presse nationale RIA, citant des sources, a indiqu\u00e9 que les pourparlers se tiendraient les 24 et 25 juillet.<\/p>\n<p style=\"text-align:justify;\">\u00ab\u00a0L&rsquo;ordre du jour de notre c\u00f4t\u00e9 est clair\u00a0\u00bb, a d\u00e9clar\u00e9 Zelensky sur X, ajoutant : \u00ab\u00a0Je vous invite \u00e0 informer vos pays h\u00f4tes de l&rsquo;importance de ce cadre de n\u00e9gociation\u00a0\u00bb.<\/p>\n<p style=\"text-align:justify;\">Alors que l&rsquo;Ukraine se pr\u00e9pare \u00e0 un \u00e9ventuel troisi\u00e8me cycle de n\u00e9gociations, Zelensky a soulign\u00e9 les principales priorit\u00e9s diplomatiques, notamment l&rsquo;\u00e9largissement des sanctions internationales contre la Russie, l&rsquo;acquisition de nouveaux syst\u00e8mes de d\u00e9fense antia\u00e9rienne et l&rsquo;augmentation de la fourniture et du financement des drones.<\/p>\n<p style=\"text-align:justify;\">Selon lui, si l&rsquo;Ukraine est parvenue \u00e0 une coop\u00e9ration mondiale sans pr\u00e9c\u00e9dent, de nouveaux formats sont n\u00e9cessaires.<\/p>\n<p style=\"text-align:justify;\">\u00ab\u00a0Du mod\u00e8le danois, aux initiatives tch\u00e8ques en mati\u00e8re d&rsquo;artillerie, en passant par les Mirages fran\u00e7ais qui stimulent notre aviation, la priorit\u00e9 est d\u00e9sormais aux drones, tous types confondus\u00a0\u00bb, a-t-il d\u00e9clar\u00e9.<\/p>\n<p style=\"text-align:justify;\">Faisant r\u00e9f\u00e9rence aux actifs russes gel\u00e9s et aux victoires d&rsquo;arbitrage juridique, il a appel\u00e9 \u00e0 la cr\u00e9ativit\u00e9 pour les transformer en ressources pour la d\u00e9fense de l&rsquo;Ukraine.<\/p>\n<p style=\"text-align:justify;\">Il a \u00e9galement mentionn\u00e9 la coordination en cours avec l&rsquo;administration du pr\u00e9sident, Donald Trump, sur la d\u00e9fense a\u00e9rienne et les initiatives conjointes en mati\u00e8re de drones.<\/p>\n<p style=\"text-align:justify;\">Zelensky a en outre mis l&rsquo;accent sur les partenariats de l&rsquo;Ukraine au-del\u00e0 de l&rsquo;OTAN et de l&rsquo;UE, citant des formats tels que Ukraine-Europe du Nord, Ukraine-Europe du Sud-Est et la plateforme de Crim\u00e9e, ainsi que le partenariat sp\u00e9cial avec la T\u00fcrkiye.<\/p>\n<p style=\"text-align:justify;\">Il n&rsquo;a pas donn\u00e9 de d\u00e9tails sur l&rsquo;ordre du jour, mais l&rsquo;annonce fait suite \u00e0 des semaines de contacts diplomatiques entre les deux parties, facilit\u00e9s par les canaux turcs.<\/p>\n<p style=\"text-align:justify;\">La semaine derni\u00e8re, le pr\u00e9sident ukrainien a d\u00e9clar\u00e9 qu\u2019Umerov avait propos\u00e9 un nouveau cycle de pourparlers de paix avec la Russie, soulignant que Kiev \u00e9tait pr\u00eate \u00e0 organiser une r\u00e9union au niveau des dirigeants afin d&rsquo;acc\u00e9l\u00e9rer le processus de n\u00e9gociation.<\/p>\n<p style=\"text-align:justify;\">Les deux premiers cycles de n\u00e9gociations de paix directes entre la Russie et l&rsquo;Ukraine se sont tenus dans la m\u00e9tropole turque d&rsquo;Istanbul le 16 mai et le 2 juin.<\/p>\n<p style=\"text-align:justify;\">Lors des derniers pourparlers, les deux parties ont accept\u00e9 d&rsquo;\u00e9changer des prisonniers de guerre suppl\u00e9mentaires &#8211; en donnant la priorit\u00e9 aux plus jeunes et aux plus gravement bless\u00e9s &#8211; et de restituer les d\u00e9pouilles de 6 000 soldats de chaque camp.<\/p>\n<p style=\"text-align:justify;\">.<\/p>\n<p style=\"text-align:justify;\">*Traduit de l\u2019Anglais par Mourad Belhaj <\/p>\n<p>                            &#13;<br \/>\n                                <a href=\"https:\/\/www.aa.com.tr\/fr\/p\/abonnement\/1001\" target=\"_blank\" style=\"font-size:12px; color:#444; text-decoration:none;\" rel=\"noopener\">&#13;<br \/>\n                                    Seulement une partie des d\u00e9p\u00eaches, que l&rsquo;Agence Anadolu diffuse \u00e0 ses abonn\u00e9s via le Syst\u00e8me de Diffusion interne (HAS), est diffus\u00e9e sur le site de l&rsquo;AA, de mani\u00e8re r\u00e9sum\u00e9e. <b style=\"color:#1897F7\">Contactez-nous s&rsquo;il vous pla\u00eet pour vous abonner.<\/b>&#13;<br \/>\n                                <\/a>&#13;<\/p>\n","protected":false},"excerpt":{"rendered":"AA \/ Istanbul \/ Alperen Aktas Un nouveau cycle de pourparlers de paix entre Kiev et Moscou se&hellip;\n","protected":false},"author":2,"featured_media":265108,"comment_status":"","ping_status":"","sticky":false,"template":"","format":"standard","meta":{"footnotes":""},"categories":[1590],"tags":[11,1785,1777,674,5886,12,40467,132,220,134],"class_list":{"0":"post-265107","1":"post","2":"type-post","3":"status-publish","4":"format-standard","5":"has-post-thumbnail","7":"category-ukraine","8":"tag-actualites","9":"tag-anadolu-ajansi","10":"tag-eu","11":"tag-europe","12":"tag-istanbul","13":"tag-news","14":"tag-pourparlers-de-paix","15":"tag-russie","16":"tag-ukraine","17":"tag-volodymyr-zelensky"},"share_on_mastodon":{"url":"https:\/\/pubeurope.com\/@fr\/114895804426049835","error":""},"_links":{"self":[{"href":"https:\/\/www.europesays.com\/fr\/wp-json\/wp\/v2\/posts\/265107","targetHints":{"allow":["GET"]}}],"collection":[{"href":"https:\/\/www.europesays.com\/fr\/wp-json\/wp\/v2\/posts"}],"about":[{"href":"https:\/\/www.europesays.com\/fr\/wp-json\/wp\/v2\/types\/post"}],"author":[{"embeddable":true,"href":"https:\/\/www.europesays.com\/fr\/wp-json\/wp\/v2\/users\/2"}],"replies":[{"embeddable":true,"href":"https:\/\/www.europesays.com\/fr\/wp-json\/wp\/v2\/comments?post=265107"}],"version-history":[{"count":0,"href":"https:\/\/www.europesays.com\/fr\/wp-json\/wp\/v2\/posts\/265107\/revisions"}],"wp:featuredmedia":[{"embeddable":true,"href":"https:\/\/www.europesays.com\/fr\/wp-json\/wp\/v2\/media\/265108"}],"wp:attachment":[{"href":"https:\/\/www.europesays.com\/fr\/wp-json\/wp\/v2\/media?parent=265107"}],"wp:term":[{"taxonomy":"category","embeddable":true,"href":"https:\/\/www.europesays.com\/fr\/wp-json\/wp\/v2\/categories?post=265107"},{"taxonomy":"post_tag","embeddable":true,"href":"https:\/\/www.europesays.com\/fr\/wp-json\/wp\/v2\/tags?post=265107"}],"curies":[{"name":"wp","href":"https:\/\/api.w.org\/{rel}","templated":true}]}}