{"id":265109,"date":"2025-07-22T07:53:10","date_gmt":"2025-07-22T07:53:10","guid":{"rendered":"https:\/\/www.europesays.com\/fr\/265109\/"},"modified":"2025-07-22T07:53:10","modified_gmt":"2025-07-22T07:53:10","slug":"une-ong-denonce-la-retention-deshumanisante-des-migrants-aux-etats-unis","status":"publish","type":"post","link":"https:\/\/www.europesays.com\/fr\/265109\/","title":{"rendered":"une ONG d\u00e9nonce la r\u00e9tention \u00ab\u00a0d\u00e9shumanisante\u00a0\u00bb des migrants aux \u00c9tats-Unis"},"content":{"rendered":"<p>\u00ab\u00a0On devait manger comme des chiens\u00a0\u00bb\u00a0: l\u2019ONG Human Rights Watch (HRW) alerte sur les \u00ab\u00a0pratiques abusives\u00a0\u00bb des \u00c9tats-Unis dans des centres de r\u00e9tention pour migrants sous Donald Trump, qui a fait de la lutte contre l\u2019immigration l\u2019une de ses priorit\u00e9s.<\/p>\n<p>Entre cellules surpeupl\u00e9es, plong\u00e9es dans un froid glacial, et migrants qui dorment \u00e0 m\u00eame le sol sous des n\u00e9ons allum\u00e9s en continu, priv\u00e9s d\u2019hygi\u00e8ne de base, <a href=\"https:\/\/www.hrw.org\/fr\/news\/2025\/07\/21\/etats-unis-des-migrants-detenus-en-floride-dans-des-conditions-abusives\" target=\"_blank\" rel=\"noopener\">le rapport publi\u00e9 ce lundi 21\u00a0juillet par HRW<\/a> se concentre sur trois centres de r\u00e9tention tous situ\u00e9s en Floride\u00a0: le Krome North Service Processing Center, le Broward Transitional Center et le centre de r\u00e9tention f\u00e9d\u00e9ral \u00e0 Miami. Il s\u2019appuie sur les t\u00e9moignages de huit hommes et trois femmes qui y ont \u00e9t\u00e9 ou y sont encore en r\u00e9tention, ainsi que de proches de sept migrants, dont plusieurs ont \u00e9t\u00e9 expuls\u00e9s, et de quatorze avocats sp\u00e9cialis\u00e9s.<\/p>\n<p>\u00ab\u00a0Il n\u2019y avait qu\u2019une seule cuvette et elle \u00e9tait couverte d\u2019excr\u00e9ments\u00a0\u00bb, d\u00e9crit une femme \u00e0 propos de la cellule dans laquelle elle dit \u00eatre rest\u00e9e enferm\u00e9e pendant des jours avec des dizaines d\u2019autres femmes, sans lit ni intimit\u00e9. \u00ab\u00a0On devait se pencher et manger avec la bouche, comme des chiens\u00a0\u00bb, raconte un homme expliquant avoir \u00e9t\u00e9 contraint de manger mains menott\u00e9es dans le dos.<\/p>\n<p>Des privations de m\u00e9dicaments<\/p>\n<p>Un autre rapporte des temp\u00e9ratures volontairement glaciales\u00a0: \u00ab\u00a0Ils ont mont\u00e9 la climatisation. On ne pouvait pas s\u2019endormir tellement il faisait froid. J\u2019ai cr\u00fb que j\u2019allais avoir une hypothermie.\u00a0\u00bb, Une femme raconte, elle, les violences psychologiques inflig\u00e9es. \u00ab\u00a0Si vous demandez de l\u2019aide, ils vous placent \u00e0 l\u2019isolement. Si vous pleurez, ils peuvent vous mettre \u00e0 l\u2019\u00e9cart pendant deux semaines. Alors les gens se taisent\u00a0\u00bb, explique-t-elle.<\/p>\n<p>Dans son rapport, HRW rapporte \u00e9galement des personnes priv\u00e9es de leurs traitements m\u00e9dicaux alors qu\u2019elles souffrent de maladies chroniques comme le diab\u00e8te, l\u2019asthme ou encore des pathologies r\u00e9nales. L\u2019ONG d\u00e9taille en particulier le cas d\u2019une femme victime de calculs r\u00e9naux, prise de vomissements et perdant conscience apr\u00e8s plusieurs jours sans soins, finalement op\u00e9r\u00e9e d\u2019urgence et renvoy\u00e9e dans la m\u00eame cellule.<\/p>\n<p>Selon HRW, cette privation d\u2019acc\u00e8s \u00e0 des soins m\u00e9dicaux \u00ab\u00a0pourrait \u00eatre \u00e0 l\u2019origine de deux d\u00e9c\u00e8s\u00a0\u00bb dans les trois centres concern\u00e9s. <a href=\"https:\/\/www.laprovence.com\/article\/france-monde\/1324709882390515\/des-demandeurs-dasile-arretes-apres-des-audiences-pieges-a-new-york\" target=\"_blank\" rel=\"noopener\">Les migrants<\/a> qui y sont enferm\u00e9s sont trait\u00e9s \u00ab\u00a0de mani\u00e8re d\u00e9gradante et d\u00e9shumanisante\u00a0\u00bb, dans des \u00ab\u00a0conditions qui constituent une violation flagrante des normes internationales en mati\u00e8re de droits humains\u00a0\u00bb, r\u00e9sume l\u2019ONG. Les surveillants vous traitent comme un tas d\u2019ordures. [\u2026] Vous avez le sentiment que votre vie est finie\u00a0\u00bb, l\u00e2che un homme colombien de 63\u00a0ans, qui y a pass\u00e9 63 jours.<\/p>\n<p>Des campagnes d\u2019arrestations massives<\/p>\n<p>D\u2019apr\u00e8s le rapport, la moyenne quotidienne des personnes en centres de r\u00e9tention aux \u00c9tats-Unis a bondi \u00e0 plus de 56\u00a0000 sur les six premiers mois de l\u2019ann\u00e9e\u00a02025, contre 37\u00a0500 tout au long de l\u2019ann\u00e9e\u00a02024. Au 15\u00a0juin, 72% des personnes qui y sont d\u00e9tenues n\u2019ont aucun pass\u00e9 criminel, \u00e9value HRW. Cons\u00e9quence de cette campagne d\u2019arrestations massives\u00a0: l\u2019un des centres de r\u00e9tention sur lesquels s\u2019est pench\u00e9 l\u2019ONG a parfois d\u00e9pass\u00e9 de plus de trois fois sa capacit\u00e9 maximale en mars.<\/p>\n<p><a href=\"https:\/\/www.laprovence.com\/article\/france-monde\/1611619050516614\/aux-etats-unis-lindependance-des-institutions-remise-en-cause-par-trump\" target=\"_blank\" rel=\"noopener\">Donald Trump<\/a> a fait de la lutte contre l\u2019immigration l\u2019une des priorit\u00e9s absolues de son second mandat, y consacrant des centaines de milliards de dollars.\u00a0Dans le m\u00e9gaprojet de loi budg\u00e9taire r\u00e9cemment approuv\u00e9 par le Congr\u00e8s am\u00e9ricain, 45\u00a0milliards sont allou\u00e9s \u00e0 la cr\u00e9ation de 100\u00a0000 places dans les centres de r\u00e9tention pour migrants.<\/p>\n<p>Contact\u00e9e par l\u2019AFP, la police de l\u2019immigration, dont les arrestations violentes avaient d\u00e9clench\u00e9 en juin un important mouvement de protestation \u00e0 Los Angeles, n\u2019a pas r\u00e9pondu dans l\u2019imm\u00e9diat.<\/p>\n","protected":false},"excerpt":{"rendered":"\u00ab\u00a0On devait manger comme des chiens\u00a0\u00bb\u00a0: l\u2019ONG Human Rights Watch (HRW) alerte sur les \u00ab\u00a0pratiques abusives\u00a0\u00bb des \u00c9tats-Unis&hellip;\n","protected":false},"author":2,"featured_media":265110,"comment_status":"","ping_status":"","sticky":false,"template":"","format":"standard","meta":{"footnotes":""},"categories":[1589],"tags":[17,11,13370,1993,7891,154,73,1866,329,12,11356,6638,96,1864,1865,1863,308],"class_list":{"0":"post-265109","1":"post","2":"type-post","3":"status-publish","4":"format-standard","5":"has-post-thumbnail","7":"category-etats-unis","8":"tag-17","9":"tag-actualites","10":"tag-chiens","11":"tag-comme","12":"tag-denonce","13":"tag-des","14":"tag-etats-unis","15":"tag-etats-unis-damerique","16":"tag-france-monde","17":"tag-news","18":"tag-ong","19":"tag-retention","20":"tag-une","21":"tag-united-states","22":"tag-united-states-of-america","23":"tag-us","24":"tag-usa"},"share_on_mastodon":{"url":"https:\/\/pubeurope.com\/@fr\/114895808334381197","error":""},"_links":{"self":[{"href":"https:\/\/www.europesays.com\/fr\/wp-json\/wp\/v2\/posts\/265109","targetHints":{"allow":["GET"]}}],"collection":[{"href":"https:\/\/www.europesays.com\/fr\/wp-json\/wp\/v2\/posts"}],"about":[{"href":"https:\/\/www.europesays.com\/fr\/wp-json\/wp\/v2\/types\/post"}],"author":[{"embeddable":true,"href":"https:\/\/www.europesays.com\/fr\/wp-json\/wp\/v2\/users\/2"}],"replies":[{"embeddable":true,"href":"https:\/\/www.europesays.com\/fr\/wp-json\/wp\/v2\/comments?post=265109"}],"version-history":[{"count":0,"href":"https:\/\/www.europesays.com\/fr\/wp-json\/wp\/v2\/posts\/265109\/revisions"}],"wp:featuredmedia":[{"embeddable":true,"href":"https:\/\/www.europesays.com\/fr\/wp-json\/wp\/v2\/media\/265110"}],"wp:attachment":[{"href":"https:\/\/www.europesays.com\/fr\/wp-json\/wp\/v2\/media?parent=265109"}],"wp:term":[{"taxonomy":"category","embeddable":true,"href":"https:\/\/www.europesays.com\/fr\/wp-json\/wp\/v2\/categories?post=265109"},{"taxonomy":"post_tag","embeddable":true,"href":"https:\/\/www.europesays.com\/fr\/wp-json\/wp\/v2\/tags?post=265109"}],"curies":[{"name":"wp","href":"https:\/\/api.w.org\/{rel}","templated":true}]}}