{"id":265113,"date":"2025-07-22T07:55:10","date_gmt":"2025-07-22T07:55:10","guid":{"rendered":"https:\/\/www.europesays.com\/fr\/265113\/"},"modified":"2025-07-22T07:55:10","modified_gmt":"2025-07-22T07:55:10","slug":"lallemagne-et-la-norvege-preparent-un-nouvel-accord-de-defense","status":"publish","type":"post","link":"https:\/\/www.europesays.com\/fr\/265113\/","title":{"rendered":"L\u2019Allemagne et la Norv\u00e8ge pr\u00e9parent un nouvel accord de d\u00e9fense"},"content":{"rendered":"<p>\n<strong>BERLIN \u2013 L&rsquo;Allemagne et la Norv\u00e8ge ont annonc\u00e9 lundi soir que les deux pays planchaient sur un trait\u00e9 bilat\u00e9ral de d\u00e9fense, le dernier d\u2019une s\u00e9rie d&rsquo;accords de s\u00e9curit\u00e9 conclus r\u00e9cemment entre diff\u00e9rents pays europ\u00e9ens.<\/strong>\n<\/p>\n<p>\nCe trait\u00e9, qui sera pr\u00e9par\u00e9 par les deux ministres de la D\u00e9fense, vise \u00e0 renforcer la coop\u00e9ration en mati\u00e8re de d\u00e9fense, qui s\u2019est d\u00e9j\u00e0 intensifi\u00e9e depuis le d\u00e9but de l&rsquo;invasion \u00e0 grande \u00e9chelle de l&rsquo;Ukraine par la Russie.\n<\/p>\n<p>\nBerlin et Oslo sont parmi les principaux partisans d&rsquo;une r\u00e9cente <a href=\"https:\/\/www.euractiv.com\/section\/defence\/news\/us-in-talks-with-europe-on-tapping-defence-stockpiles-for-ukraine\/\" rel=\"nofollow noopener\" target=\"_blank\">initiative<\/a> des pays europ\u00e9ens de l&rsquo;OTAN visant \u00e0 acheter du mat\u00e9riel de d\u00e9fense am\u00e9ricain pour l&rsquo;Ukraine.\n<\/p>\n<p>\nLes ministres de la D\u00e9fense des deux pays ont \u00e9galement <a href=\"https:\/\/www.euractiv.com\/section\/defence\/news\/germany-norway-press-nato-allies-to-divide-responsibility-for-underwater-infrastructure-protection\/\" rel=\"nofollow noopener\" target=\"_blank\">exhort\u00e9<\/a> l&rsquo;OTAN \u00e0 am\u00e9liorer la protection des infrastructures sous-marines europ\u00e9ennes, alors que des actes de sabotage pr\u00e9sum\u00e9s, attribu\u00e9s \u00e0 la Russie et \u00e0 la Chine, ont ces derniers mois suscit\u00e9 des inqui\u00e9tudes.\n<\/p>\n<p>\nDans une d\u00e9claration commune publi\u00e9e lundi, l&rsquo;Allemagne et la Norv\u00e8ge ont soulign\u00e9 que leur partenariat \u00e9troit reposait sur des \u00ab valeurs communes \u00bb, r\u00e9affirmant leur engagement en faveur de la s\u00e9curit\u00e9 maritime, ainsi que d&rsquo;une coop\u00e9ration plus \u00e9troite sur terre et dans l&rsquo;espace.\n<\/p>\n<p>\n<strong>Dynamiques bilat\u00e9rales<\/strong>\n<\/p>\n<p>\nLe trait\u00e9 pr\u00e9vu s&rsquo;inscrit dans le cadre d&rsquo;efforts plus larges visant \u00e0 renforcer les structures de d\u00e9fense europ\u00e9ennes par le biais d&rsquo;accords bilat\u00e9raux, face aux menaces de la Russie et au retrait potentiel des \u00c9tats-Unis de l&rsquo;architecture de s\u00e9curit\u00e9 du continent.\n<\/p>\n<p>\n\u00ab S&rsquo;il y a quelque chose de positif dans cette terrible guerre en Ukraine, c&rsquo;est qu&rsquo;elle nous rassemble, nous Europ\u00e9ens \u00bb, a d\u00e9clar\u00e9 le chancelier Friedrich Merz lors d&rsquo;une conf\u00e9rence de presse avec son homologue norv\u00e9gien, Jonas Gahr St\u00f8re, \u00e0 Berlin.\n<\/p>\n<p>\nCette initiative se concentre sur les pays non membres de l&rsquo;UE tels que la Norv\u00e8ge et la Grande-Bretagne, a-t-il ajout\u00e9, tout en soulignant qu&rsquo;elle n&rsquo;\u00e9tait \u00ab pas en contradiction avec notre politique europ\u00e9enne \u00bb.\n<\/p>\n<p>\nCes accords sont conclus parall\u00e8lement aux structures de d\u00e9fense de l&rsquo;OTAN, qui lient d\u00e9j\u00e0 la plupart des alli\u00e9s europ\u00e9ens.\n<\/p>\n<p>\nLa semaine derni\u00e8re, l&rsquo;Allemagne a sign\u00e9 avec le Royaume-Uni le \u00ab trait\u00e9 de Kensington \u00bb, qui <a href=\"https:\/\/www.euractiv.com\/section\/politics\/news\/germany-uk-pledge-to-coordinate-on-nuclear-deterrence-security-in-landmark-treaty\/\" rel=\"nofollow noopener\" target=\"_blank\">engage<\/a> les deux pays \u00e0 coop\u00e9rer de mani\u00e8re plus \u00e9troite en mati\u00e8re de s\u00e9curit\u00e9, sur la base de l&rsquo;accord de coop\u00e9ration minist\u00e9rielle <a href=\"https:\/\/www.euractiv.com\/section\/politics\/news\/uk-and-germany-seal-milestone-defence-deal-on-way-to-bilateral-treaty\/\" rel=\"nofollow noopener\" target=\"_blank\">conclu<\/a> l&rsquo;ann\u00e9e derni\u00e8re.\n<\/p>\n<p>\nQuelques jours plus t\u00f4t, la Grande-Bretagne et la France avaient annonc\u00e9 qu&rsquo;elles allaient commencer \u00e0 coordonner pour la premi\u00e8re fois leurs forces de dissuasion nucl\u00e9aire. Paris et Berlin pr\u00e9voient \u00e9galement d&rsquo;intensifier leurs relations en mati\u00e8re de d\u00e9fense dans le courant de l&rsquo;\u00e9t\u00e9.\n<\/p>\n<p>\nLes trois pays sont d\u00e9sormais li\u00e9s par des accords d&rsquo;assistance mutuelle ind\u00e9pendants, qui compl\u00e8tent l&rsquo;accord de l&rsquo;article 5 de l&rsquo;OTAN. Ils forment ensemble le groupe E3. Ces nouveaux formats multilat\u00e9raux sont de plus en plus utilis\u00e9s pour d\u00e9finir une ligne commune en mati\u00e8re de politique \u00e9trang\u00e8re et de s\u00e9curit\u00e9, domaine dans lequel l&rsquo;UE n&rsquo;a pas de comp\u00e9tence.<\/p>\n","protected":false},"excerpt":{"rendered":"BERLIN \u2013 L&rsquo;Allemagne et la Norv\u00e8ge ont annonc\u00e9 lundi soir que les deux pays planchaient sur un trait\u00e9&hellip;\n","protected":false},"author":2,"featured_media":265114,"comment_status":"","ping_status":"","sticky":false,"template":"","format":"standard","meta":{"footnotes":""},"categories":[1587],"tags":[11,672,1804,1805,1803,1777,674,1801,12,1802],"class_list":{"0":"post-265113","1":"post","2":"type-post","3":"status-publish","4":"format-standard","5":"has-post-thumbnail","7":"category-allemagne","8":"tag-actualites","9":"tag-allemagne","10":"tag-bundesrepublik-deutschland","11":"tag-de","12":"tag-deutschland","13":"tag-eu","14":"tag-europe","15":"tag-germany","16":"tag-news","17":"tag-republique-federale-dallemagne"},"share_on_mastodon":{"url":"https:\/\/pubeurope.com\/@fr\/114895816239205565","error":""},"_links":{"self":[{"href":"https:\/\/www.europesays.com\/fr\/wp-json\/wp\/v2\/posts\/265113","targetHints":{"allow":["GET"]}}],"collection":[{"href":"https:\/\/www.europesays.com\/fr\/wp-json\/wp\/v2\/posts"}],"about":[{"href":"https:\/\/www.europesays.com\/fr\/wp-json\/wp\/v2\/types\/post"}],"author":[{"embeddable":true,"href":"https:\/\/www.europesays.com\/fr\/wp-json\/wp\/v2\/users\/2"}],"replies":[{"embeddable":true,"href":"https:\/\/www.europesays.com\/fr\/wp-json\/wp\/v2\/comments?post=265113"}],"version-history":[{"count":0,"href":"https:\/\/www.europesays.com\/fr\/wp-json\/wp\/v2\/posts\/265113\/revisions"}],"wp:featuredmedia":[{"embeddable":true,"href":"https:\/\/www.europesays.com\/fr\/wp-json\/wp\/v2\/media\/265114"}],"wp:attachment":[{"href":"https:\/\/www.europesays.com\/fr\/wp-json\/wp\/v2\/media?parent=265113"}],"wp:term":[{"taxonomy":"category","embeddable":true,"href":"https:\/\/www.europesays.com\/fr\/wp-json\/wp\/v2\/categories?post=265113"},{"taxonomy":"post_tag","embeddable":true,"href":"https:\/\/www.europesays.com\/fr\/wp-json\/wp\/v2\/tags?post=265113"}],"curies":[{"name":"wp","href":"https:\/\/api.w.org\/{rel}","templated":true}]}}