{"id":265130,"date":"2025-07-22T08:06:09","date_gmt":"2025-07-22T08:06:09","guid":{"rendered":"https:\/\/www.europesays.com\/fr\/265130\/"},"modified":"2025-07-22T08:06:09","modified_gmt":"2025-07-22T08:06:09","slug":"marquez-plus-tard-les-records-et-largentine-renait","status":"publish","type":"post","link":"https:\/\/www.europesays.com\/fr\/265130\/","title":{"rendered":"Marquez, plus tard les records. Et l\u2019Argentine rena\u00eet !"},"content":{"rendered":"<p>Sauf que d&rsquo;abord les sprints ne comptent pas dans les r\u00e9sultats officiels \u00e0 part dans les points. Ils sont juste un r\u00e9gal pour les TV et une \u00e9norme pression suppl\u00e9mentaire pour les pilotes. Donc tous ceux que Marquez a enfil\u00e9 comme des perles sont justes bons pour le tralala. La trajectoire en or de Marquez avant son accident de 2020 est math\u00e9matiquement claire, avec deux ann\u00e9es d&rsquo;acm\u00e9.<strong> En 2014,13 victoires (dont dix d&rsquo;affil\u00e9e mais elles ne rapportent pas plus) sur 18 GP, soit une moyenne de 72,2% de victoires&#8230; En 2019, autre ann\u00e9e de folie, 12 victoires sur 19 GP, soit un taux de victoires de 63,1%.<\/strong> Cette ann\u00e9e est loin d&rsquo;\u00eatre finie, on en est \u00e0 se dire qu&rsquo;il sera peut-\u00eatre titr\u00e9 \u00e0 Misano avant de voyager en Extr\u00eame-Orient&#8230; lui rappelle qu&rsquo;il peut se blesser \u00e0 chaque fois qu&rsquo;il monte en selle et que donc pr\u00e9dire l&rsquo;avenir est compl\u00e8tement cr\u00e9tin et il a raison. <strong>En 2025, on a d\u00e9j\u00e0 couru 12 GP. Il a gagn\u00e9 &#8230; seulement huit fois<\/strong> ! Et oui, battu aux USA (Bagnaia) \u00e0 Jerez (Alex Marquez) au Mans (Zarco) et \u00e0 Silverstone (Bezzecchi) il est donc loin de ses records absolus mais proche de ses records relatifs, <strong>avec 66,67% de victoires sur 2025.<\/strong> Il dit que son seul objectif est le titre, qu&rsquo;il se fout des records. Pourquoi pas ? Cela-dit, au-del\u00e0 de l&rsquo;intense plaisir d&rsquo;un titre mondial, il y a aussi cette ann\u00e9e la perspective d&rsquo;\u00e9galer Rossi (et aussi Hailwood et Ubbiali) en troisi\u00e8me place au niveau mondial toutes cylindr\u00e9es confondues ! S&rsquo;il remet \u00e7a en 2026 il sera toujours troisi\u00e8me mais tout seul. Cette ann\u00e9e, en s&rsquo;en tenant strictement aux r\u00e9sultats 500\/MotoGP, il peut aussi devenir deux \u00e0 \u00e9galit\u00e9 avec Rossi et \u00e9galer Agostini en 2026 ! On sait \u00e0 quel point Rossi, qui est assez d\u00e9cevant dans ce domaine, comme quoi on peut \u00eatre \u00e0 la fois immense et petit, se crispe sur chaque point d&rsquo;avance pris par Marquez ! Quelque part savoir que le \u00ab dottore \u00bb a les dents qui grincent peut quand m\u00eame, y compris si on s&rsquo;en fout, \u00eatre un bonheur. Hier, les commentateurs de TV MotoGP se disaient en se marrant que le seul qui profitera bien des vacances sera Marc Marquez ! Marrant mais c&rsquo;est historiquement faux, car en ce moment il est dans une forme \u00e9blouissante et en phase 100%&#8230; Et l&rsquo;on sait que les d\u00e9lices de Capoue ont \u00e9t\u00e9 une erreur fatale pour Hannibal qui tenait l&#8217;empire romain \u00e0 sa botte apr\u00e8s avoir pass\u00e9 les Alpes avec ses \u00e9l\u00e9phants ! Bon, de toute fa\u00e7on Marquez n&rsquo;ira pas \u00e0 Capoue, qui est en Italie et o\u00f9 il serait d\u00e9rang\u00e9 par les imb\u00e9ciles qui le sifflent sur les circuits italiens&#8230; Martin passera aussi de bonnes vacances, Bezzecchi, Acosta, Bastia&#8230; En revanche \u00e0 l&rsquo;atelier Ducati, on va passer l&rsquo;\u00e9t\u00e9 \u00e0 bosser, nous l&rsquo;avons \u00e9crit hier, deux Ducati seulement dans le Top Ten, m\u00eame avec la victoire, \u00e7a veut dire que derri\u00e8re on se rapproche s\u00e9v\u00e8re. Gigi n&rsquo;ira pas non plus \u00e0 Capoue !<\/p>\n","protected":false},"excerpt":{"rendered":"Sauf que d&rsquo;abord les sprints ne comptent pas dans les r\u00e9sultats officiels \u00e0 part dans les points. Ils&hellip;\n","protected":false},"author":2,"featured_media":265131,"comment_status":"","ping_status":"","sticky":false,"template":"","format":"standard","meta":{"footnotes":""},"categories":[1413],"tags":[17,21202,6715,31488,4266,1011,27,1461,1457,1456,1458,40475,40474,60],"class_list":{"0":"post-265130","1":"post","2":"type-post","3":"status-publish","4":"format-standard","5":"has-post-thumbnail","7":"category-moto","8":"tag-17","9":"tag-21202","10":"tag-argentine","11":"tag-buenos-aires","12":"tag-ducati","13":"tag-fr","14":"tag-france","15":"tag-marc-marquez","16":"tag-moto","17":"tag-motocycle","18":"tag-motogp","19":"tag-nouveau-gp","20":"tag-pas-encore-de-records","21":"tag-sports"},"share_on_mastodon":{"url":"https:\/\/pubeurope.com\/@fr\/114895859429373194","error":""},"_links":{"self":[{"href":"https:\/\/www.europesays.com\/fr\/wp-json\/wp\/v2\/posts\/265130","targetHints":{"allow":["GET"]}}],"collection":[{"href":"https:\/\/www.europesays.com\/fr\/wp-json\/wp\/v2\/posts"}],"about":[{"href":"https:\/\/www.europesays.com\/fr\/wp-json\/wp\/v2\/types\/post"}],"author":[{"embeddable":true,"href":"https:\/\/www.europesays.com\/fr\/wp-json\/wp\/v2\/users\/2"}],"replies":[{"embeddable":true,"href":"https:\/\/www.europesays.com\/fr\/wp-json\/wp\/v2\/comments?post=265130"}],"version-history":[{"count":0,"href":"https:\/\/www.europesays.com\/fr\/wp-json\/wp\/v2\/posts\/265130\/revisions"}],"wp:featuredmedia":[{"embeddable":true,"href":"https:\/\/www.europesays.com\/fr\/wp-json\/wp\/v2\/media\/265131"}],"wp:attachment":[{"href":"https:\/\/www.europesays.com\/fr\/wp-json\/wp\/v2\/media?parent=265130"}],"wp:term":[{"taxonomy":"category","embeddable":true,"href":"https:\/\/www.europesays.com\/fr\/wp-json\/wp\/v2\/categories?post=265130"},{"taxonomy":"post_tag","embeddable":true,"href":"https:\/\/www.europesays.com\/fr\/wp-json\/wp\/v2\/tags?post=265130"}],"curies":[{"name":"wp","href":"https:\/\/api.w.org\/{rel}","templated":true}]}}