{"id":265139,"date":"2025-07-22T08:11:10","date_gmt":"2025-07-22T08:11:10","guid":{"rendered":"https:\/\/www.europesays.com\/fr\/265139\/"},"modified":"2025-07-22T08:11:10","modified_gmt":"2025-07-22T08:11:10","slug":"cest-une-scene-etrange-pour-un-tableau-il-ny-a-rien-dhumain-la-dedans-quand-les-gardiens-de-musee-se-confient","status":"publish","type":"post","link":"https:\/\/www.europesays.com\/fr\/265139\/","title":{"rendered":"\u00ab\u00a0C&rsquo;est une sc\u00e8ne \u00e9trange pour un tableau, il n&rsquo;y a rien d&rsquo;humain l\u00e0-dedans.\u00a0\u00bb Quand les gardiens de mus\u00e9e se confient"},"content":{"rendered":"<p class=\"article__intro\">Le four \u00e0 pl\u00e2tre\u00a0\u00bb peint par Th\u00e9odore G\u00e9ricault est expos\u00e9 au Louvre \u00e0 Paris. Fr\u00e9d\u00e9ric, un des gardiens du mus\u00e9e, se livre sur son ressenti dans la s\u00e9rie \u00ab\u00a0Les veilleurs\u00a0\u00bb. <\/p>\n<p>\n      L\u2019actu des r\u00e9gions\n    <\/p>\n<p>\n      Chaque jour, un tour d\u2019horizon des principales infos de toutes les r\u00e9gions.\n    <\/p>\n<p>    France T\u00e9l\u00e9visions utilise votre adresse e-mail afin de vous envoyer la newsletter \u00ab\u00a0L\u2019actu des r\u00e9gions\u00a0\u00bb. Vous pouvez vous d\u00e9sinscrire \u00e0 tout moment via le lien en bas de cette newsletter. <a target=\"_blank\" href=\"https:\/\/www.francetelevisions.fr\/groupe\/confidentialite\/politique-de-confidentialite\/politique-de-confidentialite-de-france-televisions-6503\" rel=\"nofollow noopener\">Notre politique de confidentialit\u00e9<\/a><\/p>\n<p>C&rsquo;est une toile petite par sa taille mais monumentale par l&rsquo;\u00e9motion qu\u2019elle exerce sur Fr\u00e9d\u00e9ric. <a target=\"_blank\" rel=\"noopener nofollow\" href=\"https:\/\/collections.louvre.fr\/ark:\/53355\/cl010059202\">\u00ab\u00a0Le four \u00e0 pl\u00e2tre\u00a0\u00bb<\/a> a \u00e9t\u00e9 peint en 1822\/ 1823 par Th\u00e9odore G\u00e9ricault : \u00a0\u00bb C\u2019est une sc\u00e8ne \u00e9trange pour un tableau, il n&rsquo;y a rien d\u2019humain l\u00e0-dedans.\u00a0On ne sait pas si on est dans le jour ou dans la nuit.\u00a0On voit ces chevaux qui sont l\u00e0 en train de tirer des charrettes de pl\u00e2tre ou de chaux dans un paysage lunaire.\u00a0\u00bb<\/p>\n<p><a data-article-figure=\"\" href=\"https:\/\/france3-regions.franceinfo.fr\/image\/dzs97GEfV8QfzDodNMOLxX1PPu0\/1895x866\/regions\/2024\/12\/16\/2024-12-16-12-13-48-frederic-documentaire-en-replay-67600c0071e8f183953721.png\" data-pswp-width=\"1895\" data-pswp-height=\"866\" target=\"_blank\" rel=\"nofollow noopener\"><\/p>\n<p>          <img width=\"600\" height=\"400\" class=\"article-image lazy\" data-src=\"https:\/\/www.europesays.com\/fr\/wp-content\/uploads\/2025\/07\/2024-12-16-12-13-48-frederic-documentaire-en-replay-67600c0071e8f183953721.png\" alt=\"&quot;Les veilleurs&quot; - Fr\u00e9d\u00e9ric - Le four \u00e0 pl\u00e2tre - 1822\/1823 - Th\u00e9odore G\u00e9ricault\" fetchpriority=\"high\" as=\"image\"\/><\/p>\n<p>\n            \u00ab\u00a0Les veilleurs\u00a0\u00bb &#8211; Fr\u00e9d\u00e9ric &#8211; Le four \u00e0 pl\u00e2tre &#8211; 1822\/1823 &#8211; Th\u00e9odore G\u00e9ricault<br \/>\n                           \u2022<br \/>\n                                      \u00a9 France 3 Paris \u00cele-de-France\n                      <\/p>\n<p><\/a><\/p>\n<p>\u00c0 travers ce petit tableau, Fr\u00e9d\u00e9ric entrevoit toute la sensibilit\u00e9 de G\u00e9ricault, connu pour ses repr\u00e9sentations de chevaux glorifi\u00e9s mais ici, r\u00e9duits \u00e0 leur condition de b\u00eates de somme : \u00ab\u00a0Les chevaux sont compl\u00e8tement asservis au travail, le regard compl\u00e8tement obtur\u00e9s par des sortes de grandes poches en tissu qui fait qu\u2019un ne voit pas du tout le regard de ces pauvres animaux. \u00c7a annonce une \u00e8re pr\u00e9industrielle, qui correspond \u00e0 ce qu\u2019on a v\u00e9cu au XIX\u00e8me si\u00e8cle ici en France et dans les pays comme l\u2019Angleterre. Dans les usines, les manufactures.\u00a0\u00bb<\/p>\n<blockquote class=\"ftvi_content_quote\">\n<p class=\"ftvi_citation_quote\">C\u2019est assez \u00e9mouvant de se dire qu\u2019une \u0153uvre d\u2019art est une chose vivante<\/p>\n<\/blockquote>\n<p>Au-del\u00e0 de son sujet, l\u2019\u0153uvre fascine aussi le veilleur par sa mat\u00e9rialit\u00e9 : \u00ab\u00a0G\u00e9ricault a utilis\u00e9 du noir de bitume, la peinture vit encore, bouge, s\u2019obscurcit et dispara\u00eetra peut-\u00eatre au fil du temps. Et c\u2019est assez \u00e9mouvant de se dire qu\u2019une \u0153uvre d\u2019art est une chose vivante.\u00a0\u00bb<\/p>\n<p>\u00ab\u00a0Les veilleurs\u00a0\u00bb sont \u00e0 retrouver sur <a target=\"_blank\" rel=\"noopener nofollow\" href=\"https:\/\/www.france.tv\/france-3\/paris-ile-de-france\/\">france.tv\/idf<\/a><\/p>\n","protected":false},"excerpt":{"rendered":"Le four \u00e0 pl\u00e2tre\u00a0\u00bb peint par Th\u00e9odore G\u00e9ricault est expos\u00e9 au Louvre \u00e0 Paris. Fr\u00e9d\u00e9ric, un des gardiens&hellip;\n","protected":false},"author":2,"featured_media":265140,"comment_status":"","ping_status":"","sticky":false,"template":"","format":"standard","meta":{"footnotes":""},"categories":[1358],"tags":[1348,1384,1385,1386,58,59,1011,27],"class_list":{"0":"post-265139","1":"post","2":"type-post","3":"status-publish","4":"format-standard","5":"has-post-thumbnail","7":"category-arts-et-design","8":"tag-arts","9":"tag-arts-and-design","10":"tag-arts-et-design","11":"tag-design","12":"tag-divertissement","13":"tag-entertainment","14":"tag-fr","15":"tag-france"},"share_on_mastodon":{"url":"https:\/\/pubeurope.com\/@fr\/114895879101101550","error":""},"_links":{"self":[{"href":"https:\/\/www.europesays.com\/fr\/wp-json\/wp\/v2\/posts\/265139","targetHints":{"allow":["GET"]}}],"collection":[{"href":"https:\/\/www.europesays.com\/fr\/wp-json\/wp\/v2\/posts"}],"about":[{"href":"https:\/\/www.europesays.com\/fr\/wp-json\/wp\/v2\/types\/post"}],"author":[{"embeddable":true,"href":"https:\/\/www.europesays.com\/fr\/wp-json\/wp\/v2\/users\/2"}],"replies":[{"embeddable":true,"href":"https:\/\/www.europesays.com\/fr\/wp-json\/wp\/v2\/comments?post=265139"}],"version-history":[{"count":0,"href":"https:\/\/www.europesays.com\/fr\/wp-json\/wp\/v2\/posts\/265139\/revisions"}],"wp:featuredmedia":[{"embeddable":true,"href":"https:\/\/www.europesays.com\/fr\/wp-json\/wp\/v2\/media\/265140"}],"wp:attachment":[{"href":"https:\/\/www.europesays.com\/fr\/wp-json\/wp\/v2\/media?parent=265139"}],"wp:term":[{"taxonomy":"category","embeddable":true,"href":"https:\/\/www.europesays.com\/fr\/wp-json\/wp\/v2\/categories?post=265139"},{"taxonomy":"post_tag","embeddable":true,"href":"https:\/\/www.europesays.com\/fr\/wp-json\/wp\/v2\/tags?post=265139"}],"curies":[{"name":"wp","href":"https:\/\/api.w.org\/{rel}","templated":true}]}}