{"id":265147,"date":"2025-07-22T08:15:22","date_gmt":"2025-07-22T08:15:22","guid":{"rendered":"https:\/\/www.europesays.com\/fr\/265147\/"},"modified":"2025-07-22T08:15:22","modified_gmt":"2025-07-22T08:15:22","slug":"la-cote-de-pedro-pascal-est-au-plus-haut-a-hollywood-eddington-est-son-troisieme-film-a-laffiche-cet-ete","status":"publish","type":"post","link":"https:\/\/www.europesays.com\/fr\/265147\/","title":{"rendered":"La cote de Pedro Pascal est au plus haut \u00e0 Hollywood: \u00ab\u00a0Eddington\u00a0\u00bb est son troisi\u00e8me film \u00e0 l&rsquo;affiche cet \u00e9t\u00e9"},"content":{"rendered":"<p>Un duo iconique<\/p>\n<p class=\"ap-StoryElement ap-StoryElement--mb ap-StoryText\">Pedro Pascal, c&rsquo;est un peu l&rsquo;anti-Joaquin Phoenix. Quand le premier se d\u00e9marque par sa coolitude, le second suinte le malaise qui l&rsquo;habite \u00e0 l&rsquo;\u00e9cran et en a fait sa marque de fabrique. Dans Eddington de Ari Aster, ils incarnent deux ch\u00e9rifs rivaux d&rsquo;Eddington, petite ville du Nouveau-Mexique, comme les deux facettes d&rsquo;une Am\u00e9rique brutale construite sur des in\u00e9galit\u00e9s irr\u00e9ductibles.<\/p>\n<p>Masculinit\u00e9 douce<\/p>\n<p class=\"ap-StoryElement ap-StoryElement--mb ap-StoryText\">C&rsquo;est \u00e0 travers les s\u00e9ries que l&rsquo;acteur a su trouver sa place, d&rsquo;abord dans la saison 4 de <a href=\"https:\/\/laloidesseries.lalibre.be\/2019\/04\/13\/les-petits-secrets-et-grands-rouages-de-game-of-thrones\/\" target=\"_blank\" rel=\"noopener\">Game of Throne<\/a>s et dans <a href=\"https:\/\/laloidesseries.lalibre.be\/2016\/12\/08\/chris-brancato-narcos-se-dit-fascine-par-les-criminels-sans-remords\/\" target=\"_blank\" rel=\"noopener\">Narcos<\/a>, tra\u00e7ant de r\u00f4le en r\u00f4le les angles d&rsquo;une masculinit\u00e9 douce \u00e0 l&rsquo;image de son personnage de Joel dans la s\u00e9rie dystopique <a href=\"https:\/\/laloidesseries.lalibre.be\/2023\/01\/12\/the-last-of-us-la-serie-jusquou-iront-ils-pour-survivre\/\" target=\"_blank\" rel=\"noopener\">The Last Of Us<\/a> (sur HBO, d&rsquo;apr\u00e8s le jeu vid\u00e9o du m\u00eame nom), qui s&rsquo;attache \u00e0 la jeune orpheline Ellie (Bella Ramsey) mais aussi dans <a href=\"https:\/\/www.lalibre.be\/culture\/medias-tele\/2020\/09\/14\/disney-les-5-recettes-du-mandalorian-le-space-western-qui-cartonne-TAIVJDI2K5EJPJGOM4LE4X45SQ\/\" target=\"_blank\" rel=\"noopener\">The Mandalorian<\/a>, s\u00e9rie inspir\u00e9e de Star Wars, o\u00f9 il prot\u00e8ge Baby Yoda. Des personnages protecteurs et ouverts, des p\u00e8res de substitution qui lui ont valu son surnom de \u00ab\u00a0daddy d&rsquo;internet\u00a0\u00bb, \u00e0 la fois cool et sexy, bien loin des \u00ab\u00a0sugar daddys\u00a0\u00bb \u00e0 la DiCaprio ou Brad Pitt en couple avec des femmes de trente ans de moins qu&rsquo;eux.<\/p>\n<p><a href=\"https:\/\/www.lalibre.be\/culture\/cinema\/2025\/07\/16\/eddington-joaquin-phoenix-et-pedro-pascal-reunis-dans-un-western-et-une-amerique-dechiree-SELAMWFZZFH27E7MIJET32W5VM\/\" target=\"_blank\" rel=\"noopener noreferrer\" class=\"ap-StoryInterstitialLink ap-StoryElement ap-StoryElement--mb\">Notre critique du film \u00ab\u00a0Eddington\u00a0\u00bb d&rsquo;Ari Aster avec Pedro Pascal et Joaquin Phoenix<\/a><\/p>\n<p class=\"ap-StoryElement ap-StoryElement--mb ap-StoryText\">A tout juste cinquante ans, Pedro Pascal incarne une c\u00e9l\u00e9brit\u00e9 interg\u00e9n\u00e9rationnelle et d\u00e9construite, cool et accessible malgr\u00e9 ses 11,3 millions de followers sur Instagram. Sur les r\u00e9seaux sociaux on trouve des comptes TikTok sur ses \u00ab\u00a0moments iconiques\u00a0\u00bb en promo, compilations o\u00f9 l&rsquo;acteur assume ses id\u00e9es progressistes. Soutien affich\u00e9 des personnes trans et du mouvement LGBTQIA+ (ce qui n&rsquo;est pas rien dans l&rsquo;Am\u00e9rique de Donal Trump), Pedro Pascal n&rsquo;h\u00e9site pas \u00e0 tweeter contre les homophobes ou \u00e0 tacler les id\u00e9es transphobes de J.K Rowling. Tout le mois de juillet on le retrouvera dans pas moins de trois films: la com\u00e9die romantique <a href=\"https:\/\/www.lalibre.be\/culture\/cinema\/films\/2025\/07\/02\/tres-attendue-avec-materialists-celine-song-a-t-elle-reussi-a-renouveler-la-comedie-romantique-QKNHHUCUZJHL5JRSCP4OORPIY4\/\" target=\"_blank\" rel=\"noopener\">Materialists de Celine Song<\/a> avec Dakota Johnson o\u00f9 il campe un homme qui cache un complexe; le western d&rsquo;Ari Aster Eddingon; et le blockbuster Marvel Les Quatre fantastiques, en salles le 23 juillet. De quoi prolonger la \u00ab\u00a0Pedro mania\u00a0\u00bb tout l&rsquo;\u00e9t\u00e9.<\/p>\n<p><img loading=\"lazy\" decoding=\"async\" class=\"w-full lazyload lazyload--opacity object-contain\" style=\"aspect-ratio:187 \/ 100;opacity:1\" alt=\"Eddington - Joaquin Phoenix et Pedro Pascal\" width=\"768\" height=\"411\" fetchpriority=\"auto\" src=\"https:\/\/www.europesays.com\/fr\/wp-content\/uploads\/2025\/04\/S5VKD3X55FFF3BW6V4SEHXNP7I.png\"  data- data-optimumx=\"1\"\/>Eddington &#8211; Joaquin Phoenix et Pedro Pascal \u00a9sony<\/p>\n<p class=\"ap-StoryElement ap-StoryElement--mb ap-StoryText\">R\u00e9alis\u00e9 par Ari Aster. Avec Joaquin Phoenix, Pedro Pascal, Emma Stone \u2013 145&prime;<\/p>\n","protected":false},"excerpt":{"rendered":"Un duo iconique Pedro Pascal, c&rsquo;est un peu l&rsquo;anti-Joaquin Phoenix. Quand le premier se d\u00e9marque par sa coolitude,&hellip;\n","protected":false},"author":2,"featured_media":265148,"comment_status":"","ping_status":"","sticky":false,"template":"","format":"standard","meta":{"footnotes":""},"categories":[1354],"tags":[58,59,5634,1346,1011,27,1360],"class_list":{"0":"post-265147","1":"post","2":"type-post","3":"status-publish","4":"format-standard","5":"has-post-thumbnail","7":"category-films","8":"tag-divertissement","9":"tag-entertainment","10":"tag-festival-de-cannes","11":"tag-films","12":"tag-fr","13":"tag-france","14":"tag-movies"},"share_on_mastodon":{"url":"https:\/\/pubeurope.com\/@fr\/114895894854892859","error":""},"_links":{"self":[{"href":"https:\/\/www.europesays.com\/fr\/wp-json\/wp\/v2\/posts\/265147","targetHints":{"allow":["GET"]}}],"collection":[{"href":"https:\/\/www.europesays.com\/fr\/wp-json\/wp\/v2\/posts"}],"about":[{"href":"https:\/\/www.europesays.com\/fr\/wp-json\/wp\/v2\/types\/post"}],"author":[{"embeddable":true,"href":"https:\/\/www.europesays.com\/fr\/wp-json\/wp\/v2\/users\/2"}],"replies":[{"embeddable":true,"href":"https:\/\/www.europesays.com\/fr\/wp-json\/wp\/v2\/comments?post=265147"}],"version-history":[{"count":0,"href":"https:\/\/www.europesays.com\/fr\/wp-json\/wp\/v2\/posts\/265147\/revisions"}],"wp:featuredmedia":[{"embeddable":true,"href":"https:\/\/www.europesays.com\/fr\/wp-json\/wp\/v2\/media\/265148"}],"wp:attachment":[{"href":"https:\/\/www.europesays.com\/fr\/wp-json\/wp\/v2\/media?parent=265147"}],"wp:term":[{"taxonomy":"category","embeddable":true,"href":"https:\/\/www.europesays.com\/fr\/wp-json\/wp\/v2\/categories?post=265147"},{"taxonomy":"post_tag","embeddable":true,"href":"https:\/\/www.europesays.com\/fr\/wp-json\/wp\/v2\/tags?post=265147"}],"curies":[{"name":"wp","href":"https:\/\/api.w.org\/{rel}","templated":true}]}}