{"id":265153,"date":"2025-07-22T08:18:09","date_gmt":"2025-07-22T08:18:09","guid":{"rendered":"https:\/\/www.europesays.com\/fr\/265153\/"},"modified":"2025-07-22T08:18:09","modified_gmt":"2025-07-22T08:18:09","slug":"fort-boyard-une-figure-phare-revele-souffrir-dun-cancer-son-traitement-choc-illegal-en-france","status":"publish","type":"post","link":"https:\/\/www.europesays.com\/fr\/265153\/","title":{"rendered":"Fort Boyard : une figure phare r\u00e9v\u00e8le souffrir d\u2019un cancer, son traitement choc, ill\u00e9gal en France"},"content":{"rendered":"<p>C&rsquo;est une r\u00e9v\u00e9lation choc que personne n&rsquo;attendait. Pour la toute premi\u00e8re fois, <a href=\"https:\/\/www.public.fr\/francis-lalanne-toujours-furax-il-lance-le-deuxieme-round-contre-quotidien\" target=\"_blank\" rel=\"noopener\"><strong>Francis Lalanne <\/strong><\/a>a bris\u00e9 le silence sur <strong>l&rsquo;un des combats les plus intimes de sa vie :<\/strong> <strong>celui contre le cancer<\/strong>. <\/p>\n<p>Une confession bouleversante faite dans l&rsquo;\u00e9mission Jet de Luxe, pr\u00e9sent\u00e9e par Jordan De Luxe, que <a href=\"https:\/\/www.jeanmarcmorandini.com\/article-613762-exclusif-francis-lalanne-raconte-son-combat-contre-le-cancer-et-revele-avoir-choisi-des-traitements-non-autorises-je-suis-aujourd-hui-en-remission-mais-ce-que-j-ai-fait-est-interdit-en-france.html\" target=\"_blank\" rel=\"noreferrer noopener\">Jeanmarcmorandini.com<\/a> a pu visionner en exclusivit\u00e9 avant sa diffusion prochaine sur YouTube. Une s\u00e9quence in\u00e9dite, poignante, durant laquelle l&rsquo;artiste s&rsquo;est livr\u00e9 comme jamais auparavant. <\/p>\n<p>Francis Lalanne : la v\u00e9rit\u00e9 sur son impressionnante perte de poids <\/p>\n<p>Face \u00e0 l&rsquo;animateur vedette, \u00e9galement chroniqueur dans <a href=\"https:\/\/www.public.fr\/tag\/touche-pas-a-mon-poste\" target=\"_blank\" rel=\"noopener\">Touche pas \u00e0 mon poste<\/a>, l&rsquo;interpr\u00e8te d&rsquo;On se retrouvera s&rsquo;est d&rsquo;abord confi\u00e9 sur son impressionnante perte de poids. <\/p>\n<p>Francis Lalanne avait effectivement inqui\u00e9t\u00e9 par <strong>sa perte de poids spectaculaire<\/strong> (pr\u00e8s de 35 kilos, ndlr), sans jamais \u00e9voquer publiquement le moindre probl\u00e8me de sant\u00e9. <\/p>\n<p>Jusqu&rsquo;ici, l&rsquo;artiste s&rsquo;\u00e9tait montr\u00e9 tr\u00e8s discret, laissant planer le doute sur les raisons de cette transformation physique. <\/p>\n<p>C&rsquo;est avec une \u00e9motion contenue et une grande pudeur qu&rsquo;il a finalement prononc\u00e9 le mot \u00ab\u00a0cancer\u00a0\u00bb pour la toute premi\u00e8re fois, avant de confier qu&rsquo;il \u00e9tait <strong>aujourd&rsquo;hui \u00ab\u00a0en r\u00e9mission\u00a0\u00bb.<\/strong> Une r\u00e9v\u00e9lation aussi inattendue que bouleversante. <\/p>\n<p>\u00ab\u00a0J&rsquo;ai utilis\u00e9 des traitements interdits en France\u00a0\u00bb<\/p>\n<p>Par la suite, Francis Lalanne s&rsquo;est confi\u00e9 sur les effets que le traitement a eus sur son corps. S&rsquo;il n&rsquo;a pas perdu ses cheveux, ce n&rsquo;est pas un hasard. Il a notamment r\u00e9v\u00e9l\u00e9 avoir opt\u00e9 pour \u00ab\u00a0des traitements non autoris\u00e9s\u00a0\u00bb : \u00ab\u00a0<strong>Je suis aujourd&rsquo;hui en r\u00e9mission, mais je n&rsquo;ai pas le droit de parler car j&rsquo;ai utilis\u00e9 des traitements interdits en France<\/strong>\u00ab\u00a0.<\/p>\n<p>\u00ab\u00a0Je me suis trait\u00e9 sans traitements traditionnels qui sont en g\u00e9n\u00e9ral \u00e0 l&rsquo;origine de ce type de r\u00e9action. Le probl\u00e8me c&rsquo;est que je n&rsquo;ai pas le droit d&rsquo;en parler car ce n&rsquo;est pas autoris\u00e9 en France. Mais, j&rsquo;ai d\u00e9cid\u00e9 de ne pas \u00eatre trait\u00e9 par la chimio. C&rsquo;est mon \u00ab\u00a0fr\u00e8re\u00a0\u00bb Dieudonn\u00e9 qui m&rsquo;a aid\u00e9 avec son sketch tr\u00e8s connu sur ce th\u00e8me qui a permis d&rsquo;en rire et qui a fait beaucoup de bien \u00e0 de nombreuses personnes\u00a0\u00bb, a-t-il conclu. De surprenantes r\u00e9v\u00e9lations. <\/p>\n<p>      Mentionn\u00e9s dans cet article<\/p>\n<p>\u00c0 lire aussi<\/p>\n","protected":false},"excerpt":{"rendered":"C&rsquo;est une r\u00e9v\u00e9lation choc que personne n&rsquo;attendait. Pour la toute premi\u00e8re fois, Francis Lalanne a bris\u00e9 le silence&hellip;\n","protected":false},"author":2,"featured_media":265154,"comment_status":"","ping_status":"","sticky":false,"template":"","format":"standard","meta":{"footnotes":""},"categories":[8],"tags":[101,58,59,15745,1011,27,21301],"class_list":{"0":"post-265153","1":"post","2":"type-post","3":"status-publish","4":"format-standard","5":"has-post-thumbnail","7":"category-divertissement","8":"tag-cancer","9":"tag-divertissement","10":"tag-entertainment","11":"tag-fort-boyard","12":"tag-fr","13":"tag-france","14":"tag-francis-lalanne"},"share_on_mastodon":{"url":"https:\/\/pubeurope.com\/@fr\/114895906677056509","error":""},"_links":{"self":[{"href":"https:\/\/www.europesays.com\/fr\/wp-json\/wp\/v2\/posts\/265153","targetHints":{"allow":["GET"]}}],"collection":[{"href":"https:\/\/www.europesays.com\/fr\/wp-json\/wp\/v2\/posts"}],"about":[{"href":"https:\/\/www.europesays.com\/fr\/wp-json\/wp\/v2\/types\/post"}],"author":[{"embeddable":true,"href":"https:\/\/www.europesays.com\/fr\/wp-json\/wp\/v2\/users\/2"}],"replies":[{"embeddable":true,"href":"https:\/\/www.europesays.com\/fr\/wp-json\/wp\/v2\/comments?post=265153"}],"version-history":[{"count":0,"href":"https:\/\/www.europesays.com\/fr\/wp-json\/wp\/v2\/posts\/265153\/revisions"}],"wp:featuredmedia":[{"embeddable":true,"href":"https:\/\/www.europesays.com\/fr\/wp-json\/wp\/v2\/media\/265154"}],"wp:attachment":[{"href":"https:\/\/www.europesays.com\/fr\/wp-json\/wp\/v2\/media?parent=265153"}],"wp:term":[{"taxonomy":"category","embeddable":true,"href":"https:\/\/www.europesays.com\/fr\/wp-json\/wp\/v2\/categories?post=265153"},{"taxonomy":"post_tag","embeddable":true,"href":"https:\/\/www.europesays.com\/fr\/wp-json\/wp\/v2\/tags?post=265153"}],"curies":[{"name":"wp","href":"https:\/\/api.w.org\/{rel}","templated":true}]}}