{"id":265155,"date":"2025-07-22T08:19:10","date_gmt":"2025-07-22T08:19:10","guid":{"rendered":"https:\/\/www.europesays.com\/fr\/265155\/"},"modified":"2025-07-22T08:19:10","modified_gmt":"2025-07-22T08:19:10","slug":"microsoft-promet-un-windows-11-25h2-bien-plus-rapide-mais-cette-fois-preuve-a-lappui","status":"publish","type":"post","link":"https:\/\/www.europesays.com\/fr\/265155\/","title":{"rendered":"Microsoft promet un Windows 11 25H2 bien plus rapide mais cette fois, preuve \u00e0 l\u2019appui"},"content":{"rendered":"<p class=\"ed__a-p ed__bdy__l\"><img loading=\"lazy\" decoding=\"async\" src=\"data:image\/svg+xml,%3Csvg xmlns='http:\/\/www.w3.org\/2000\/svg'%3E%3C\/svg%3E\" draggable=\"false\" width=\"1800\" height=\"1200\" class=\"ed__title-xxs\" alt=\"Logo de la mise \u00e0 jour Windows 11 25H2\" style=\"background-color: #f2f2f2; aspect-ratio:1800\/1200;\"\/><\/p>\n<p>Illustration du logo Windows 11 25H2, la prochaine mise \u00e0 jour majeure attendue \u00e0 l\u2019automne 2025.<\/p>\n<p>\u00a9 Les Num\u00e9riques<\/p>\n<\/p>\n<p class=\"ed__a-p ed__bdy__l\">Depuis son lancement, <a href=\"https:\/\/www.lesnumeriques.com\/tag\/windows-11\" rel=\"nofollow noopener\" target=\"_blank\">Windows 11<\/a> donne, pour certaines configurations, l\u2019impression d\u2019un OS qui a plus mis\u00e9 sur le design que sur la nervosit\u00e9. Avec la mise \u00e0 jour 25H2, Microsoft veut changer la donne. Et cette fois, le g\u00e9ant ne jure plus par les benchmarks maison mais s\u2019appuie sur ce que les machines vivent vraiment. Un changement de cap salutaire.<\/p>\n<p>            Publicit\u00e9, votre contenu continue ci-dessous<\/p>\n<p>        Publicit\u00e9<\/p>\n<p>Windows 11 25H2 promet un vrai gain de performance, pas juste un changement cosm\u00e9tique<\/p>\n<p class=\"ed__a-p ed__bdy__l\">C\u2019est la promesse de rentr\u00e9e chez Microsoft : Windows 11 va enfin devenir plus r\u00e9actif. Pas dans les slides marketing, mais dans les usages du quotidien. Dans <a href=\"https:\/\/www.lesnumeriques.com\/informatique\/windows-11-la-version-25h2-est-desormais-officielle-quelles-sont-les-nouveautes-n238923.html\" title=\"Windows\u202f11 : la version 25H2 est d\u00e9sormais officielle, quelles sont les nouveaut\u00e9s ?\" rel=\"nofollow noopener\" target=\"_blank\">la prochaine version 25H2 attendue pour l\u2019automne<\/a>, les ing\u00e9nieurs changent de m\u00e9thode : ils traquent d\u00e9sormais les pertes de performances \u00e0 la source, directement sur les machines des testeurs, gr\u00e2ce \u00e0 un nouveau syst\u00e8me de journalisation.<\/p>\n<p class=\"ed__a-p ed__bdy__l\">Lorsqu\u2019un utilisateur d\u00e9clare que son syst\u00e8me ralentit sans raison, Windows enregistre automatiquement un rapport d\u00e9taill\u00e9 : processus en cours, services sollicit\u00e9s, \u00e9tat du CPU. Ce journal reste local, mais peut \u00eatre envoy\u00e9 \u00e0 Microsoft via l\u2019outil Feedback Hub.<\/p>\n<blockquote class=\"ed__a-bq ed__bdy__l\">\n<p>Dans le cadre de notre engagement \u00e0 am\u00e9liorer les performances de Windows, des journaux sont d\u00e9sormais collect\u00e9s lorsque votre PC subit un ralentissement ou une baisse de r\u00e9activit\u00e9.<\/p>\n<p>Blog officiel Windows Insider, 18 juillet 2025<\/p><\/blockquote>\n<p class=\"ed__a-p ed__bdy__l\">Microsoft invite les membres du programme Windows Insider \u00e0 transmettre leurs retours lorsqu\u2019ils rencontrent des lenteurs inhabituelles sur leur machine. Cette d\u00e9marche d\u00e9clenche la collecte automatique de journaux de diagnostic par l\u2019application Hub de commentaires. Ces fichiers, g\u00e9n\u00e9r\u00e9s en local, permettent aux \u00e9quipes de Redmond de cerner plus rapidement l\u2019origine des probl\u00e8mes de performance.<\/p>\n<p class=\"ed__a-p ed__bdy__l\">Pour que le syst\u00e8me les prenne en compte, il faut classer son retour dans la rubrique Desktop &gt; System Sluggishness. \u00c0 noter que les journaux restent stock\u00e9s sur l\u2019appareil (dans le dossier %systemRoot%\\Temp\\DiagOutputDir\\Whesvc) et ne sont transmis \u00e0 Microsoft que si l\u2019utilisateur d\u00e9cide effectivement de soumettre un retour via le Hub.<\/p>\n<p>Windows 11 25H2 : une interface plus fluide, une installation express, et enfin des gains visibles ?<\/p>\n<p class=\"ed__a-p ed__bdy__l\">Plus encore, Microsoft promet d\u2019optimiser le comportement du syst\u00e8me sur les pilotes, les animations, la barre des t\u00e2ches ou encore le menu D\u00e9marrer. L\u2019interface devrait cesser de cafouiller, surtout quand le processeur souffle un peu. Un <a href=\"https:\/\/www.lesnumeriques.com\/informatique\/windows-11-cette-nouvelle-fonction-va-economiser-la-batterie-de-votre-pc-sans-le-moindre-compromis-n239832.html\" title=\"Windows 11 : cette nouvelle fonction va \u00e9conomiser la batterie de votre PC sans le moindre compromis\" rel=\"nofollow noopener\" target=\"_blank\">mode de gestion \u00e9nerg\u00e9tique intelligent viendra aussi calmer la fr\u00e9quence CPU<\/a> en t\u00e2che de fond, pour grappiller en autonomie.<\/p>\n<p class=\"ed__a-p ed__bdy__l\">Petite cerise sur le kernel : <a href=\"https:\/\/www.lesnumeriques.com\/informatique\/windows-11-25h2-fait-surface-une-mise-a-jour-sans-promesse-avant-windows-12-n235980.html\" title=\"Windows 11 25H2 fait surface : une mise \u00e0 jour sans promesse, avant Windows 12\" rel=\"nofollow noopener\" target=\"_blank\">la version 25H2 sera un simple \u201cenablement package\u201d pour les machines sous 24H2<\/a>. R\u00e9sultat : une installation rapide, sans bouleversement syst\u00e8me, mais avec des effets (esp\u00e9rons-le) bien visibles. L\u2019enjeu ? Faire de Windows 11 un OS qui cesse de donner l\u2019impression qu\u2019il court avec des chaussures de plomb.<\/p>\n<p>            Publicit\u00e9, votre contenu continue ci-dessous<\/p>\n<p>        Publicit\u00e9<\/p>\n<p class=\"ed__a-p ed__bdy__l\">Envie de faire encore plus d&rsquo;\u00e9conomies ? D\u00e9couvrez <a href=\"https:\/\/www.lesnumeriques.com\/codes-promo.html\" rel=\"nofollow noopener\" target=\"_blank\">nos codes promo<\/a> s\u00e9lectionn\u00e9s pour vous.<\/p>\n","protected":false},"excerpt":{"rendered":"Illustration du logo Windows 11 25H2, la prochaine mise \u00e0 jour majeure attendue \u00e0 l\u2019automne 2025. \u00a9 Les&hellip;\n","protected":false},"author":2,"featured_media":265156,"comment_status":"","ping_status":"","sticky":false,"template":"","format":"standard","meta":{"footnotes":""},"categories":[7],"tags":[1011,27,43,40,41,39,42,44],"class_list":{"0":"post-265155","1":"post","2":"type-post","3":"status-publish","4":"format-standard","5":"has-post-thumbnail","7":"category-sciences-et-technologies","8":"tag-fr","9":"tag-france","10":"tag-science","11":"tag-science-and-technology","12":"tag-sciences","13":"tag-sciences-et-technologies","14":"tag-technologies","15":"tag-technology"},"share_on_mastodon":{"url":"https:\/\/pubeurope.com\/@fr\/114895910633382046","error":""},"_links":{"self":[{"href":"https:\/\/www.europesays.com\/fr\/wp-json\/wp\/v2\/posts\/265155","targetHints":{"allow":["GET"]}}],"collection":[{"href":"https:\/\/www.europesays.com\/fr\/wp-json\/wp\/v2\/posts"}],"about":[{"href":"https:\/\/www.europesays.com\/fr\/wp-json\/wp\/v2\/types\/post"}],"author":[{"embeddable":true,"href":"https:\/\/www.europesays.com\/fr\/wp-json\/wp\/v2\/users\/2"}],"replies":[{"embeddable":true,"href":"https:\/\/www.europesays.com\/fr\/wp-json\/wp\/v2\/comments?post=265155"}],"version-history":[{"count":0,"href":"https:\/\/www.europesays.com\/fr\/wp-json\/wp\/v2\/posts\/265155\/revisions"}],"wp:featuredmedia":[{"embeddable":true,"href":"https:\/\/www.europesays.com\/fr\/wp-json\/wp\/v2\/media\/265156"}],"wp:attachment":[{"href":"https:\/\/www.europesays.com\/fr\/wp-json\/wp\/v2\/media?parent=265155"}],"wp:term":[{"taxonomy":"category","embeddable":true,"href":"https:\/\/www.europesays.com\/fr\/wp-json\/wp\/v2\/categories?post=265155"},{"taxonomy":"post_tag","embeddable":true,"href":"https:\/\/www.europesays.com\/fr\/wp-json\/wp\/v2\/tags?post=265155"}],"curies":[{"name":"wp","href":"https:\/\/api.w.org\/{rel}","templated":true}]}}