{"id":265178,"date":"2025-07-22T08:40:10","date_gmt":"2025-07-22T08:40:10","guid":{"rendered":"https:\/\/www.europesays.com\/fr\/265178\/"},"modified":"2025-07-22T08:40:10","modified_gmt":"2025-07-22T08:40:10","slug":"om-le-cadeau-surprenant-de-rennes-a-rongier-qui-embrase-la-toile","status":"publish","type":"post","link":"https:\/\/www.europesays.com\/fr\/265178\/","title":{"rendered":"OM : Le cadeau surprenant de Rennes \u00e0 Rongier qui embrase la toile"},"content":{"rendered":"<p data-testid=\"article-teaser\">Rennes a offert un dr\u00f4le de pr\u00e9sent \u00e0 Rongier pour son arriv\u00e9e\u2026 Une figurine symbolique qui a raviv\u00e9 de vieux souvenirs chez les fans.<\/p>\n<p>Valentin Rongier n\u2019a pas tard\u00e9 \u00e0 faire parler de lui lors de sa premi\u00e8re apparition officielle sous les couleurs rennaises. <a href=\"https:\/\/www.goal.com\/fr\/news\/officiel-valentin-rongier-signe-a-rennes\/blt6767a8cc0d19a183\" target=\"_self\" rel=\"nofollow noopener\">Transfuge de l\u2019Olympique de Marseille, l\u2019ancien capitaine du FC Nantes a \u00e9t\u00e9 accueilli de mani\u00e8re originale par sa nouvelle \u00e9quipe<\/a>. Entre clin d\u2019\u0153il piquant et souvenirs d\u2019une rivalit\u00e9 r\u00e9gionale bien ancr\u00e9e, son arriv\u00e9e ne laisse personne indiff\u00e9rent en Bretagne. Et sur les r\u00e9seaux, l\u2019affaire fait d\u00e9j\u00e0 grand bruit.<\/p>\n<p>L&rsquo;article continue ci-dessous<\/p>\n","protected":false},"excerpt":{"rendered":"Rennes a offert un dr\u00f4le de pr\u00e9sent \u00e0 Rongier pour son arriv\u00e9e\u2026 Une figurine symbolique qui a raviv\u00e9&hellip;\n","protected":false},"author":2,"featured_media":265179,"comment_status":"","ping_status":"","sticky":false,"template":"","format":"standard","meta":{"footnotes":""},"categories":[2821],"tags":[1111,11,829,1777,674,1011,27,66,884,1434,12,584,25,28401,23718],"class_list":{"0":"post-265178","1":"post","2":"type-post","3":"status-publish","4":"format-standard","5":"has-post-thumbnail","7":"category-rennes","8":"tag-actu","9":"tag-actualites","10":"tag-bretagne","11":"tag-eu","12":"tag-europe","13":"tag-fr","14":"tag-france","15":"tag-ligue-1","16":"tag-marseille","17":"tag-mercato","18":"tag-news","19":"tag-rennes","20":"tag-republique-francaise","21":"tag-transfers","22":"tag-v-rongier"},"share_on_mastodon":{"url":"https:\/\/pubeurope.com\/@fr\/114895993093500617","error":""},"_links":{"self":[{"href":"https:\/\/www.europesays.com\/fr\/wp-json\/wp\/v2\/posts\/265178","targetHints":{"allow":["GET"]}}],"collection":[{"href":"https:\/\/www.europesays.com\/fr\/wp-json\/wp\/v2\/posts"}],"about":[{"href":"https:\/\/www.europesays.com\/fr\/wp-json\/wp\/v2\/types\/post"}],"author":[{"embeddable":true,"href":"https:\/\/www.europesays.com\/fr\/wp-json\/wp\/v2\/users\/2"}],"replies":[{"embeddable":true,"href":"https:\/\/www.europesays.com\/fr\/wp-json\/wp\/v2\/comments?post=265178"}],"version-history":[{"count":0,"href":"https:\/\/www.europesays.com\/fr\/wp-json\/wp\/v2\/posts\/265178\/revisions"}],"wp:featuredmedia":[{"embeddable":true,"href":"https:\/\/www.europesays.com\/fr\/wp-json\/wp\/v2\/media\/265179"}],"wp:attachment":[{"href":"https:\/\/www.europesays.com\/fr\/wp-json\/wp\/v2\/media?parent=265178"}],"wp:term":[{"taxonomy":"category","embeddable":true,"href":"https:\/\/www.europesays.com\/fr\/wp-json\/wp\/v2\/categories?post=265178"},{"taxonomy":"post_tag","embeddable":true,"href":"https:\/\/www.europesays.com\/fr\/wp-json\/wp\/v2\/tags?post=265178"}],"curies":[{"name":"wp","href":"https:\/\/api.w.org\/{rel}","templated":true}]}}