{"id":265188,"date":"2025-07-22T08:46:09","date_gmt":"2025-07-22T08:46:09","guid":{"rendered":"https:\/\/www.europesays.com\/fr\/265188\/"},"modified":"2025-07-22T08:46:09","modified_gmt":"2025-07-22T08:46:09","slug":"les-resultats-danalyses-sont-bons-la-peche-peut-reprendre","status":"publish","type":"post","link":"https:\/\/www.europesays.com\/fr\/265188\/","title":{"rendered":"les r\u00e9sultats d\u2019analyses sont bons, la p\u00eache peut reprendre"},"content":{"rendered":"<p>            Par<br \/>\n        <strong><br \/>\n            <a href=\"https:\/\/actu.fr\/auteur\/coralie-ganivet\" title=\"Consulter tous les articles de Coralie Ganivet\" target=\"_blank\" rel=\"noopener\">Coralie Ganivet<\/a><br \/>\n        <\/strong><\/p>\n<p>        Publi\u00e9 le<\/p>\n<p>            22 juil. 2025 \u00e0 9h58        <\/p>\n<p>C\u2019est l\u2019\u00e9pilogue d\u2019un feuilleton qui aura dur\u00e9 une semaine. Hier soir, lundi 21\u00a0juillet \u00e0 minuit, <b>l\u2019interdiction de p\u00eache dans la Loire<\/b> entre Nantes et Thouar\u00e9-sur-Loire <b>a \u00e9t\u00e9 lev\u00e9e par la pr\u00e9fecture<\/b>. Pour la p\u00eache professionnelle et de loisir.<\/p>\n<p class=\" wall-content\">Un arr\u00eat\u00e9 avait \u00e9t\u00e9 pris le mardi pr\u00e9c\u00e9dent, 15\u00a0juillet, suite au naufrage d\u2019un bateau participant au colossal chantier fluvial \u00e0 <a href=\"https:\/\/actu.fr\/pays-de-la-loire\/saint-julien-de-concelles_44169\" target=\"_blank\" rel=\"noopener\">Saint-Julien-de-Concelles<\/a>. <b>En coulant, il avait perdu du carburant<\/b>. Des traces d\u2019irisation avaient \u00e9t\u00e9 observ\u00e9es peu apr\u00e8s en surface, 500\u00a0m autour de l\u2019\u00e9pave.<\/p>\n<p class=\" wall-content\">Depuis, la surveillance \u00e9tait de mise dans la zone, pour contr\u00f4ler tout risque de nouvelle pollution. Rien n\u2019a alors \u00e9t\u00e9 observ\u00e9, et les cuves de carburant du bateau pousseur ont \u00e9t\u00e9 vid\u00e9es.<\/p>\n<p>\u00ab\u2009Pas de pollution aux hydrocarbures\u2009\u00bb<\/p>\n<p class=\" wall-content\">Par ailleurs, les analyses r\u00e9alis\u00e9es \u00e0 9 endroits diff\u00e9rents dans la Loire, entre Mauves-sur-Loire et Cordemais, \u00ab<b>\u2009ne montrent pas de pollution aux hydrocarbures<\/b>\u2009\u00bb, assure la pr\u00e9fecture par voie de communiqu\u00e9\u2009: \u00ab\u2009l\u2019indice Hydrocarbure (IH) pr\u00e9sente des r\u00e9sultats inf\u00e9rieurs \u00e0 la limite de quantification pour tous les \u00e9chantillons. Ces r\u00e9sultats viennent confirmer les analyses d\u00e9j\u00e0 effectu\u00e9es au droit des prises d\u2019eau destin\u00e9es \u00e0 la production d\u2019eau potable\u2009\u00bb, note-t-elle.<\/p>\n<p class=\" wall-content\">Suivez toute l\u2019actualit\u00e9 de vos villes et m\u00e9dias favoris en vous inscrivant \u00e0 <a href=\"https:\/\/moncompte.actu.fr\" title=\"D\u00e9couvez Mon Actu\" rel=\"nofollow noopener\" data-trk=\"{&quot;cta&quot;:{&quot;action&quot;:&quot;https:\\\/\\\/moncompte.actu.fr&quot;,&quot;category&quot;:&quot;mon compte&quot;,&quot;from&quot;:&quot;article footer&quot;,&quot;name&quot;:&quot;Mon actu&quot;,&quot;type&quot;:&quot;cta&quot;}}\" target=\"_blank\">Mon Actu<\/a>.<\/p>\n","protected":false},"excerpt":{"rendered":"Par Coralie Ganivet Publi\u00e9 le 22 juil. 2025 \u00e0 9h58 C\u2019est l\u2019\u00e9pilogue d\u2019un feuilleton qui aura dur\u00e9 une&hellip;\n","protected":false},"author":2,"featured_media":265189,"comment_status":"","ping_status":"","sticky":false,"template":"","format":"standard","meta":{"footnotes":""},"categories":[2818],"tags":[1111,11,1777,674,118,1011,27,3367,766,12,2636,1800,25,2900],"class_list":{"0":"post-265188","1":"post","2":"type-post","3":"status-publish","4":"format-standard","5":"has-post-thumbnail","7":"category-nantes","8":"tag-actu","9":"tag-actualites","10":"tag-eu","11":"tag-europe","12":"tag-faits-divers","13":"tag-fr","14":"tag-france","15":"tag-loire","16":"tag-nantes","17":"tag-news","18":"tag-pays-de-la-loire","19":"tag-pollution","20":"tag-republique-francaise","21":"tag-vignoble-nantais"},"share_on_mastodon":{"url":"https:\/\/pubeurope.com\/@fr\/114896016699154166","error":""},"_links":{"self":[{"href":"https:\/\/www.europesays.com\/fr\/wp-json\/wp\/v2\/posts\/265188","targetHints":{"allow":["GET"]}}],"collection":[{"href":"https:\/\/www.europesays.com\/fr\/wp-json\/wp\/v2\/posts"}],"about":[{"href":"https:\/\/www.europesays.com\/fr\/wp-json\/wp\/v2\/types\/post"}],"author":[{"embeddable":true,"href":"https:\/\/www.europesays.com\/fr\/wp-json\/wp\/v2\/users\/2"}],"replies":[{"embeddable":true,"href":"https:\/\/www.europesays.com\/fr\/wp-json\/wp\/v2\/comments?post=265188"}],"version-history":[{"count":0,"href":"https:\/\/www.europesays.com\/fr\/wp-json\/wp\/v2\/posts\/265188\/revisions"}],"wp:featuredmedia":[{"embeddable":true,"href":"https:\/\/www.europesays.com\/fr\/wp-json\/wp\/v2\/media\/265189"}],"wp:attachment":[{"href":"https:\/\/www.europesays.com\/fr\/wp-json\/wp\/v2\/media?parent=265188"}],"wp:term":[{"taxonomy":"category","embeddable":true,"href":"https:\/\/www.europesays.com\/fr\/wp-json\/wp\/v2\/categories?post=265188"},{"taxonomy":"post_tag","embeddable":true,"href":"https:\/\/www.europesays.com\/fr\/wp-json\/wp\/v2\/tags?post=265188"}],"curies":[{"name":"wp","href":"https:\/\/api.w.org\/{rel}","templated":true}]}}