{"id":265217,"date":"2025-07-22T09:03:09","date_gmt":"2025-07-22T09:03:09","guid":{"rendered":"https:\/\/www.europesays.com\/fr\/265217\/"},"modified":"2025-07-22T09:03:09","modified_gmt":"2025-07-22T09:03:09","slug":"les-enfants-ukrainiens-deportes-en-russie-a-la-une-de-time","status":"publish","type":"post","link":"https:\/\/www.europesays.com\/fr\/265217\/","title":{"rendered":"les enfants ukrainiens d\u00e9port\u00e9s en Russie \u00e0 la une de \u201cTime\u201d"},"content":{"rendered":"\n<p>Un enfant, de dos, avance seul dans un champ dor\u00e9 aux herbes hautes. Autour de lui, des \u00e9pis de bl\u00e9, du barbel\u00e9, et dans le ciel, comme une ombre, se dessine la silhouette d\u2019un visage adulte, peut-\u00eatre celui qui l\u2019a enlev\u00e9, peut-\u00eatre celui qui l\u2019attend encore. <a class=\"ithalc\" data-ithal=\"lien_externe\" data-ithalc=\"[nav_article]\" target=\"_blank\" href=\"https:\/\/time.com\/7302345\/ukraine-lost-children-russia-war\/\" rel=\"noopener\"><strong>Time<\/strong> remet en avant<\/a> une question largement absente des discussions internationales, tout en titrant \u201cThe kidnappings\u201d (\u201cLes\u00a0enl\u00e8vements\u201d) \u00e0 la une de son \u00e9dition \u00e0 para\u00eetre le 28\u00a0juillet, dont l\u2019article principal est d\u00e9j\u00e0 en ligne.<\/p>\n<p>Le 4\u00a0juin \u00e0 Moscou, le pr\u00e9sident russe, Vladimir Poutine, tient une visioconf\u00e9rence avec ses ministres. Parmi les nombreux sujets abord\u00e9s, dont la r\u00e9cente <a href=\"https:\/\/www.courrierinternational.com\/article\/recit-operation-toile-d-araignee-et-soudain-la-guerre-a-fait-irruption-en-siberie_231502\" target=\"_blank\" rel=\"noopener\">attaque de drones ukrainiens sur plusieurs bases a\u00e9riennes russes<\/a>, un document attire bri\u00e8vement l\u2019attention\u00a0: une liste de 339 enfants, remise \u00e0 la d\u00e9l\u00e9gation russe lors des pourparlers avec l\u2019Ukraine \u00e0 Istanbul. \u201cCes enfants pr\u00e9tendument enlev\u00e9s, l\u00e2che <a href=\"https:\/\/www.courrierinternational.com\/article\/diplomatie-vladimir-medinski-le-principal-negociateur-russe-sous-le-feu-des-projecteurs-a-moscou_231464\" target=\"_blank\" rel=\"noopener\">le n\u00e9gociateur russe Vladimir Medinski<\/a>, ont \u00e9t\u00e9 sauv\u00e9s par nos soldats et \u00e9vacu\u00e9s sous les tirs.\u201d Avant d\u2019ajouter en feuilletant le document\u00a0: \u201cNous allons devoir chiffrer combien il y en a ici, chez nous.\u201d Le pr\u00e9sident russe, lui, ne r\u00e9agit pas. Et la r\u00e9union se poursuit.<\/p>\n<p>               19\u00a0546\u00a0enfants enlev\u00e9s       <\/p>\n<p>Depuis le d\u00e9but de la guerre, 19\u00a0546 mineurs ont \u00e9t\u00e9 d\u00e9port\u00e9s en Russie, selon les autorit\u00e9s ukrainiennes. Si environ 1\u00a0200 d\u2019entre eux ont pu revenir, gr\u00e2ce aux efforts de familles et des ONG, les autres se retrouvent \u201cr\u00e9\u00e9duqu\u00e9s\u201d sous de nouveaux noms, \u00e9lev\u00e9s dans des familles russes et expos\u00e9s \u00e0 l\u2019endoctrinement et \u00e0 la propagande russes. \u201cIls lui ont fait croire que l\u2019Ukraine \u00e9tait d\u00e9truite, qu\u2019il mourrait de faim s\u2019il revenait\u201d, t\u00e9moigne Kseniia Koldin, dont le petit fr\u00e8re Serhii, 11\u00a0ans, a refus\u00e9 de parler \u00e0 ses proches \u00e0 son retour d\u2019un foyer russe.<\/p>\n<blockquote><p>\u201cIls lui ont compl\u00e8tement lav\u00e9 le cerveau.\u201d<\/p><\/blockquote>\n<p>Cette politique, que la Cour p\u00e9nale internationale (CPI) qualifie de \u201ccrime de guerre\u201d, a valu \u00e0 Vladimir Poutine <a href=\"https:\/\/www.courrierinternational.com\/article\/analyse-poutine-vise-par-un-mandat-d-arret-de-la-cpi-son-monde-s-est-retreci\" target=\"_blank\" rel=\"noopener\">un mandat d\u2019arr\u00eat en mars 2023<\/a> pour \u201ctransfert ill\u00e9gal d\u2019enfants\u201d. Mais \u00e0 Moscou, la d\u00e9cision est trait\u00e9e avec indiff\u00e9rence. \u201cLa\u00a0Haye [la CPI], il lui crache dessus, confie \u00e0 Time un proche du Kremlin. Il rendra peut-\u00eatre les enfants dans le cadre d\u2019un \u00e9change humanitaire. Poutine, ce n\u2019est pas Staline. Mais franchement, ce n\u2019est pas une grande priorit\u00e9 pour lui.\u201d<\/p>\n<p>Parmi les cas les plus embl\u00e9matiques, celui de Margarita Prokopenko, orpheline de Kherson, emmen\u00e9e en Russie apr\u00e8s l\u2019occupation de la ville, en 2022. Time revient sur son histoire, rapportant qu\u2019elle aurait \u00e9t\u00e9 adopt\u00e9e par un d\u00e9put\u00e9 pro-Kremlin. En d\u00e9cembre 2024, \u00e0 l\u2019ONU, la conseill\u00e8re du pr\u00e9sident ukrainien, Volodymyr Zelensky, Daria Zarivna, d\u00e9nonce le sort de Margarita, \u00e0 qui on a donn\u00e9 la nouvelle identit\u00e9 de Marina Mironova, et pr\u00e9vient\u00a0:<\/p>\n<blockquote><p>\u201cSi nous ne faisons pas revenir rapidement ces enfants, le syst\u00e8me russe va r\u00e9ussir \u00e0 les retourner contre nous.\u201d<\/p><\/blockquote>\n<p>Le retour de ces enfants est vital pour l\u2019Ukraine, confront\u00e9e \u00e0 une urgence d\u00e9mographique majeure\u00a0: la population ukrainienne est pass\u00e9e de 41 \u00e0 32\u00a0millions d\u2019habitants depuis le d\u00e9but de l\u2019invasion russe, en f\u00e9vrier 2022, et l\u2019ONU pr\u00e9voit qu\u2019elle pourrait chuter \u00e0 15\u00a0millions d\u2019ici \u00e0 la fin du si\u00e8cle.<\/p>\n<p>Alors que les n\u00e9gociations de paix se poursuivent, le pr\u00e9sident ukrainien, Volodymyr Zelensky, insiste dans les pages de Time\u00a0: \u201cIls [les enfants] ne peuvent pas faire l\u2019objet d\u2019un \u00e9change. Ce n\u2019est pas comme des esclaves qu\u2019on rach\u00e8terait.\u201d Selon lui, seule une pression directe sur Vladimir Poutine \u2013 diplomatique, militaire ou judiciaire \u2013 pourra faire bouger les lignes.<\/p>\n","protected":false},"excerpt":{"rendered":"Un enfant, de dos, avance seul dans un champ dor\u00e9 aux herbes hautes. Autour de lui, des \u00e9pis&hellip;\n","protected":false},"author":2,"featured_media":265218,"comment_status":"","ping_status":"","sticky":false,"template":"","format":"standard","meta":{"footnotes":""},"categories":[1591],"tags":[11,1719,674,1887,1892,131,12,1885,1886,132,220,22336,135],"class_list":{"0":"post-265217","1":"post","2":"type-post","3":"status-publish","4":"format-standard","5":"has-post-thumbnail","7":"category-russie","8":"tag-actualites","9":"tag-enfants","10":"tag-europe","11":"tag-federation-de-russie","12":"tag-gu00e9opolitique","13":"tag-guerre-en-ukraine","14":"tag-news","15":"tag-russia","16":"tag-russian-federation","17":"tag-russie","18":"tag-ukraine","19":"tag-une-du-jour","20":"tag-vladimir-poutine"},"share_on_mastodon":{"url":"https:\/\/pubeurope.com\/@fr\/114896083580671375","error":""},"_links":{"self":[{"href":"https:\/\/www.europesays.com\/fr\/wp-json\/wp\/v2\/posts\/265217","targetHints":{"allow":["GET"]}}],"collection":[{"href":"https:\/\/www.europesays.com\/fr\/wp-json\/wp\/v2\/posts"}],"about":[{"href":"https:\/\/www.europesays.com\/fr\/wp-json\/wp\/v2\/types\/post"}],"author":[{"embeddable":true,"href":"https:\/\/www.europesays.com\/fr\/wp-json\/wp\/v2\/users\/2"}],"replies":[{"embeddable":true,"href":"https:\/\/www.europesays.com\/fr\/wp-json\/wp\/v2\/comments?post=265217"}],"version-history":[{"count":0,"href":"https:\/\/www.europesays.com\/fr\/wp-json\/wp\/v2\/posts\/265217\/revisions"}],"wp:featuredmedia":[{"embeddable":true,"href":"https:\/\/www.europesays.com\/fr\/wp-json\/wp\/v2\/media\/265218"}],"wp:attachment":[{"href":"https:\/\/www.europesays.com\/fr\/wp-json\/wp\/v2\/media?parent=265217"}],"wp:term":[{"taxonomy":"category","embeddable":true,"href":"https:\/\/www.europesays.com\/fr\/wp-json\/wp\/v2\/categories?post=265217"},{"taxonomy":"post_tag","embeddable":true,"href":"https:\/\/www.europesays.com\/fr\/wp-json\/wp\/v2\/tags?post=265217"}],"curies":[{"name":"wp","href":"https:\/\/api.w.org\/{rel}","templated":true}]}}