{"id":265225,"date":"2025-07-22T09:07:11","date_gmt":"2025-07-22T09:07:11","guid":{"rendered":"https:\/\/www.europesays.com\/fr\/265225\/"},"modified":"2025-07-22T09:07:11","modified_gmt":"2025-07-22T09:07:11","slug":"la-suisse-achete-des-systemes-antiaeriens-allemands","status":"publish","type":"post","link":"https:\/\/www.europesays.com\/fr\/265225\/","title":{"rendered":"La Suisse ach\u00e8te des syst\u00e8mes antia\u00e9riens allemands"},"content":{"rendered":"<p><img decoding=\"async\" src=\"https:\/\/www.europesays.com\/fr\/wp-content\/uploads\/2025\/07\/7072786957384285.webp\" fetchpriority=\"high\" width=\"2000\" height=\"1334\" alt=\"La Suisse renforce sa d\u00e9fense sol-air avec des syst\u00e8mes allemands\" data-image-id=\"7072786957384285\" class=\"watson-snippet__image bg-grey-10 block h-auto w-full \"\/><\/p>\n<p>Le syst\u00e8me IRIS-T SLM doit permettre de contrer les menaces a\u00e9riennes \u00e0 diff\u00e9rentes distances et altitudes.Image: www.imago-images.de<\/p>\n<p>L&rsquo;arm\u00e9e suisse renforce sa d\u00e9fense sol-air avec des syst\u00e8mes IRIS-T SLM achet\u00e9s pour environ 550 millions de francs \u00e0 l&rsquo;Allemagne.<\/p>\n<p>22.07.2025, 10:5522.07.2025, 10:55<\/p>\n<p class=\"watson-snippet__text my-6 text-[16px] lg:text-[18px] leading-normal md:w-3\/5\">La Suisse a fait l&rsquo;acquisition de cinq syst\u00e8mes de d\u00e9fense sol-air IRIS-T SLM aupr\u00e8s de l&rsquo;Allemagne a annonc\u00e9 lundi l&rsquo;Office f\u00e9d\u00e9ral de l&rsquo;armement Armasuisse. Le montant de cet achat se monte \u00e0 pr\u00e8s de 550 millions de francs.<\/p>\n<p class=\"watson-snippet__text my-6 text-[16px] lg:text-[18px] leading-normal md:w-3\/5\">Avec ces syst\u00e8mes, \u00abl&rsquo;arm\u00e9e suisse comble une lacune centrale et renforce sa r\u00e9silience face aux menaces modernes venues des airs\u00bb, explique Armasuisse dans un communiqu\u00e9. Cet achat vient compl\u00e9ter l&rsquo;acquisition de l&rsquo;avion de combat F-35A et du syst\u00e8me de d\u00e9fense sol-air am\u00e9ricain Patriot.<\/p>\n<p>Premi\u00e8re livraison fin 2028<\/p>\n<p class=\"watson-snippet__text my-6 text-[16px] lg:text-[18px] leading-normal md:w-3\/5\">Le syst\u00e8me IRIS-T SLM doit permettre de contrer les menaces a\u00e9riennes \u00e0 diff\u00e9rentes distances et altitudes, notamment les avions de combat, les drones et les missiles de croisi\u00e8re.<\/p>\n<p class=\"watson-snippet__text my-6 text-[16px] lg:text-[18px] leading-normal md:w-3\/5\">Selon la planification actuelle, la premi\u00e8re unit\u00e9 d&rsquo;IRIS-T SLM sera livr\u00e9e \u00e0 partir de la fin de l&rsquo;ann\u00e9e 2028. Les autres syst\u00e8mes ainsi que les moyens logistiques suivront entre 2029 et 2031. (jzs\/ats)<\/p>\n<p>L&rsquo;actu en Suisse c&rsquo;est par ici <\/p>\n<p>Des avions de chasse sur l&rsquo;A1<\/p>\n<p>Video: watson<\/p>\n<p>Ceci pourrait \u00e9galement vous int\u00e9resser:<\/p>\n<p>        <a href=\"https:\/\/www.watson.ch\/fr\/suisse\/musique\/984230734-ils-font-une-randonnee-extreme-pour-voir-un-concert-de-pete-doherty\" aria-label=\"L\u2019article\" class=\"watson-next-story__link absolute inset-0 z-10\" rel=\"nofollow noopener\" target=\"_blank\"><\/p>\n<p>Peter Doherty s&rsquo;est produit dimanche en Valais dans un d\u00e9cor inhabituel (et peu accessible). <\/p>\n<p>La rock star britannique a jou\u00e9 \u00e0 2543 m\u00e8tres d&rsquo;altitude au bord du lac des Vaux sur la commune de Riddes, dans le cadre du PALP Festival.<\/p>\n","protected":false},"excerpt":{"rendered":"Le syst\u00e8me IRIS-T SLM doit permettre de contrer les menaces a\u00e9riennes \u00e0 diff\u00e9rentes distances et altitudes.Image: www.imago-images.de L&rsquo;arm\u00e9e&hellip;\n","protected":false},"author":2,"featured_media":265226,"comment_status":"","ping_status":"","sticky":false,"template":"","format":"standard","meta":{"footnotes":""},"categories":[1587],"tags":[11,672,1804,1805,1803,1777,674,1801,12,1802],"class_list":{"0":"post-265225","1":"post","2":"type-post","3":"status-publish","4":"format-standard","5":"has-post-thumbnail","7":"category-allemagne","8":"tag-actualites","9":"tag-allemagne","10":"tag-bundesrepublik-deutschland","11":"tag-de","12":"tag-deutschland","13":"tag-eu","14":"tag-europe","15":"tag-germany","16":"tag-news","17":"tag-republique-federale-dallemagne"},"share_on_mastodon":{"url":"https:\/\/pubeurope.com\/@fr\/114896099336691362","error":""},"_links":{"self":[{"href":"https:\/\/www.europesays.com\/fr\/wp-json\/wp\/v2\/posts\/265225","targetHints":{"allow":["GET"]}}],"collection":[{"href":"https:\/\/www.europesays.com\/fr\/wp-json\/wp\/v2\/posts"}],"about":[{"href":"https:\/\/www.europesays.com\/fr\/wp-json\/wp\/v2\/types\/post"}],"author":[{"embeddable":true,"href":"https:\/\/www.europesays.com\/fr\/wp-json\/wp\/v2\/users\/2"}],"replies":[{"embeddable":true,"href":"https:\/\/www.europesays.com\/fr\/wp-json\/wp\/v2\/comments?post=265225"}],"version-history":[{"count":0,"href":"https:\/\/www.europesays.com\/fr\/wp-json\/wp\/v2\/posts\/265225\/revisions"}],"wp:featuredmedia":[{"embeddable":true,"href":"https:\/\/www.europesays.com\/fr\/wp-json\/wp\/v2\/media\/265226"}],"wp:attachment":[{"href":"https:\/\/www.europesays.com\/fr\/wp-json\/wp\/v2\/media?parent=265225"}],"wp:term":[{"taxonomy":"category","embeddable":true,"href":"https:\/\/www.europesays.com\/fr\/wp-json\/wp\/v2\/categories?post=265225"},{"taxonomy":"post_tag","embeddable":true,"href":"https:\/\/www.europesays.com\/fr\/wp-json\/wp\/v2\/tags?post=265225"}],"curies":[{"name":"wp","href":"https:\/\/api.w.org\/{rel}","templated":true}]}}