{"id":265241,"date":"2025-07-22T09:16:10","date_gmt":"2025-07-22T09:16:10","guid":{"rendered":"https:\/\/www.europesays.com\/fr\/265241\/"},"modified":"2025-07-22T09:16:10","modified_gmt":"2025-07-22T09:16:10","slug":"le-blog-de-la-redac-us-open-casting-de-dingue-pour-le-double-mixte-un-gros-cheque-fait-souvent-la-difference","status":"publish","type":"post","link":"https:\/\/www.europesays.com\/fr\/265241\/","title":{"rendered":"Le blog de la r\u00e9dac&rsquo;, US Open > Casting de dingue pour le double mixte, un gros ch\u00e8que fait souvent la diff\u00e9rence !"},"content":{"rendered":"<p>L\u2019US Open a frapp\u00e9 fort en modi\u00adfiant le r\u00e8gle\u00adment de l\u2019\u00e9preuve du double mixte dans son format et surtout aussi dans son prize money. Du coup, l\u2019effet a \u00e9t\u00e9 imm\u00e9\u00addiat et le tournoi promet d\u2019\u00eatre tr\u00e8s spec\u00adta\u00adcu\u00adlaire avec un casting de stars plut\u00f4t impressionnant.\u00a0<\/p>\n<blockquote class=\"twitter-tweet\">\n<p lang=\"en\" dir=\"ltr\">The full list of U.S. Open mixed doubles teams is out. <\/p>\n<p>Some inter\u00ades\u00adting teams announced\u00a0:<\/p>\n<p>Donna Vekic &amp; Hubi Hurkacz. <\/p>\n<p>Amanda Anisimova &amp; Holger Rune. <\/p>\n<p>\ud83c\udf7f <a href=\"https:\/\/t.co\/VLc7Ct3zPU\" data-wpel-link=\"external\" target=\"_blank\" rel=\"nofollow external noopener\">pic.twitter.com\/VLc7Ct3zPU<\/a><\/p>\n<p>\u2014 The Tennis Letter (@TheTennisLetter) <a href=\"https:\/\/twitter.com\/TheTennisLetter\/status\/1947375600836219161?ref_src=twsrc%5Etfw\" data-wpel-link=\"external\" target=\"_blank\" rel=\"nofollow external noopener\">July 21,\u00a02025<\/a><\/p><\/blockquote>\n<p>On rappelle que cette \u00e9preuve sera programm\u00e9e le vendredi avant la grande ouver\u00adture. Cela permettra donc \u00e0 de nombreux fans de pouvoir encou\u00adrager leurs stars pr\u00e9f\u00e9r\u00e9es.\u00a0<\/p>\n<p>Et m\u00eame si certains sp\u00e9cia\u00adlistes se sont \u00e9mus de ce chan\u00adge\u00adment, il faudra juger cette initia\u00adtive une fois que cette grande premi\u00e8re sera termin\u00e9e.<\/p>\n<p class=\"post-published-date\" style=\"color: silver; font-size: 75%; text-align: left;\">Publi\u00e9 le mardi 22 juillet 2025 \u00e0 10:10<\/p>\n<p><script async src=\"https:\/\/platform.twitter.com\/widgets.js\" charset=\"utf-8\"><\/script><\/p>\n","protected":false},"excerpt":{"rendered":"L\u2019US Open a frapp\u00e9 fort en modi\u00adfiant le r\u00e8gle\u00adment de l\u2019\u00e9preuve du double mixte dans son format et&hellip;\n","protected":false},"author":2,"featured_media":116456,"comment_status":"","ping_status":"","sticky":false,"template":"","format":"standard","meta":{"footnotes":""},"categories":[1415],"tags":[1011,27,60,1467,33884],"class_list":{"0":"post-265241","1":"post","2":"type-post","3":"status-publish","4":"format-standard","5":"has-post-thumbnail","7":"category-tennis","8":"tag-fr","9":"tag-france","10":"tag-sports","11":"tag-tennis","12":"tag-vekic"},"share_on_mastodon":{"url":"https:\/\/pubeurope.com\/@fr\/114896134658008826","error":""},"_links":{"self":[{"href":"https:\/\/www.europesays.com\/fr\/wp-json\/wp\/v2\/posts\/265241","targetHints":{"allow":["GET"]}}],"collection":[{"href":"https:\/\/www.europesays.com\/fr\/wp-json\/wp\/v2\/posts"}],"about":[{"href":"https:\/\/www.europesays.com\/fr\/wp-json\/wp\/v2\/types\/post"}],"author":[{"embeddable":true,"href":"https:\/\/www.europesays.com\/fr\/wp-json\/wp\/v2\/users\/2"}],"replies":[{"embeddable":true,"href":"https:\/\/www.europesays.com\/fr\/wp-json\/wp\/v2\/comments?post=265241"}],"version-history":[{"count":0,"href":"https:\/\/www.europesays.com\/fr\/wp-json\/wp\/v2\/posts\/265241\/revisions"}],"wp:featuredmedia":[{"embeddable":true,"href":"https:\/\/www.europesays.com\/fr\/wp-json\/wp\/v2\/media\/116456"}],"wp:attachment":[{"href":"https:\/\/www.europesays.com\/fr\/wp-json\/wp\/v2\/media?parent=265241"}],"wp:term":[{"taxonomy":"category","embeddable":true,"href":"https:\/\/www.europesays.com\/fr\/wp-json\/wp\/v2\/categories?post=265241"},{"taxonomy":"post_tag","embeddable":true,"href":"https:\/\/www.europesays.com\/fr\/wp-json\/wp\/v2\/tags?post=265241"}],"curies":[{"name":"wp","href":"https:\/\/api.w.org\/{rel}","templated":true}]}}