{"id":265254,"date":"2025-07-22T09:24:11","date_gmt":"2025-07-22T09:24:11","guid":{"rendered":"https:\/\/www.europesays.com\/fr\/265254\/"},"modified":"2025-07-22T09:24:11","modified_gmt":"2025-07-22T09:24:11","slug":"des-conversations-privees-avec-albert-einstein-publiees-dans-un-livre","status":"publish","type":"post","link":"https:\/\/www.europesays.com\/fr\/265254\/","title":{"rendered":"Des conversations priv\u00e9es avec Albert Einstein publi\u00e9es dans un livre"},"content":{"rendered":"<p class=\"ap-StoryElement ap-StoryElement--mb ap-StoryText\">Le journal devrait d\u00e9sormais \u00eatre publi\u00e9 pour la premi\u00e8re fois, dans une \u00e9dition annot\u00e9e, le 24 septembre. Le livre, orchestr\u00e9 par Peter von Becker, s&rsquo;intitule \u00ab\u00a0I am a Magnet for All the Maniacs. The Einstein Transcripts &#8211; His Life, His Last Love, His Legacy\u00a0\u00bb.<\/p>\n<p class=\"ap-StoryElement ap-StoryElement--mb ap-StoryText\">Lors de ces conversations, Einstein, qui a r\u00e9volutionn\u00e9 la physique avec sa th\u00e9orie de la relativit\u00e9, partage ses r\u00e9flexions sur la politique, la science, la vie quotidienne et l&rsquo;amour. Il critique notamment la course \u00e0 l&rsquo;armement des superpuissances et le r\u00e9armement de l&rsquo;Allemagne. Il commente \u00e9galement le conflit isra\u00e9lo-palestinien, expose la maison d&rsquo;\u00e9dition Heyne Verlag.<\/p>\n","protected":false},"excerpt":{"rendered":"Le journal devrait d\u00e9sormais \u00eatre publi\u00e9 pour la premi\u00e8re fois, dans une \u00e9dition annot\u00e9e, le 24 septembre. Le&hellip;\n","protected":false},"author":2,"featured_media":25030,"comment_status":"","ping_status":"","sticky":false,"template":"","format":"standard","meta":{"footnotes":""},"categories":[1357],"tags":[672,1379,58,59,73,1011,27,1351,1380,35092,41],"class_list":{"0":"post-265254","1":"post","2":"type-post","3":"status-publish","4":"format-standard","5":"has-post-thumbnail","7":"category-livres","8":"tag-allemagne","9":"tag-books","10":"tag-divertissement","11":"tag-entertainment","12":"tag-etats-unis","13":"tag-fr","14":"tag-france","15":"tag-litterature","16":"tag-livres","17":"tag-personnalites","18":"tag-sciences"},"share_on_mastodon":{"url":"https:\/\/pubeurope.com\/@fr\/114896166177483519","error":""},"_links":{"self":[{"href":"https:\/\/www.europesays.com\/fr\/wp-json\/wp\/v2\/posts\/265254","targetHints":{"allow":["GET"]}}],"collection":[{"href":"https:\/\/www.europesays.com\/fr\/wp-json\/wp\/v2\/posts"}],"about":[{"href":"https:\/\/www.europesays.com\/fr\/wp-json\/wp\/v2\/types\/post"}],"author":[{"embeddable":true,"href":"https:\/\/www.europesays.com\/fr\/wp-json\/wp\/v2\/users\/2"}],"replies":[{"embeddable":true,"href":"https:\/\/www.europesays.com\/fr\/wp-json\/wp\/v2\/comments?post=265254"}],"version-history":[{"count":0,"href":"https:\/\/www.europesays.com\/fr\/wp-json\/wp\/v2\/posts\/265254\/revisions"}],"wp:featuredmedia":[{"embeddable":true,"href":"https:\/\/www.europesays.com\/fr\/wp-json\/wp\/v2\/media\/25030"}],"wp:attachment":[{"href":"https:\/\/www.europesays.com\/fr\/wp-json\/wp\/v2\/media?parent=265254"}],"wp:term":[{"taxonomy":"category","embeddable":true,"href":"https:\/\/www.europesays.com\/fr\/wp-json\/wp\/v2\/categories?post=265254"},{"taxonomy":"post_tag","embeddable":true,"href":"https:\/\/www.europesays.com\/fr\/wp-json\/wp\/v2\/tags?post=265254"}],"curies":[{"name":"wp","href":"https:\/\/api.w.org\/{rel}","templated":true}]}}