{"id":265259,"date":"2025-07-22T09:27:12","date_gmt":"2025-07-22T09:27:12","guid":{"rendered":"https:\/\/www.europesays.com\/fr\/265259\/"},"modified":"2025-07-22T09:27:12","modified_gmt":"2025-07-22T09:27:12","slug":"avatar-3-devoile-son-affiche-la-bande-annonce-projetee-avant-les-quatre-fantastiques","status":"publish","type":"post","link":"https:\/\/www.europesays.com\/fr\/265259\/","title":{"rendered":"Avatar 3 d\u00e9voile son affiche, la bande-annonce projet\u00e9e avant Les Quatre Fantastiques"},"content":{"rendered":"<p>Le troisi\u00e8me volet de la saga de James Cameron diffusera ses premi\u00e8res images avant la projection du film de super-h\u00e9ros de Matt Shakman, attendu dans les salles am\u00e9ricaines, le 25 juillet.<\/p>\n<p class=\"fig-paragraph\">La promotion d\u2019<a href=\"http:\/\/www.lefigaro.fr\/cinema\/un-nouveau-defi-passionnant-apres-avatar-3-james-cameron-adapte-un-best-seller-de-l-horreur-20250608\" data-fig-type=\"Article\" data-gtm-custom-categorie=\"navigation\" data-gtm-custom-action=\"crossclick\" data-gtm-custom-label=\"Contextuel\" data-gtm-event=\"customEventSPE\" data-fig-domain=\"LEFIGARO\" target=\"_blank\" rel=\"noopener\">Avatar 3<\/a> \u00a0se profile lentement mais s\u00fbrement. Lundi 21 juillet, la production a enfin d\u00e9voil\u00e9 sur les r\u00e9seaux sociaux l\u2019affiche du troisi\u00e8me volet, intitul\u00e9 Fire and Ash (en fran\u00e7ais\u00a0: Feu et Cendres). On y d\u00e9couvre un visage, qui semble \u00eatre tr\u00e8s probablement celui de Neytiri, l\u2019h\u00e9ro\u00efne de la saga (incarn\u00e9e par\u00a0<a href=\"http:\/\/www.lefigaro.fr\/cinema\/l-actrice-zoe-saldana-cherit-son-oscar-trans-qui-trone-dans-son-bureau-20250612\" data-fig-type=\"Article\" data-gtm-custom-categorie=\"navigation\" data-gtm-custom-action=\"crossclick\" data-gtm-custom-label=\"Contextuel\" data-gtm-event=\"customEventSPE\" data-fig-domain=\"LEFIGARO\" target=\"_blank\" rel=\"noopener\">Zoe Salda\u00f1a<\/a>). Le personnage, \u00e0 l\u2019\u0153il incandescent, prend un air d\u00e9termin\u00e9. De la fum\u00e9e et des \u00e9clats de braise l\u2019entourent, ce qui semble indiquer que le troisi\u00e8me \u00e9pisode laissera la part belle aux sc\u00e8nes de combats.<\/p>\n<p class=\"fig-paragraph\">Surtout, l\u2019affiche est accompagn\u00e9e d\u2019un court texte qui r\u00e9v\u00e8le que la bande-annonce sera diffus\u00e9e dans les salles obscures, d\u00e8s le 25 juillet\u00a0: \u00ab Soyez parmi les premiers \u00e0 d\u00e9couvrir le trailer en exclusivit\u00e9 au cin\u00e9ma ce week-end, juste avant Les Quatre Fantastiques\u00a0: Premier Pas\u00a0\u00bb.<\/p>\n<p>                                    <a class=\"fig-a11y-skip a11y-hidden\" href=\"#fig-a11y-skip-main-inarticle\"><br \/>\n        Passer la publicit\u00e9<br \/>\n    <\/a><\/p>\n<p>Strat\u00e9gie marketing\u00a0?<\/p>\n<p class=\"fig-paragraph\">Cette annonce peut au premier abord surprendre, car les deux longs-m\u00e9trages ne sont pas produits par la m\u00eame soci\u00e9t\u00e9\u00a0: Avatar 3 est le fruit du travail des studios de\u00a0<a href=\"http:\/\/www.lefigaro.fr\/musique\/james-cameron-filme-des-concerts-de-billie-eilish-pour-un-projet-tres-special-20250721\" data-fig-type=\"Article\" data-gtm-custom-categorie=\"navigation\" data-gtm-custom-action=\"crossclick\" data-gtm-custom-label=\"Contextuel\" data-gtm-event=\"customEventSPE\" data-fig-domain=\"LEFIGARO\" target=\"_blank\" rel=\"noopener\">James Cameron<\/a>, Lightstorm Entertainment, tandis que le film de super-h\u00e9ros appartient \u00e0 Marvel Studios et 20th Century. La superproduction du cin\u00e9aste am\u00e9ricain veut-elle voler la vedette aux\u00a0<a href=\"http:\/\/www.lefigaro.fr\/cinema\/pourquoi-john-malkovich-a-finalement-ete-coupe-au-montage-des-quatre-fantastiques-20250717\" data-fig-type=\"Article\" data-gtm-custom-categorie=\"navigation\" data-gtm-custom-action=\"crossclick\" data-gtm-custom-label=\"Contextuel\" data-gtm-event=\"customEventSPE\" data-fig-domain=\"LEFIGARO\" target=\"_blank\" rel=\"noopener\">Quatre Fantastiques<\/a> \u00a0? Ou serait-ce une strat\u00e9gie marketing pour attirer le jeune public qu\u2019elle sait friand de science-fiction comme de super-h\u00e9ros\u00a0? Peut-\u00eatre un peu des deux.<\/p>\n<p class=\"fig-paragraph\">Pour rappel, les premi\u00e8res images d\u2019Avatar 3 ont \u00e9t\u00e9 d\u00e9voil\u00e9es \u00e0 la convention du CinemaCon de Las Vegas, en avril. Selon\u00a0<a href=\"https:\/\/variety.com\/2025\/film\/news\/avatar-fire-and-ash-trailer-fantastic-four-1236466301\/\" target=\"_blank\" rel=\"sponsored noopener\" data-gtm-custom-categorie=\"navigation\" data-gtm-custom-action=\"crossclick\" data-gtm-custom-label=\"Contextuel\" data-gtm-event=\"customEventSPE\">Variety<\/a>, elles r\u00e9v\u00e9laient l\u2019existence de deux nouvelles tribus Na\u2019vi [le nom des peuples d\u2019Avatar] et repr\u00e9sentaient des sc\u00e8nes d\u2019affrontements. Dot\u00e9 d\u2019un budget de 250 millions de dollars, le troisi\u00e8me \u00e9pisode de la saga est attendu dans les salles de cin\u00e9ma, le 17 d\u00e9cembre.<\/p>\n","protected":false},"excerpt":{"rendered":"Le troisi\u00e8me volet de la saga de James Cameron diffusera ses premi\u00e8res images avant la projection du film&hellip;\n","protected":false},"author":2,"featured_media":265260,"comment_status":"","ping_status":"","sticky":false,"template":"","format":"standard","meta":{"footnotes":""},"categories":[1354],"tags":[13618,1409,58,59,1346,1011,27,28114,1360],"class_list":{"0":"post-265259","1":"post","2":"type-post","3":"status-publish","4":"format-standard","5":"has-post-thumbnail","7":"category-films","8":"tag-avatar","9":"tag-bande-annonce","10":"tag-divertissement","11":"tag-entertainment","12":"tag-films","13":"tag-fr","14":"tag-france","15":"tag-james-cameron","16":"tag-movies"},"share_on_mastodon":{"url":"https:\/\/pubeurope.com\/@fr\/114896177993827206","error":""},"_links":{"self":[{"href":"https:\/\/www.europesays.com\/fr\/wp-json\/wp\/v2\/posts\/265259","targetHints":{"allow":["GET"]}}],"collection":[{"href":"https:\/\/www.europesays.com\/fr\/wp-json\/wp\/v2\/posts"}],"about":[{"href":"https:\/\/www.europesays.com\/fr\/wp-json\/wp\/v2\/types\/post"}],"author":[{"embeddable":true,"href":"https:\/\/www.europesays.com\/fr\/wp-json\/wp\/v2\/users\/2"}],"replies":[{"embeddable":true,"href":"https:\/\/www.europesays.com\/fr\/wp-json\/wp\/v2\/comments?post=265259"}],"version-history":[{"count":0,"href":"https:\/\/www.europesays.com\/fr\/wp-json\/wp\/v2\/posts\/265259\/revisions"}],"wp:featuredmedia":[{"embeddable":true,"href":"https:\/\/www.europesays.com\/fr\/wp-json\/wp\/v2\/media\/265260"}],"wp:attachment":[{"href":"https:\/\/www.europesays.com\/fr\/wp-json\/wp\/v2\/media?parent=265259"}],"wp:term":[{"taxonomy":"category","embeddable":true,"href":"https:\/\/www.europesays.com\/fr\/wp-json\/wp\/v2\/categories?post=265259"},{"taxonomy":"post_tag","embeddable":true,"href":"https:\/\/www.europesays.com\/fr\/wp-json\/wp\/v2\/tags?post=265259"}],"curies":[{"name":"wp","href":"https:\/\/api.w.org\/{rel}","templated":true}]}}