{"id":265264,"date":"2025-07-22T09:30:10","date_gmt":"2025-07-22T09:30:10","guid":{"rendered":"https:\/\/www.europesays.com\/fr\/265264\/"},"modified":"2025-07-22T09:30:10","modified_gmt":"2025-07-22T09:30:10","slug":"william-et-harry-en-deuil-leur-cousine-de-20-ans-a-ete-retrouvee-morte","status":"publish","type":"post","link":"https:\/\/www.europesays.com\/fr\/265264\/","title":{"rendered":"William et Harry en deuil\u00a0: leur cousine de 20 ans a \u00e9t\u00e9 retrouv\u00e9e morte"},"content":{"rendered":"<p class=\"ap-StoryElement ap-StoryElement--mb ap-StoryText\">Le lundi 14 juillet dernier, une terrible nouvelle est venue bouleverser la famille royale britannique. En effet, Rosie Roche, la cousine des princes William et Harry, a \u00e9t\u00e9 retrouv\u00e9e morte dans la propri\u00e9t\u00e9 familiale. Selon les informations du Sun, le d\u00e9c\u00e8s ne serait pas consid\u00e9r\u00e9 comme suspect.<\/p>\n<p class=\"ap-StoryElement ap-StoryElement--mb ap-StoryText\">En effet, la jeune femme de seulement 20 ans a \u00e9t\u00e9 retrouv\u00e9e avec une arme \u00e0 feu \u00e0 proximit\u00e9 de son corps. Si aucune cause de d\u00e9c\u00e8s n&rsquo;a \u00e9t\u00e9 d\u00e9voil\u00e9e jusqu&rsquo;\u00e0 maintenant, il semblerait donc que ce soit un suicide. On ne sait pas non plus si elle a laiss\u00e9 une explication \u00e0 son geste. Une enqu\u00eate a tout de m\u00eame \u00e9t\u00e9 ouverte, pr\u00e9cise Gala.<\/p>\n","protected":false},"excerpt":{"rendered":"Le lundi 14 juillet dernier, une terrible nouvelle est venue bouleverser la famille royale britannique. En effet, Rosie&hellip;\n","protected":false},"author":2,"featured_media":265265,"comment_status":"","ping_status":"","sticky":false,"template":"","format":"standard","meta":{"footnotes":""},"categories":[8],"tags":[18767,1362,58,59,9048,1011,27,14836,267,3936,40486,5748],"class_list":{"0":"post-265264","1":"post","2":"type-post","3":"status-publish","4":"format-standard","5":"has-post-thumbnail","7":"category-divertissement","8":"tag-cousine","9":"tag-deuil","10":"tag-divertissement","11":"tag-entertainment","12":"tag-famille-royale","13":"tag-fr","14":"tag-france","15":"tag-morte","16":"tag-prince-harry","17":"tag-prince-william","18":"tag-rosie-roche","19":"tag-suicide"},"share_on_mastodon":{"url":"https:\/\/pubeurope.com\/@fr\/114896189776967293","error":""},"_links":{"self":[{"href":"https:\/\/www.europesays.com\/fr\/wp-json\/wp\/v2\/posts\/265264","targetHints":{"allow":["GET"]}}],"collection":[{"href":"https:\/\/www.europesays.com\/fr\/wp-json\/wp\/v2\/posts"}],"about":[{"href":"https:\/\/www.europesays.com\/fr\/wp-json\/wp\/v2\/types\/post"}],"author":[{"embeddable":true,"href":"https:\/\/www.europesays.com\/fr\/wp-json\/wp\/v2\/users\/2"}],"replies":[{"embeddable":true,"href":"https:\/\/www.europesays.com\/fr\/wp-json\/wp\/v2\/comments?post=265264"}],"version-history":[{"count":0,"href":"https:\/\/www.europesays.com\/fr\/wp-json\/wp\/v2\/posts\/265264\/revisions"}],"wp:featuredmedia":[{"embeddable":true,"href":"https:\/\/www.europesays.com\/fr\/wp-json\/wp\/v2\/media\/265265"}],"wp:attachment":[{"href":"https:\/\/www.europesays.com\/fr\/wp-json\/wp\/v2\/media?parent=265264"}],"wp:term":[{"taxonomy":"category","embeddable":true,"href":"https:\/\/www.europesays.com\/fr\/wp-json\/wp\/v2\/categories?post=265264"},{"taxonomy":"post_tag","embeddable":true,"href":"https:\/\/www.europesays.com\/fr\/wp-json\/wp\/v2\/tags?post=265264"}],"curies":[{"name":"wp","href":"https:\/\/api.w.org\/{rel}","templated":true}]}}