{"id":265270,"date":"2025-07-22T09:33:11","date_gmt":"2025-07-22T09:33:11","guid":{"rendered":"https:\/\/www.europesays.com\/fr\/265270\/"},"modified":"2025-07-22T09:33:11","modified_gmt":"2025-07-22T09:33:11","slug":"la-france-appelle-a-une-rencontre-au-sommet-entre-zelensky-et-poutine","status":"publish","type":"post","link":"https:\/\/www.europesays.com\/fr\/265270\/","title":{"rendered":"La France appelle \u00e0 une rencontre au sommet entre Zelensky et Poutine&#8230;"},"content":{"rendered":"<p>Des perquisitions dans un m\u00e9dia en ligne russe proche de la police<\/p>\n<p>Des perquisitions ont eu lieu mardi dans les locaux du m\u00e9dia russe en ligne Baza, r\u00e9put\u00e9 proche des forces de l\u2019ordre, a annonc\u00e9 la r\u00e9daction, qui se dit sans nouvelles de son r\u00e9dacteur en chef et de plusieurs employ\u00e9s. \u00ab\u00a0La police a perquisitionn\u00e9 les bureaux de Baza. Dans la matin\u00e9e, la police et les forces anti-\u00e9meutes se sont \u00e9galement rendues au domicile du r\u00e9dacteur en chef, Gleb Trifonov, avec lequel toute communication est d\u00e9sormais coup\u00e9e\u00a0\u00bb, a indiqu\u00e9 le m\u00e9dia sur Telegram. \u00ab\u00a0Plus tard, des policiers se sont rendus dans les locaux de la r\u00e9daction de Baza. Les employ\u00e9s de la publication qui se trouvaient dans les bureaux \u00e0 ce moment-l\u00e0 ont cess\u00e9 de communiquer\u00a0\u00bb, a-t-il ajout\u00e9.<\/p>\n<p>Cette cha\u00eene Telegram est l\u2019une des plus suivies de Russie avec plus de 1,6\u00a0million d\u2019abonn\u00e9s. Fond\u00e9e en\u00a02019, elle est connue pour la publication d\u2019informations exclusives suppos\u00e9ment obtenues gr\u00e2ce \u00e0 ses liens avec la police.<\/p>\n<p>La r\u00e9daction a indiqu\u00e9 ne pas conna\u00eetre les motifs de ces perquisitions.<\/p>\n<p>L\u2019ex-ministre ukrainien de la D\u00e9fense Oumerov m\u00e8nera les n\u00e9gociations de mercredi avec Moscou<\/p>\n<p>L\u2019ex-ministre de la D\u00e9fense Roustem Oumerov m\u00e8nera la d\u00e9l\u00e9gation ukrainienne lors des nouveaux pourparlers avec la Russie pr\u00e9vus mercredi en Turquie pour tenter de mettre un terme \u00e0 plus de trois ans de guerre, annonce le pr\u00e9sident Volodymyr Zelensky.<\/p>\n<p>\u00ab\u00a0La d\u00e9l\u00e9gation sera dirig\u00e9e par Roustem Oumerov\u00a0\u00bb, qui vient d\u2019\u00eatre nomm\u00e9 secr\u00e9taire du Conseil de s\u00e9curit\u00e9 nationale ukrainien, et \u00ab\u00a0comprendra des repr\u00e9sentants des services de renseignement\u00a0\u00bb, de la diplomatie ukrainienne et de la pr\u00e9sidence, a indiqu\u00e9 le pr\u00e9sident ukrainien sur les r\u00e9seaux sociaux.<\/p>\n<p>La France veut que les pourparlers d\u2019Istanbul d\u00e9bouchent sur une rencontre Poutine Zelensky<\/p>\n<p>Les pourparlers de paix qui doivent se poursuivre mercredi entre Russes et Ukrainiens sont louables s\u2019ils conduisent \u00e0 une rencontre entre Volodymyr Zelensky et Vladimir Poutine en vue de conclure un cessez-le-feu, a d\u00e9clar\u00e9 mardi le ministre fran\u00e7ais des Affaires \u00e9trang\u00e8res. \u00ab\u00a0C\u2019est tr\u00e8s bien que des discussions puissent se poursuivre, mais \u00e0 condition qu\u2019elles conduisent \u00e0 une rencontre au niveau des chefs d\u2019\u00c9tat, Volodymyr Zelensky et Vladimir Poutine, une rencontre qui puisse aboutir \u00e0 un cessez-le-feu\u00a0\u00bb, a estim\u00e9 Jean-No\u00ebl Barrot sur France Inter depuis l\u2019Est de l\u2019Ukraine o\u00f9 il est en d\u00e9placement.<\/p>\n<p>\u00ab\u00a0\u00c7a fait maintenant cinq mois que l\u2019Ukraine a accept\u00e9 un cessez-le-feu inconditionnel de 30 jours permettant d\u2019ouvrir des n\u00e9gociations parce qu\u2019on ne n\u00e9gocie pas sous les bombes et \u00e7a fait cinq mois qu\u2019on attend que Vladimir Poutine accepte le m\u00eame principe\u00a0\u00bb, a ajout\u00e9 le ministre.<\/p>\n<p>Le Kremlin ne s\u2019est toujours pas exprim\u00e9 sur les n\u00e9gociations de paix de mercredi<\/p>\n<p>Alors qu\u2019une \u00e9quipe de diplomates ukrainiens pr\u00e9pare la r\u00e9union de n\u00e9gociations avec les Russes annonc\u00e9e pour ce mercredi \u00e0 Istanbul par Volodymyr Zelensky, le Kremlin ne s\u2019est toujours pas exprim\u00e9 sur le sujet.<\/p>\n<p>En visite \u00e0 Kiev, Jean-No\u00ebl Barrot r\u00e9affirme le \u00ab\u00a0soutien ind\u00e9fectible\u00a0\u00bb de la France \u00e0 l\u2019Ukraine<\/p>\n<p>En visite \u00e0 Kiev, depuis lundi, pour deux jours, le ministre fran\u00e7ais des Affaires \u00e9trang\u00e8res Jean-No\u00ebl Barrot a r\u00e9affirm\u00e9 le \u00ab\u00a0soutien ind\u00e9fectible\u00a0\u00bb de la France \u00e0 l\u2019Ukraine, peu apr\u00e8s des frappes russes ayant fait un mort. Il a rencontr\u00e9 Volodymyr Zelensky, avec qui il a discut\u00e9 de d\u00e9fense antia\u00e9rienne et de formation des soldats ukrainiens.<\/p>\n<p>\u00ab\u00a0C\u2019est en faisant pression sur la Russie et en soutenant l\u2019Ukraine que nous mettrons fin \u00e0 cette guerre l\u00e2che et honteuse\u00a0\u00bb, a-t-il d\u00e9clar\u00e9. Volodymyr Zelensky a confirm\u00e9 que \u00ab\u00a0des entreprises fran\u00e7aises vont produire des drones en Ukraine\u00a0\u00bb. Jean-No\u00ebl Barrot a \u00e9galement visit\u00e9 la centrale de Tchernobyl, dont la structure de confinement endommag\u00e9e a \u00e9t\u00e9 en partie financ\u00e9e par la France.<\/p>\n<p>Des pourparlers entre l\u2019Ukraine et la Russie doivent se tenir mercredi \u00e0 Istanbul<\/p>\n<p>Volodymyr Zelensky a annonc\u00e9, lundi, que de nouveaux pourparlers de paix avec la Russie devraient se tenir mercredi \u00e0 Istanbul. \u00ab\u00a0J\u2019ai \u00e9voqu\u00e9 avec Roustem Oumerov, le secr\u00e9taire du Conseil de s\u00e9curit\u00e9, la pr\u00e9paration d\u2019un \u00e9change et d\u2019une nouvelle rencontre en Turquie avec la d\u00e9l\u00e9gation russe. Roustem Oumerov m\u2019a confirm\u00e9 que la r\u00e9union est programm\u00e9e pour mercredi\u00a0\u00bb, a-t-il pr\u00e9cis\u00e9 au cours de son allocution quotidienne diffus\u00e9e sur les r\u00e9seaux sociaux.<\/p>\n<p>Bonjour, et bienvenue dans ce nouveau Live<\/p>\n<p>Depuis l\u2019offensive de la Russie en f\u00e9vrier\u00a02022, la r\u00e9daction de 20 Minutes se mobilise pour vous faire vivre en direct le conflit russo-ukrainien. Conqu\u00eates, batailles, avanc\u00e9es ou reculs diplomatiques\u2026 Vous ne manquerez rien alors que de nouvelles n\u00e9gociations entre l\u2019Ukraine et la Russie se tiendront ce mercredi, \u00e0 Istanbul.<\/p>\n","protected":false},"excerpt":{"rendered":"Des perquisitions dans un m\u00e9dia en ligne russe proche de la police Des perquisitions ont eu lieu mardi&hellip;\n","protected":false},"author":2,"featured_media":265271,"comment_status":"","ping_status":"","sticky":false,"template":"","format":"standard","meta":{"footnotes":""},"categories":[5],"tags":[47,11,75,73,1011,27,131,14,2121,4997,74,12,132,135,134,28],"class_list":{"0":"post-265270","1":"post","2":"type-post","3":"status-publish","4":"format-standard","5":"has-post-thumbnail","7":"category-international","8":"tag-actualite","9":"tag-actualites","10":"tag-donald-trump","11":"tag-etats-unis","12":"tag-fr","13":"tag-france","14":"tag-guerre-en-ukraine","15":"tag-international","16":"tag-jean-noel-barrot","17":"tag-kiev-kyiv","18":"tag-monde","19":"tag-news","20":"tag-russie","21":"tag-vladimir-poutine","22":"tag-volodymyr-zelensky","23":"tag-world"},"share_on_mastodon":{"url":"https:\/\/pubeurope.com\/@fr\/114896201584391824","error":""},"_links":{"self":[{"href":"https:\/\/www.europesays.com\/fr\/wp-json\/wp\/v2\/posts\/265270","targetHints":{"allow":["GET"]}}],"collection":[{"href":"https:\/\/www.europesays.com\/fr\/wp-json\/wp\/v2\/posts"}],"about":[{"href":"https:\/\/www.europesays.com\/fr\/wp-json\/wp\/v2\/types\/post"}],"author":[{"embeddable":true,"href":"https:\/\/www.europesays.com\/fr\/wp-json\/wp\/v2\/users\/2"}],"replies":[{"embeddable":true,"href":"https:\/\/www.europesays.com\/fr\/wp-json\/wp\/v2\/comments?post=265270"}],"version-history":[{"count":0,"href":"https:\/\/www.europesays.com\/fr\/wp-json\/wp\/v2\/posts\/265270\/revisions"}],"wp:featuredmedia":[{"embeddable":true,"href":"https:\/\/www.europesays.com\/fr\/wp-json\/wp\/v2\/media\/265271"}],"wp:attachment":[{"href":"https:\/\/www.europesays.com\/fr\/wp-json\/wp\/v2\/media?parent=265270"}],"wp:term":[{"taxonomy":"category","embeddable":true,"href":"https:\/\/www.europesays.com\/fr\/wp-json\/wp\/v2\/categories?post=265270"},{"taxonomy":"post_tag","embeddable":true,"href":"https:\/\/www.europesays.com\/fr\/wp-json\/wp\/v2\/tags?post=265270"}],"curies":[{"name":"wp","href":"https:\/\/api.w.org\/{rel}","templated":true}]}}