{"id":265272,"date":"2025-07-22T09:34:13","date_gmt":"2025-07-22T09:34:13","guid":{"rendered":"https:\/\/www.europesays.com\/fr\/265272\/"},"modified":"2025-07-22T09:34:13","modified_gmt":"2025-07-22T09:34:13","slug":"lyon-le-campement-de-la-honte-lun-des-plus-grands-de-la-ville-evacue-par-la-police","status":"publish","type":"post","link":"https:\/\/www.europesays.com\/fr\/265272\/","title":{"rendered":"Lyon. Le \u00ab\u00a0campement de la honte\u00a0\u00bb, l&rsquo;un des plus grands de la ville, \u00e9vacu\u00e9 par la police"},"content":{"rendered":"<p>            Par<br \/>\n        <strong><br \/>\n            <a href=\"https:\/\/actu.fr\/auteur\/nicolas-zaugra\" title=\"Consulter tous les articles de Nicolas Zaugra\" rel=\"nofollow noopener\" target=\"_blank\">Nicolas Zaugra<\/a><br \/>\n        <\/strong><\/p>\n<p>        Publi\u00e9 le<\/p>\n<p>            22 juil. 2025 \u00e0 7h56<br \/>\n        ; mis \u00e0 jour le 22 juil. 2025 \u00e0 10h35    <\/p>\n<p>De nombreux Lyonnais surnomment ce <a href=\"https:\/\/actu.fr\/auvergne-rhone-alpes\/lyon_69123\/lyon-ce-campement-geant-sous-un-pont-inquiete-les-habitants-la-police-sur-place_62921525.html\" rel=\"nofollow noopener\" target=\"_blank\">campement celui de la \u00ab\u00a0honte\u00a0\u00bb<\/a>, l\u2019un des plus grands de <a href=\"https:\/\/actu.fr\/auvergne-rhone-alpes\/lyon_69123\" rel=\"nofollow noopener\" target=\"_blank\">Lyon<\/a>. Ce mardi 22 juillet 2025 \u00e0 l\u2019aube, la police a proc\u00e9d\u00e9 \u00e0 <strong>l\u2019\u00e9vacuation du campement de fortune<\/strong> situ\u00e9 sous le pont ferroviaire Jean-Mac\u00e9 dans le 7e arrondissement.\u00a0<\/p>\n<p>20 personnes \u00e9vacu\u00e9es par la police<\/p>\n<p class=\" wall-content\">La police a d\u00e9ploy\u00e9 de grands moyens pour \u00e9vacuer, <strong>dans le calme<\/strong> pour l\u2019instant, la dizaine de tentes install\u00e9es sous le pont.<\/p>\n<p class=\" wall-content\">Au moins <strong>une centaine de personnes<\/strong> vivent dans des conditions d\u00e9plorables. La Ville et la M\u00e9tropole ont fait une demande d\u2019\u00e9vacuation ces derni\u00e8res semaines \u00e0 la pr\u00e9fecture du Rh\u00f4ne. Le 17 juillet, une op\u00e9ration de recensement a \u00e9t\u00e9 r\u00e9alis\u00e9e dans la matin\u00e9e avant l\u2019\u00e9vacuation.<\/p>\n<p class=\" wall-content\">Selon nos informations, 20 personnes ont \u00e9t\u00e9 \u00e9vacu\u00e9es par les forces de l\u2019ordre. La pr\u00e9fecture du Rh\u00f4ne annonce 98 tentes recens\u00e9es, cinq personnes interpell\u00e9es par la police aux fronti\u00e8res (PAF) ce matin plus trois interpell\u00e9s en amont du d\u00e9mant\u00e8lement.<\/p>\n<p class=\" wall-content\">Apr\u00e8s un \u00ab\u00a0diagnostic social r\u00e9alis\u00e9 par les services de l\u2019\u00c9tat et leurs partenaires, 11 adultes et 2 enfants ont \u00e9t\u00e9 pris en charge, au regard de vuln\u00e9rabilit\u00e9, en amont au titre de l\u2019h\u00e9bergement d\u2019urgence.\u00a0\u00bb<\/p>\n<p>    <img   decoding=\"async\" loading=\"lazy\" src=\"https:\/\/www.europesays.com\/fr\/wp-content\/uploads\/2025\/07\/evacuation-jean-mace-02-photo-pascal-pierart-960x640.jpg\" alt=\"Des manifestants d\u00e9noncent l'\u00e9vacuation du campement sauvage de Jean-Mac\u00e9.\" width=\"960\" height=\"640\"\/><br \/>\n    Des manifestants d\u00e9noncent l\u2019\u00e9vacuation du campement sauvage de Jean-Mac\u00e9. (\u00a9Pascal Pi\u00e9rart\/ actu Lyon)Vid\u00e9os : en ce moment sur Actu<br \/>\n    <a href=\"https:\/\/www.google.com\/maps\/embed?pb=!1m18!1m12!1m3!1d29986.21111676355!2d4.840811830612312!3d45.74149634254505!2m3!1f0!2f0!3f0!3m2!1i1024!2i768!4f13.1!3m3!1m2!1s0x47f4ea4744b5461f%3A0x95eaa6d9f38c4a11!2sLyon%20Jean%20Mac%C3%A9!5e1!3m2!1sfr!2sfr!4v1753163702185!5m2!1sfr!2sfr\" title=\"Ouvrie le lien\" rel=\"nofollow noopener\" target=\"_blank\">Cliquez ici pour visualiser le contenu<\/a><\/p>\n<p>Un campement install\u00e9 depuis des ann\u00e9es<\/p>\n<p class=\" wall-content\">Dans ce camp de fortune, vivent des hommes isol\u00e9s, personnes \u00e2g\u00e9es, mineurs non accompagn\u00e9s, travailleurs sans logement\u2026 mais peu de familles, en raison de l\u2019ins\u00e9curit\u00e9.<\/p>\n<p class=\" wall-content\">Les autorit\u00e9s \u00e9voquent des violences, de trafic et consommation de drogues dures et de r\u00e9seaux criminels impliqu\u00e9s dans la \u00ab traite humaine \u00bb. Le tout compl\u00e9t\u00e9 par des probl\u00e9matiques sanitaires li\u00e9es \u00e0 la chaleur et aux ordures accumul\u00e9es.<\/p>\n<p class=\" wall-content\">Ce campement de fortune est install\u00e9 depuis des ann\u00e9es et <a href=\"https:\/\/actu.fr\/auvergne-rhone-alpes\/lyon_69123\/lyon-les-tentes-de-sdf-se-multiplient-et-inquietent-a-jean-mace-que-se-passe-t-il_61417958.html\" rel=\"nofollow noopener\" target=\"_blank\">inqui\u00e9tait bon nombre de riverains<\/a>.\u00a0<\/p>\n<p class=\" wall-content\">Ce mardi matin, des associations et militants se sont rassembl\u00e9s sur place pour d\u00e9noncer cette \u00e9vacuation polici\u00e8re.<\/p>\n<p class=\" wall-content\">Suivez toute l\u2019actualit\u00e9 de vos villes et m\u00e9dias favoris en vous inscrivant \u00e0 <a href=\"https:\/\/moncompte.actu.fr\" title=\"D\u00e9couvez Mon Actu\" rel=\"nofollow noopener\" data-trk=\"{&quot;cta&quot;:{&quot;action&quot;:&quot;https:\\\/\\\/moncompte.actu.fr&quot;,&quot;category&quot;:&quot;mon compte&quot;,&quot;from&quot;:&quot;article footer&quot;,&quot;name&quot;:&quot;Mon actu&quot;,&quot;type&quot;:&quot;cta&quot;}}\" target=\"_blank\">Mon Actu<\/a>.<\/p>\n","protected":false},"excerpt":{"rendered":"Par Nicolas Zaugra Publi\u00e9 le 22 juil. 2025 \u00e0 7h56 ; mis \u00e0 jour le 22 juil. 2025&hellip;\n","protected":false},"author":2,"featured_media":265273,"comment_status":"","ping_status":"","sticky":false,"template":"","format":"standard","meta":{"footnotes":""},"categories":[4],"tags":[11,1011,27,1061,12,4518,1072,25,104],"class_list":{"0":"post-265272","1":"post","2":"type-post","3":"status-publish","4":"format-standard","5":"has-post-thumbnail","7":"category-france","8":"tag-actualites","9":"tag-fr","10":"tag-france","11":"tag-immigration","12":"tag-news","13":"tag-pauvrete","14":"tag-police","15":"tag-republique-francaise","16":"tag-societe"},"share_on_mastodon":{"url":"https:\/\/pubeurope.com\/@fr\/114896205474496518","error":""},"_links":{"self":[{"href":"https:\/\/www.europesays.com\/fr\/wp-json\/wp\/v2\/posts\/265272","targetHints":{"allow":["GET"]}}],"collection":[{"href":"https:\/\/www.europesays.com\/fr\/wp-json\/wp\/v2\/posts"}],"about":[{"href":"https:\/\/www.europesays.com\/fr\/wp-json\/wp\/v2\/types\/post"}],"author":[{"embeddable":true,"href":"https:\/\/www.europesays.com\/fr\/wp-json\/wp\/v2\/users\/2"}],"replies":[{"embeddable":true,"href":"https:\/\/www.europesays.com\/fr\/wp-json\/wp\/v2\/comments?post=265272"}],"version-history":[{"count":0,"href":"https:\/\/www.europesays.com\/fr\/wp-json\/wp\/v2\/posts\/265272\/revisions"}],"wp:featuredmedia":[{"embeddable":true,"href":"https:\/\/www.europesays.com\/fr\/wp-json\/wp\/v2\/media\/265273"}],"wp:attachment":[{"href":"https:\/\/www.europesays.com\/fr\/wp-json\/wp\/v2\/media?parent=265272"}],"wp:term":[{"taxonomy":"category","embeddable":true,"href":"https:\/\/www.europesays.com\/fr\/wp-json\/wp\/v2\/categories?post=265272"},{"taxonomy":"post_tag","embeddable":true,"href":"https:\/\/www.europesays.com\/fr\/wp-json\/wp\/v2\/tags?post=265272"}],"curies":[{"name":"wp","href":"https:\/\/api.w.org\/{rel}","templated":true}]}}