{"id":265280,"date":"2025-07-22T09:40:10","date_gmt":"2025-07-22T09:40:10","guid":{"rendered":"https:\/\/www.europesays.com\/fr\/265280\/"},"modified":"2025-07-22T09:40:10","modified_gmt":"2025-07-22T09:40:10","slug":"le-pradet-accueille-ses-nouveaux-habitants","status":"publish","type":"post","link":"https:\/\/www.europesays.com\/fr\/265280\/","title":{"rendered":"Le Pradet accueille ses nouveaux habitants"},"content":{"rendered":"<p>                    <img loading=\"lazy\" decoding=\"async\" src=\"https:\/\/www.europesays.com\/fr\/wp-content\/uploads\/2025\/07\/eded37898331c4aecd91447f6400fb.jpg\" class=\"img-responsive post-image\" width=\"680\" height=\"510\" alt=\"Le Pradet accueille (\u2026)\" title=\"Le Pradet accueille ses nouveaux habitants\"\/><\/p>\n<p class=\"chapo\">Courant mai, les \u00e9lus ont accueilli les nouveaux r\u00e9sidents lors d\u2019une r\u00e9ception organis\u00e9e dans la salle du Conseil municipal.<\/p>\n<p>Dans une ambiance chaleureuse et d\u00e9contract\u00e9e, <strong>Herv\u00e9 Stassinos,<\/strong> le maire, entour\u00e9 de son \u00e9quipe municipale, a souhait\u00e9 la bienvenue aux nouveaux arrivants venus s\u2019installer dans la commune. Cette rencontre, plac\u00e9e sous le signe de la proximit\u00e9 et du dialogue, a permis aux participants de d\u00e9couvrir les \u00e9lus locaux, leurs d\u00e9l\u00e9gations respectives, les services propos\u00e9s par la mairie ainsi que le dynamisme associatif de la commune. \u00c0 cette occasion, le premier magistrat a rappel\u00e9 l\u2019importance du lien social et de l\u2019implication citoyenne dans la vie locale.<br class=\"texte\"\/><br \/>\nLes \u00e9changes ont \u00e9t\u00e9 nombreux et appr\u00e9ci\u00e9s, t\u00e9moignant d\u2019une volont\u00e9 de cr\u00e9er du lien entre les habitants et leurs repr\u00e9sentants. <br class=\"autobr\"\/><br \/>\nPour clore cette rencontre, chaque participant a re\u00e7u un lot de produits locaux\u00a0: huile d\u2019olive de l\u2019Esquirol, sabl\u00e9s de la p\u00e2tisserie JBK et une savoureuse pr\u00e9paration aux escargots sign\u00e9e La Dominette. Une attention qui a ravi les nouveaux venus et mis \u00e0 l\u2019honneur les savoir-faire des artisans et producteurs du territoire.<br class=\"autobr\"\/><br \/>\n<strong>Une initiative simple mais pr\u00e9cieuse qui refl\u00e8te l\u2019esprit d\u2019accueil et de convivialit\u00e9 de la ville du Pradet.<\/strong><\/p>\n<p>Photo de Une \u00a9PRESSE AGENCE<\/p>\n","protected":false},"excerpt":{"rendered":"Courant mai, les \u00e9lus ont accueilli les nouveaux r\u00e9sidents lors d\u2019une r\u00e9ception organis\u00e9e dans la salle du Conseil&hellip;\n","protected":false},"author":2,"featured_media":265281,"comment_status":"","ping_status":"","sticky":false,"template":"","format":"standard","meta":{"footnotes":""},"categories":[9619],"tags":[1111,11,2408,1777,674,1011,27,12,882,25,2310],"class_list":{"0":"post-265280","1":"post","2":"type-post","3":"status-publish","4":"format-standard","5":"has-post-thumbnail","7":"category-toulon","8":"tag-actu","9":"tag-actualites","10":"tag-appels-d","11":"tag-eu","12":"tag-europe","13":"tag-fr","14":"tag-france","15":"tag-news","16":"tag-provence-alpes-cote-dazur","17":"tag-republique-francaise","18":"tag-toulon"},"share_on_mastodon":{"url":"https:\/\/pubeurope.com\/@fr\/114896229107846325","error":""},"_links":{"self":[{"href":"https:\/\/www.europesays.com\/fr\/wp-json\/wp\/v2\/posts\/265280","targetHints":{"allow":["GET"]}}],"collection":[{"href":"https:\/\/www.europesays.com\/fr\/wp-json\/wp\/v2\/posts"}],"about":[{"href":"https:\/\/www.europesays.com\/fr\/wp-json\/wp\/v2\/types\/post"}],"author":[{"embeddable":true,"href":"https:\/\/www.europesays.com\/fr\/wp-json\/wp\/v2\/users\/2"}],"replies":[{"embeddable":true,"href":"https:\/\/www.europesays.com\/fr\/wp-json\/wp\/v2\/comments?post=265280"}],"version-history":[{"count":0,"href":"https:\/\/www.europesays.com\/fr\/wp-json\/wp\/v2\/posts\/265280\/revisions"}],"wp:featuredmedia":[{"embeddable":true,"href":"https:\/\/www.europesays.com\/fr\/wp-json\/wp\/v2\/media\/265281"}],"wp:attachment":[{"href":"https:\/\/www.europesays.com\/fr\/wp-json\/wp\/v2\/media?parent=265280"}],"wp:term":[{"taxonomy":"category","embeddable":true,"href":"https:\/\/www.europesays.com\/fr\/wp-json\/wp\/v2\/categories?post=265280"},{"taxonomy":"post_tag","embeddable":true,"href":"https:\/\/www.europesays.com\/fr\/wp-json\/wp\/v2\/tags?post=265280"}],"curies":[{"name":"wp","href":"https:\/\/api.w.org\/{rel}","templated":true}]}}