{"id":265292,"date":"2025-07-22T09:46:09","date_gmt":"2025-07-22T09:46:09","guid":{"rendered":"https:\/\/www.europesays.com\/fr\/265292\/"},"modified":"2025-07-22T09:46:09","modified_gmt":"2025-07-22T09:46:09","slug":"grenoble-voici-tous-les-projets-choisis-par-les-habitants-pour-transformer-la-ville","status":"publish","type":"post","link":"https:\/\/www.europesays.com\/fr\/265292\/","title":{"rendered":"Grenoble. Voici tous les projets choisis par les habitants pour transformer la ville"},"content":{"rendered":"<p>            Par<br \/>\n        <strong><br \/>\n            <a href=\"https:\/\/actu.fr\/auteur\/julien-sournies\" title=\"Consulter tous les articles de Julien Sournies\" rel=\"nofollow noopener\" target=\"_blank\">Julien Sournies<\/a><br \/>\n        <\/strong><\/p>\n<p>        Publi\u00e9 le<\/p>\n<p>            22 juil. 2025 \u00e0 11h35        <\/p>\n<p>Les votes ont \u00e9t\u00e9 scell\u00e9s. Dans le cadre de la 9e \u00e9dition du budget participatif \u00e0 <a href=\"https:\/\/actu.fr\/grenoble\/\" rel=\"nofollow noopener\" target=\"_blank\">Grenoble<\/a>, qui s\u2019est d\u00e9roul\u00e9e du 14 juin au 20 juillet 2025, plus de 6\u2009000 habitants ont pu voter parmi les 26 projets pr\u00e9sent\u00e9s pour embellir la ville. \u00c0 l\u2019issue de ces cinq semaines de scrutin, <strong>13<\/strong> d\u2019entre eux, dont l\u2019enveloppe globale pour tous les r\u00e9aliser s\u2019\u00e9l\u00e8ve \u00e0 quelque <strong>1,8\u00a0million d\u2019euros<\/strong>, ont finalement \u00e9t\u00e9 retenus ce lundi 21\u00a0juillet.<\/p>\n<p>Un espace solidaire et des parcs sur les toits<\/p>\n<p class=\" wall-content\">Parmi les projets les plus on\u00e9reux, on retrouve celui visant \u00e0 cr\u00e9er un lieu pour les <strong>personnes pr\u00e9caires et leurs chiens<\/strong> (380\u2009000\u00a0\u20ac). Dans le d\u00e9tail, l\u2019objectif est de concevoir un \u00ab\u2009espace solidaire o\u00f9 les animaux re\u00e7oivent soins et nourriture et o\u00f9 les chiens s\u2019\u00e9panouissent en toute libert\u00e9. Les personnes pr\u00e9caires et\/ou isol\u00e9es pourront, elles, cr\u00e9er du lien social autour d\u2019un caf\u00e9\u2009\u00bb, peut-on lire.<\/p>\n<p class=\" wall-content\">N\u00e9cessitant 350\u2009000\u00a0\u20ac, le projet visant \u00e0 installer des<strong> parcs sur les toits<\/strong> a, lui aussi, \u00e9t\u00e9 s\u00e9lectionn\u00e9. \u00ab\u2009L\u2019id\u00e9e est d\u2019am\u00e9nager l\u2019acc\u00e8s \u00e0 des toits de la ville, de les v\u00e9g\u00e9taliser et de proposer des espaces ombrag\u00e9s o\u00f9 l\u2019on peut s\u2019asseoir, se r\u00e9unir autour de tables, se rafra\u00eechir en \u00e9t\u00e9\u2009\u00bb, indique le porteur du projet.<\/p>\n<p>V\u00e9g\u00e9talisation, bornes anti-moustiques\u2026<\/p>\n<p class=\" wall-content\">Moyennant 250\u2009000\u00a0\u20ac, le projet de <strong>r\u00e9am\u00e9nagement de la place de la gare<\/strong> a par ailleurs \u00e9t\u00e9 retenu. Le but est de transformer \u00ab\u2009ce lieu de passage central dans la boucle du tram en un lieu v\u00e9g\u00e9talis\u00e9 et frais en luttant contre l\u2019effet d\u2019\u00eelot de chaleur urbain\u2009\u00bb.<\/p>\n<p class=\" wall-content\">\u00c0 ceux-ci, on retrouve \u00e9galement le projet de v\u00e9g\u00e9talisation de l\u2019axe Lyautey\/Rey (150\u2009000\u00a0\u20ac) ou encore l\u2019installation de bornes anti-moustiques \u00e9cologiques dans les parcs, les \u00e9coles et les cr\u00e8ches (150\u2009000\u00a0\u20ac).<\/p>\n<p class=\" wall-content\"><strong>Voici les autres projets retenus lors de ce budget participatif\u2009:<\/strong><\/p>\n<ul class=\" wall-content\">\n<li>La caravane sant\u00e9 mentale solidaire pour 270\u2009000\u20ac<\/li>\n<li>Les frigos solidaires pour 10\u2009000\u20ac<\/li>\n<li>Un jardin-for\u00eat comestible, p\u00e9dagogique et ouvert \u00e0 toutes et tous pour 45\u2009000\u20ac<\/li>\n<li>Square Saint-Bruno\u2009: embelli et plus attractif pour 80\u2009000\u20ac<\/li>\n<li>Des tables d\u2019\u00e9checs dans les espaces publics pour 30\u2009000\u20ac<\/li>\n<li>Les fontaines \u00e0 partager pour 30\u2009000\u20ac<\/li>\n<li>Promouvoir la lecture par les bo\u00eetes \u00e0 livres pour 20\u2009000\u20ac<\/li>\n<li>Ping-pong\u2009: sport, loisir et convivialit\u00e9 en ville pour 30\u2009000\u20ac<\/li>\n<\/ul>\n<p class=\" wall-content\">Suivez toute l\u2019actualit\u00e9 de vos villes et m\u00e9dias favoris en vous inscrivant \u00e0 <a href=\"https:\/\/moncompte.actu.fr\" title=\"D\u00e9couvez Mon Actu\" rel=\"nofollow noopener\" data-trk=\"{&quot;cta&quot;:{&quot;action&quot;:&quot;https:\\\/\\\/moncompte.actu.fr&quot;,&quot;category&quot;:&quot;mon compte&quot;,&quot;from&quot;:&quot;article footer&quot;,&quot;name&quot;:&quot;Mon actu&quot;,&quot;type&quot;:&quot;cta&quot;}}\" target=\"_blank\">Mon Actu<\/a>.<\/p>\n","protected":false},"excerpt":{"rendered":"Par Julien Sournies Publi\u00e9 le 22 juil. 2025 \u00e0 11h35 Les votes ont \u00e9t\u00e9 scell\u00e9s. Dans le cadre&hellip;\n","protected":false},"author":2,"featured_media":237316,"comment_status":"","ping_status":"","sticky":false,"template":"","format":"standard","meta":{"footnotes":""},"categories":[9566],"tags":[1111,11,2430,1003,33,1777,674,1011,27,2731,12,25],"class_list":{"0":"post-265292","1":"post","2":"type-post","3":"status-publish","4":"format-standard","5":"has-post-thumbnail","7":"category-grenoble","8":"tag-actu","9":"tag-actualites","10":"tag-auvergne-rhone-alpes","11":"tag-budget","12":"tag-economie","13":"tag-eu","14":"tag-europe","15":"tag-fr","16":"tag-france","17":"tag-grenoble","18":"tag-news","19":"tag-republique-francaise"},"share_on_mastodon":{"url":"https:\/\/pubeurope.com\/@fr\/114896252666910689","error":""},"_links":{"self":[{"href":"https:\/\/www.europesays.com\/fr\/wp-json\/wp\/v2\/posts\/265292","targetHints":{"allow":["GET"]}}],"collection":[{"href":"https:\/\/www.europesays.com\/fr\/wp-json\/wp\/v2\/posts"}],"about":[{"href":"https:\/\/www.europesays.com\/fr\/wp-json\/wp\/v2\/types\/post"}],"author":[{"embeddable":true,"href":"https:\/\/www.europesays.com\/fr\/wp-json\/wp\/v2\/users\/2"}],"replies":[{"embeddable":true,"href":"https:\/\/www.europesays.com\/fr\/wp-json\/wp\/v2\/comments?post=265292"}],"version-history":[{"count":0,"href":"https:\/\/www.europesays.com\/fr\/wp-json\/wp\/v2\/posts\/265292\/revisions"}],"wp:featuredmedia":[{"embeddable":true,"href":"https:\/\/www.europesays.com\/fr\/wp-json\/wp\/v2\/media\/237316"}],"wp:attachment":[{"href":"https:\/\/www.europesays.com\/fr\/wp-json\/wp\/v2\/media?parent=265292"}],"wp:term":[{"taxonomy":"category","embeddable":true,"href":"https:\/\/www.europesays.com\/fr\/wp-json\/wp\/v2\/categories?post=265292"},{"taxonomy":"post_tag","embeddable":true,"href":"https:\/\/www.europesays.com\/fr\/wp-json\/wp\/v2\/tags?post=265292"}],"curies":[{"name":"wp","href":"https:\/\/api.w.org\/{rel}","templated":true}]}}