{"id":265295,"date":"2025-07-22T09:49:09","date_gmt":"2025-07-22T09:49:09","guid":{"rendered":"https:\/\/www.europesays.com\/fr\/265295\/"},"modified":"2025-07-22T09:49:09","modified_gmt":"2025-07-22T09:49:09","slug":"des-concerts-et-spectacles-tout-lete-ce-quil-faut-savoir-sur-ce-festival-a-rennes","status":"publish","type":"post","link":"https:\/\/www.europesays.com\/fr\/265295\/","title":{"rendered":"Des concerts et spectacles tout l\u2019\u00e9t\u00e9\u00a0: ce qu\u2019il faut savoir sur ce festival \u00e0 Rennes"},"content":{"rendered":"<p>Du mardi au samedi de 12h \u00e0 19h, place de la Mairie<\/p>\n<p>M\u00eame en ville, il est possible de se poser dans des transats. Installez-vous les doigts de pied en \u00e9ventail et place \u00e0 la d\u00e9tente et au bronzage\u2026 mais aussi aux concerts qui auront lieu les samedis sur la place de la Mairie.<\/p>\n<p>Les mardis, place de la Mairie<\/p>\n<p>Pour les fans de lecture ou simplement les curieux, d\u00e9couvrez les coups de c\u0153ur des biblioth\u00e9caires de la ville. Ces derniers proposeront une s\u00e9rie d\u2019animations autour de la litt\u00e9rature, les mardis de 17h \u00e0 18h30 (arr\u00eat le 15 ao\u00fbt), sur la place de la Mairie. Un programme de d\u00e9couverte ouvert \u00e0 tous.<\/p>\n<p>Le 7 ao\u00fbt \u00e0 partir de 20h, square des Hautes Chalais<\/p>\n<p>Place au bal latino le jeudi 7 ao\u00fbt. Au programme : des musiques et danses, hautes en couleur. Les sept artistes du projet Las Gabachas de la cumbia vous promettent un voyage musical entre le mambo, le cha-cha-cha et le tango.<\/p>\n<p>Les jeudis \u00e0 20h, dans les quartiers rennais<\/p>\n<p>Au parc des Gayeulles, aux prairies Saint-Martin ou encore aux plages de Baud et au stade de La Courrouze, les artistes se succ\u00e9deront dans les quartiers pour proposer des spectacles. Entre bal, concerts, danse et th\u00e9\u00e2tre\u2026 Du jeudi 17 juillet au jeudi 21 ao\u00fbt, de nombreux passionn\u00e9s transporteront les spectateurs dans leur univers.<\/p>\n<p>Carte blanche<\/p>\n<p>Certains samedis et jeudis laissent carte blanche \u00e0 des festivals. C\u2018est le cas du samedi 26 juillet, place de la Mairie, o\u00f9 les \u00e9quipes de l\u2019Open mic brant proposeront un karaok\u00e9 exp\u00e9rimental. Ou encore le jeudi 21 ao\u00fbt au parc des Gayeulles, o\u00f9 l\u2019op\u00e9ra de Rennes offrira une initiation au chant lyrique.<\/p>\n<p class=\"note\">Pratique : Les informations, dates et horaires des autres concerts et animations sont \u00e0 retrouver sur le site ete.rennes.fr<\/p>\n","protected":false},"excerpt":{"rendered":"Du mardi au samedi de 12h \u00e0 19h, place de la Mairie M\u00eame en ville, il est possible&hellip;\n","protected":false},"author":2,"featured_media":265296,"comment_status":"","ping_status":"","sticky":false,"template":"","format":"standard","meta":{"footnotes":""},"categories":[2821],"tags":[1111,11,829,3173,1777,674,1011,27,848,12,584,25],"class_list":{"0":"post-265295","1":"post","2":"type-post","3":"status-publish","4":"format-standard","5":"has-post-thumbnail","7":"category-rennes","8":"tag-actu","9":"tag-actualites","10":"tag-bretagne","11":"tag-culture-a-rennes","12":"tag-eu","13":"tag-europe","14":"tag-fr","15":"tag-france","16":"tag-ille-et-vilaine","17":"tag-news","18":"tag-rennes","19":"tag-republique-francaise"},"share_on_mastodon":{"url":"https:\/\/pubeurope.com\/@fr\/114896264424501945","error":""},"_links":{"self":[{"href":"https:\/\/www.europesays.com\/fr\/wp-json\/wp\/v2\/posts\/265295","targetHints":{"allow":["GET"]}}],"collection":[{"href":"https:\/\/www.europesays.com\/fr\/wp-json\/wp\/v2\/posts"}],"about":[{"href":"https:\/\/www.europesays.com\/fr\/wp-json\/wp\/v2\/types\/post"}],"author":[{"embeddable":true,"href":"https:\/\/www.europesays.com\/fr\/wp-json\/wp\/v2\/users\/2"}],"replies":[{"embeddable":true,"href":"https:\/\/www.europesays.com\/fr\/wp-json\/wp\/v2\/comments?post=265295"}],"version-history":[{"count":0,"href":"https:\/\/www.europesays.com\/fr\/wp-json\/wp\/v2\/posts\/265295\/revisions"}],"wp:featuredmedia":[{"embeddable":true,"href":"https:\/\/www.europesays.com\/fr\/wp-json\/wp\/v2\/media\/265296"}],"wp:attachment":[{"href":"https:\/\/www.europesays.com\/fr\/wp-json\/wp\/v2\/media?parent=265295"}],"wp:term":[{"taxonomy":"category","embeddable":true,"href":"https:\/\/www.europesays.com\/fr\/wp-json\/wp\/v2\/categories?post=265295"},{"taxonomy":"post_tag","embeddable":true,"href":"https:\/\/www.europesays.com\/fr\/wp-json\/wp\/v2\/tags?post=265295"}],"curies":[{"name":"wp","href":"https:\/\/api.w.org\/{rel}","templated":true}]}}