{"id":265303,"date":"2025-07-22T09:54:11","date_gmt":"2025-07-22T09:54:11","guid":{"rendered":"https:\/\/www.europesays.com\/fr\/265303\/"},"modified":"2025-07-22T09:54:11","modified_gmt":"2025-07-22T09:54:11","slug":"trois-personnes-dont-une-femme-enceinte-blessees","status":"publish","type":"post","link":"https:\/\/www.europesays.com\/fr\/265303\/","title":{"rendered":"trois personnes dont une femme enceinte bless\u00e9es"},"content":{"rendered":"<p>            Par<br \/>\n        <strong><br \/>\n            <a href=\"https:\/\/actu.fr\/auteur\/laure-gentil\" title=\"Consulter tous les articles de Laure Gentil\" rel=\"nofollow noopener\" target=\"_blank\">Laure Gentil<\/a><br \/>\n        <\/strong><\/p>\n<p>        Publi\u00e9 le<\/p>\n<p>            22 juil. 2025 \u00e0 10h40        <\/p>\n<p>Les sapeurs-pompiers de Loire-Atlantique ont \u00e9t\u00e9 d\u00e9p\u00each\u00e9s \u00e0 <strong>Rez\u00e9<\/strong>, dans la m\u00e9tropole de Nantes, vers 22\u2009h\u200942 <strong>ce lundi 21\u00a0juillet,<\/strong> pour \u00e9teindre un feu s\u2019\u00e9tant d\u00e9clench\u00e9 au \u00ab\u20094e et dernier \u00e9tage\u2009\u00bb d\u2019un immeuble d\u2019habitation, indique le Service d\u00e9partemental d\u2019incendie et de secours.<\/p>\n<p class=\" wall-content\">Selon le Sdis 44, le feu commen\u00e7ait \u00e0 se propager \u00e0 la toiture.<\/p>\n<p>Une trentaine de pompiers sur place<\/p>\n<p class=\" wall-content\">L\u2019extinction du feu a \u00e9t\u00e9 r\u00e9alis\u00e9e au moyen de deux lances \u00e0 incendie dont une sur une \u00e9chelle a\u00e9rienne. Les <strong>10 appartements de la cage d\u2019escalier<\/strong> concern\u00e9e par le feu ont \u00e9t\u00e9 \u00e9vacu\u00e9s et <strong>l\u2019\u00e9lectricit\u00e9<\/strong> a \u00e9t\u00e9 coup\u00e9e dans tout l\u2019immeuble, impactant<strong>\u00a060 appartements.<\/strong> En tout 27 sapeurs-pompiers \u00e9taient sur place.<\/p>\n<p class=\" wall-content\">\u00ab\u2009Le bilan pr\u00e9liminaire\u2009\u00bb des pompiers fait \u00e9tat de \u00ab\u2009trois victimes\u2009\u00bb\u2009: une femme enceinte de 17\u00a0ans qui a \u00e9t\u00e9 transport\u00e9e \u00e0 la <strong>maternit\u00e9 du Confluent<\/strong>, une femme de 69\u00a0ans laiss\u00e9e sur place apr\u00e8s un examen m\u00e9dical et un homme de 68\u00a0ans lui aussi laiss\u00e9 sur place.<\/p>\n<p class=\" wall-content\"><strong>Sept personnes ont \u00e9t\u00e9 relog\u00e9es<\/strong> par la mairie de Rez\u00e9 et la <strong>circulation des bus<\/strong> a \u00e9t\u00e9 interrompue. La circulation des trams a, elle, \u00e9t\u00e9 \u00ab\u2009fortement diminu\u00e9e\u2009\u00bb selon le Sdis.<\/p>\n<p>Vid\u00e9os : en ce moment sur Actu<\/p>\n<p class=\" wall-content\">Suivez toute l\u2019actualit\u00e9 de vos villes et m\u00e9dias favoris en vous inscrivant \u00e0 <a href=\"https:\/\/moncompte.actu.fr\" title=\"D\u00e9couvez Mon Actu\" rel=\"nofollow noopener\" data-trk=\"{&quot;cta&quot;:{&quot;action&quot;:&quot;https:\\\/\\\/moncompte.actu.fr&quot;,&quot;category&quot;:&quot;mon compte&quot;,&quot;from&quot;:&quot;article footer&quot;,&quot;name&quot;:&quot;Mon actu&quot;,&quot;type&quot;:&quot;cta&quot;}}\" target=\"_blank\">Mon Actu<\/a>.<\/p>\n","protected":false},"excerpt":{"rendered":"Par Laure Gentil Publi\u00e9 le 22 juil. 2025 \u00e0 10h40 Les sapeurs-pompiers de Loire-Atlantique ont \u00e9t\u00e9 d\u00e9p\u00each\u00e9s \u00e0&hellip;\n","protected":false},"author":2,"featured_media":124930,"comment_status":"","ping_status":"","sticky":false,"template":"","format":"standard","meta":{"footnotes":""},"categories":[2818],"tags":[1111,11,1777,674,118,1011,27,1310,766,12,2636,1311,25],"class_list":{"0":"post-265303","1":"post","2":"type-post","3":"status-publish","4":"format-standard","5":"has-post-thumbnail","7":"category-nantes","8":"tag-actu","9":"tag-actualites","10":"tag-eu","11":"tag-europe","12":"tag-faits-divers","13":"tag-fr","14":"tag-france","15":"tag-incendie","16":"tag-nantes","17":"tag-news","18":"tag-pays-de-la-loire","19":"tag-pompiers","20":"tag-republique-francaise"},"share_on_mastodon":{"url":"https:\/\/pubeurope.com\/@fr\/114896284173393242","error":""},"_links":{"self":[{"href":"https:\/\/www.europesays.com\/fr\/wp-json\/wp\/v2\/posts\/265303","targetHints":{"allow":["GET"]}}],"collection":[{"href":"https:\/\/www.europesays.com\/fr\/wp-json\/wp\/v2\/posts"}],"about":[{"href":"https:\/\/www.europesays.com\/fr\/wp-json\/wp\/v2\/types\/post"}],"author":[{"embeddable":true,"href":"https:\/\/www.europesays.com\/fr\/wp-json\/wp\/v2\/users\/2"}],"replies":[{"embeddable":true,"href":"https:\/\/www.europesays.com\/fr\/wp-json\/wp\/v2\/comments?post=265303"}],"version-history":[{"count":0,"href":"https:\/\/www.europesays.com\/fr\/wp-json\/wp\/v2\/posts\/265303\/revisions"}],"wp:featuredmedia":[{"embeddable":true,"href":"https:\/\/www.europesays.com\/fr\/wp-json\/wp\/v2\/media\/124930"}],"wp:attachment":[{"href":"https:\/\/www.europesays.com\/fr\/wp-json\/wp\/v2\/media?parent=265303"}],"wp:term":[{"taxonomy":"category","embeddable":true,"href":"https:\/\/www.europesays.com\/fr\/wp-json\/wp\/v2\/categories?post=265303"},{"taxonomy":"post_tag","embeddable":true,"href":"https:\/\/www.europesays.com\/fr\/wp-json\/wp\/v2\/tags?post=265303"}],"curies":[{"name":"wp","href":"https:\/\/api.w.org\/{rel}","templated":true}]}}