{"id":265314,"date":"2025-07-22T10:00:12","date_gmt":"2025-07-22T10:00:12","guid":{"rendered":"https:\/\/www.europesays.com\/fr\/265314\/"},"modified":"2025-07-22T10:00:12","modified_gmt":"2025-07-22T10:00:12","slug":"fetez-lete-avec-le-festif-canal-a-roubaix","status":"publish","type":"post","link":"https:\/\/www.europesays.com\/fr\/265314\/","title":{"rendered":"F\u00eatez l&rsquo;\u00e9t\u00e9 avec le Festif Canal \u00e0 Roubaix"},"content":{"rendered":"<p class=\"introduction\">Pour la 7\u00e8me ann\u00e9e cons\u00e9cutive, Roubaix va accueillir le Festif Canal. Un \u00e9v\u00e9nement organis\u00e9 par la Maison de l&rsquo;Eau, de la P\u00eache &amp; de la Nature, qui se tiendra le vendredi 25 juillet de 14h \u00e0 22h , quai de Cherbourg. L&rsquo;entr\u00e9e est gratuite et ouverte \u00e0 tous.<\/p>\n<p>Lors de cette f\u00eate au bord de l\u2019eau, vous pourrez pratiquer la p\u00eache au coup \u00e0 la Roubaisienne, le street fishing, et le float. Mais aussi participer \u00e0 des ateliers R\u00e9cup cr\u00e9atif, du DIY pour fabriquer des produits m\u00e9nagers ou des cosm\u00e9tiques et un stand de d\u00e9gustations de plantes sauvages.<\/p>\n<p>Le Relais nature proposera son v\u00e9lo cargo nature et le Jardin de Chlorophylle une plantation de succulente.<\/p>\n<p>Pour satisfaire les gourmands, une petite restauration (payante) sera disponible,. Une occasion parfaite pour passer un moment agr\u00e9able et savoureux en famille ou entre amis.<\/p>\n<p><strong>&gt; D\u00e9couvrez \u00e9galement l\u2019ensemble <a href=\"https:\/\/www.roubaixxl.fr\/vos-rendez-vous-de-lete-2025-a-roubaix\/\" target=\"_blank\" rel=\"noopener\">des rendez-vous de l\u2019\u00e9t\u00e9 \u00e0 Roubaix<\/a>\u00a0<\/strong><\/p>\n","protected":false},"excerpt":{"rendered":"Pour la 7\u00e8me ann\u00e9e cons\u00e9cutive, Roubaix va accueillir le Festif Canal. Un \u00e9v\u00e9nement organis\u00e9 par la Maison de&hellip;\n","protected":false},"author":2,"featured_media":265315,"comment_status":"","ping_status":"","sticky":false,"template":"","format":"standard","meta":{"footnotes":""},"categories":[2815],"tags":[1111,11,34438,17545,1777,674,40490,1011,27,811,1307,12,34293,25],"class_list":{"0":"post-265314","1":"post","2":"type-post","3":"status-publish","4":"format-standard","5":"has-post-thumbnail","7":"category-lille","8":"tag-actu","9":"tag-actualites","10":"tag-canal-de-roubaix","11":"tag-ete-2025","12":"tag-eu","13":"tag-europe","14":"tag-festif-canal","15":"tag-fr","16":"tag-france","17":"tag-hauts-de-france","18":"tag-lille","19":"tag-news","20":"tag-rendez-vous-de-lete","21":"tag-republique-francaise"},"share_on_mastodon":{"url":"https:\/\/pubeurope.com\/@fr\/114896307907678594","error":""},"_links":{"self":[{"href":"https:\/\/www.europesays.com\/fr\/wp-json\/wp\/v2\/posts\/265314","targetHints":{"allow":["GET"]}}],"collection":[{"href":"https:\/\/www.europesays.com\/fr\/wp-json\/wp\/v2\/posts"}],"about":[{"href":"https:\/\/www.europesays.com\/fr\/wp-json\/wp\/v2\/types\/post"}],"author":[{"embeddable":true,"href":"https:\/\/www.europesays.com\/fr\/wp-json\/wp\/v2\/users\/2"}],"replies":[{"embeddable":true,"href":"https:\/\/www.europesays.com\/fr\/wp-json\/wp\/v2\/comments?post=265314"}],"version-history":[{"count":0,"href":"https:\/\/www.europesays.com\/fr\/wp-json\/wp\/v2\/posts\/265314\/revisions"}],"wp:featuredmedia":[{"embeddable":true,"href":"https:\/\/www.europesays.com\/fr\/wp-json\/wp\/v2\/media\/265315"}],"wp:attachment":[{"href":"https:\/\/www.europesays.com\/fr\/wp-json\/wp\/v2\/media?parent=265314"}],"wp:term":[{"taxonomy":"category","embeddable":true,"href":"https:\/\/www.europesays.com\/fr\/wp-json\/wp\/v2\/categories?post=265314"},{"taxonomy":"post_tag","embeddable":true,"href":"https:\/\/www.europesays.com\/fr\/wp-json\/wp\/v2\/tags?post=265314"}],"curies":[{"name":"wp","href":"https:\/\/api.w.org\/{rel}","templated":true}]}}