{"id":265316,"date":"2025-07-22T10:01:09","date_gmt":"2025-07-22T10:01:09","guid":{"rendered":"https:\/\/www.europesays.com\/fr\/265316\/"},"modified":"2025-07-22T10:01:09","modified_gmt":"2025-07-22T10:01:09","slug":"le-losc-va-ouvrir-une-nouvelle-boutique-dans-ce-centre-commercial-de-la-metropole-de-lille","status":"publish","type":"post","link":"https:\/\/www.europesays.com\/fr\/265316\/","title":{"rendered":"Le LOSC va ouvrir une nouvelle boutique dans ce centre commercial de la m\u00e9tropole de Lille\u00a0!"},"content":{"rendered":"<p>            Par<br \/>\n        <strong><br \/>\n            <a href=\"https:\/\/actu.fr\/auteur\/nicolas-demollien\" title=\"Consulter tous les articles de Nicolas Demollien\" target=\"_blank\" rel=\"noopener\">Nicolas Demollien<\/a><br \/>\n        <\/strong><\/p>\n<p>        Publi\u00e9 le<\/p>\n<p>            22 juil. 2025 \u00e0 11h40        <\/p>\n<p>Cela semble presque naturel tant les deux institutions se sont rapproch\u00e9es ces derniers mois. Le <a href=\"https:\/\/actu.fr\/tag\/losc-football\" target=\"_blank\" rel=\"noopener\">LOSC<\/a> va ouvrir une <b>nouvelle boutique<\/b> au sein du <b>centre commercial Aushopping<\/b> V2 de <a href=\"https:\/\/actu.fr\/hauts-de-france\/villeneuve-d-ascq_59009\" target=\"_blank\" rel=\"noopener\">Villeneuve-d\u2019Ascq<\/a>, un de ses partenaires privil\u00e9gi\u00e9s. Ce sera <b>la troisi\u00e8me<\/b> dans la m\u00e9tropole de <a href=\"https:\/\/actu.fr\/hauts-de-france\/lille_59350\" target=\"_blank\" rel=\"noopener\">Lille<\/a>.<\/p>\n<p>Bient\u00f4t une boutique du LOSC chez Aushopping V2<\/p>\n<p class=\" wall-content\">Une <b>bonne nouvelle pour les supporters<\/b> qui s\u2019offrent l\u00e0 une nouvelle chance d\u2019obtenir les produits sigl\u00e9s du LOSC. Pour le moment, la <b>date d\u2019ouverture n\u2019a pas \u00e9t\u00e9 communiqu\u00e9e<\/b>. Si le club lillois n\u2019a rien officialis\u00e9, le centre commercial a de son c\u00f4t\u00e9 publi\u00e9 une <b>courte vid\u00e9o sur le r\u00e9seau TikTok<\/b>.<\/p>\n<blockquote class=\"tiktok-embed\" cite=\"https:\/\/www.tiktok.com\/@aushoppingv2\/video\/7527674847871175958\" data-video-id=\"7527674847871175958\" data-embed-from=\"oembed\" style=\"max-width:605px; min-width:325px;\"><p>\n<a target=\"_blank\" title=\"@aushoppingv2\" href=\"https:\/\/www.tiktok.com\/@aushoppingv2?refer=embed\" rel=\"noopener\">@aushoppingv2<\/a> <\/p>\n<p>Des supporters du LOSC par ici ? Cette nouvelle boutique est pour vous \ud83e\udd2a\ud83e\udd75@LOSC <a title=\"aushoppingv2\" target=\"_blank\" href=\"https:\/\/www.tiktok.com\/tag\/aushoppingv2?refer=embed\" rel=\"noopener\">#AushoppingV2<\/a> <a title=\"merciv2\" target=\"_blank\" href=\"https:\/\/www.tiktok.com\/tag\/merciv2?refer=embed\" rel=\"noopener\">#MerciV2<\/a> <a title=\"v2\" target=\"_blank\" href=\"https:\/\/www.tiktok.com\/tag\/v2?refer=embed\" rel=\"noopener\">#v2<\/a> <a title=\"shopping\" target=\"_blank\" href=\"https:\/\/www.tiktok.com\/tag\/shopping?refer=embed\" rel=\"noopener\">#shopping<\/a> <a title=\"bonplan\" target=\"_blank\" href=\"https:\/\/www.tiktok.com\/tag\/bonplan?refer=embed\" rel=\"noopener\">#bonplan<\/a> <a title=\"losc\" target=\"_blank\" href=\"https:\/\/www.tiktok.com\/tag\/losc?refer=embed\" rel=\"noopener\">#LOSC<\/a> <a title=\"lille\" target=\"_blank\" href=\"https:\/\/www.tiktok.com\/tag\/lille?refer=embed\" rel=\"noopener\">#lille<\/a> <\/p>\n<p> <a target=\"_blank\" title=\"\u266c Ready - Official Sound Studio\" href=\"https:\/\/www.tiktok.com\/music\/Ready-6756879114637934600?refer=embed\" rel=\"noopener\">\u266c Ready \u2013 Official Sound Studio<\/a> <\/p>\n<\/blockquote>\n<p class=\" wall-content\">Pour m\u00e9moire, le centre commercial et le LOSC ont nou\u00e9 un solide partenariat. Aushopping V2 apparaitra ainsi d\u00e8s le premier match de la saison sur le haut du dos du maillot des Dogues, mais \u00e9galement sur la manche des joueuses en D2 F\u00e9minine. \u00ab\u00a0Par ce nouveau partenariat, le LOSC et Aushopping V2 entendent \u00e9galement se rapprocher encore davantage des supporters \u00e0 travers l\u2019<b>organisation de rencontres exceptionnelles<\/b>, au c\u0153ur m\u00eame du centre commercial\u00a0\u00bb, commentait alors le club.\u00a0<\/p>\n<p class=\" wall-content\">Et le pr\u00e9sident Olivier L\u00e9tang d\u2019ajouter : \u00ab\u00a0Nous sommes tr\u00e8s heureux de poursuivre notre collaboration avec Aushopping V2, un lieu de vie convivial et central de notre territoire, auquel les supporters du LOSC sont tr\u00e8s attach\u00e9s. Ensemble, nous avons la <b>vocation d\u2019offrir des exp\u00e9riences uniques \u00e0 nos publics<\/b>\u00ab\u00a0. Cela passera donc par une boutique officielle.<\/p>\n<p>Vid\u00e9os : en ce moment sur Actu<\/p>\n<p class=\" wall-content\">Suivez toute l\u2019actualit\u00e9 de vos villes et m\u00e9dias favoris en vous inscrivant \u00e0 <a href=\"https:\/\/moncompte.actu.fr\" title=\"D\u00e9couvez Mon Actu\" rel=\"nofollow noopener\" data-trk=\"{&quot;cta&quot;:{&quot;action&quot;:&quot;https:\\\/\\\/moncompte.actu.fr&quot;,&quot;category&quot;:&quot;mon compte&quot;,&quot;from&quot;:&quot;article footer&quot;,&quot;name&quot;:&quot;Mon actu&quot;,&quot;type&quot;:&quot;cta&quot;}}\" target=\"_blank\">Mon Actu<\/a>.<\/p>\n<p>                    <script async src=\"\/\/www.tiktok.com\/embed.js\"><\/script><\/p>\n","protected":false},"excerpt":{"rendered":"Par Nicolas Demollien Publi\u00e9 le 22 juil. 2025 \u00e0 11h40 Cela semble presque naturel tant les deux institutions&hellip;\n","protected":false},"author":2,"featured_media":265317,"comment_status":"","ping_status":"","sticky":false,"template":"","format":"standard","meta":{"footnotes":""},"categories":[2815],"tags":[1111,11,33,1777,674,1011,27,811,1307,4158,12,25],"class_list":{"0":"post-265316","1":"post","2":"type-post","3":"status-publish","4":"format-standard","5":"has-post-thumbnail","7":"category-lille","8":"tag-actu","9":"tag-actualites","10":"tag-economie","11":"tag-eu","12":"tag-europe","13":"tag-fr","14":"tag-france","15":"tag-hauts-de-france","16":"tag-lille","17":"tag-losc-football","18":"tag-news","19":"tag-republique-francaise"},"share_on_mastodon":{"url":"https:\/\/pubeurope.com\/@fr\/114896311624226329","error":""},"_links":{"self":[{"href":"https:\/\/www.europesays.com\/fr\/wp-json\/wp\/v2\/posts\/265316","targetHints":{"allow":["GET"]}}],"collection":[{"href":"https:\/\/www.europesays.com\/fr\/wp-json\/wp\/v2\/posts"}],"about":[{"href":"https:\/\/www.europesays.com\/fr\/wp-json\/wp\/v2\/types\/post"}],"author":[{"embeddable":true,"href":"https:\/\/www.europesays.com\/fr\/wp-json\/wp\/v2\/users\/2"}],"replies":[{"embeddable":true,"href":"https:\/\/www.europesays.com\/fr\/wp-json\/wp\/v2\/comments?post=265316"}],"version-history":[{"count":0,"href":"https:\/\/www.europesays.com\/fr\/wp-json\/wp\/v2\/posts\/265316\/revisions"}],"wp:featuredmedia":[{"embeddable":true,"href":"https:\/\/www.europesays.com\/fr\/wp-json\/wp\/v2\/media\/265317"}],"wp:attachment":[{"href":"https:\/\/www.europesays.com\/fr\/wp-json\/wp\/v2\/media?parent=265316"}],"wp:term":[{"taxonomy":"category","embeddable":true,"href":"https:\/\/www.europesays.com\/fr\/wp-json\/wp\/v2\/categories?post=265316"},{"taxonomy":"post_tag","embeddable":true,"href":"https:\/\/www.europesays.com\/fr\/wp-json\/wp\/v2\/tags?post=265316"}],"curies":[{"name":"wp","href":"https:\/\/api.w.org\/{rel}","templated":true}]}}