{"id":265325,"date":"2025-07-22T10:07:09","date_gmt":"2025-07-22T10:07:09","guid":{"rendered":"https:\/\/www.europesays.com\/fr\/265325\/"},"modified":"2025-07-22T10:07:09","modified_gmt":"2025-07-22T10:07:09","slug":"en-plein-embarquement-des-passagers-un-avion-dair-corsica-frappe-par-la-foudre-a-laeroport-dorly","status":"publish","type":"post","link":"https:\/\/www.europesays.com\/fr\/265325\/","title":{"rendered":"En plein embarquement des passagers, un avion d&rsquo;Air Corsica frapp\u00e9 par la foudre \u00e0 l&rsquo;a\u00e9roport d&rsquo;Orly"},"content":{"rendered":"<p>            Par<br \/>\n        <strong><br \/>\n            <a href=\"https:\/\/actu.fr\/auteur\/redaction-paris\" title=\"Consulter tous les articles de R\u00e9daction Paris\" target=\"_blank\" rel=\"noopener\">R\u00e9daction Paris<\/a><br \/>\n        <\/strong><\/p>\n<p>        Publi\u00e9 le<\/p>\n<p>            22 juil. 2025 \u00e0 12h04        <\/p>\n<p>Plus de peur que de mal. Lundi 21 juillet 2025, alors que Paris et l\u2019\u00cele-de-France \u00e9taient bri\u00e8vement plac\u00e9es en <a href=\"https:\/\/actu.fr\/ile-de-france\/paris_75056\/meteo-des-orages-s-abattent-sur-paris-et-l-ile-de-france-la-vigilance-jaune-declenchee_62936888.html\" target=\"_blank\" rel=\"noopener\">vigilance jaune orage<\/a>, <strong>la foudre s\u2019est abattue<\/strong> sur un avion d\u2019Air Corsica qui stationnait sur le tarmac de <a href=\"https:\/\/actu.fr\/tag\/aeroport-dorly\" target=\"_blank\" rel=\"noopener\">l\u2019a\u00e9roport d\u2019Orly<\/a> avant de prendre la direction d\u2019Ajaccio. Aucun bless\u00e9 n\u2019est \u00e0 d\u00e9plorer, mais le vol a \u00e9t\u00e9 reprogramm\u00e9.<\/p>\n<p>\u00ab\u2009Une l\u00e9g\u00e8re fum\u00e9e\u2009\u00bb<\/p>\n<p class=\" wall-content\">Selon\u00a0<a href=\"https:\/\/www.flightradar24.com\/data\/flights\/xk773\" target=\"_blank\" rel=\"noopener\">Flight radar<\/a>, le d\u00e9collage du vol XK773 \u00e9tait pr\u00e9vu \u00e0 13h30. Alors que les premiers passagers \u00e9taient en train d\u2019embarquer, l\u2019Airbus A320 \u00ab\u2009a \u00e9t\u00e9 touch\u00e9 par un impact de foudre\u2009\u00bb, \u00e9crit dans un communique la compagnie a\u00e9rienne. \u00ab\u2009Une l\u00e9g\u00e8re fum\u00e9e ayant \u00e9t\u00e9 observ\u00e9e \u00e0 l\u2019arri\u00e8re de la cabine, quelques minutes apr\u00e8s l\u2019incident, les passagers pr\u00e9sents \u00e0 bord ont \u00e9t\u00e9 <strong>invit\u00e9s \u00e0 d\u00e9barquer<\/strong> par mesure de pr\u00e9caution.\u2009\u00bb<\/p>\n<p class=\" wall-content\">Les services de secours de l\u2019a\u00e9roport sont intervenus et ont confirm\u00e9 \u00ab\u2009la pr\u00e9sence d\u2019une trace de fum\u00e9e au niveau de l\u2019empennage\u2009\u00bb. L\u2019avion a donc \u00e9t\u00e9 transf\u00e9r\u00e9 dans un hangar afin d\u2019\u00eatre <strong>inspect\u00e9 par les \u00e9quipes techniques<\/strong>. \u00ab\u2009Une \u00e9valuation est en cours afin de d\u00e9terminer la nature et l\u2019\u00e9tendue des v\u00e9rifications n\u00e9cessaires\u2009\u00bb, pr\u00e9cise Air Corsica.<\/p>\n<p class=\" wall-content\">Les passagers ont pu <strong>rejoindre l\u2019\u00eele de beaut\u00e9<\/strong> en prenant d\u2019autres vols de la compagnie.<\/p>\n<p class=\" wall-content\">Suivez toute l\u2019actualit\u00e9 de vos villes et m\u00e9dias favoris en vous inscrivant \u00e0 <a href=\"https:\/\/moncompte.actu.fr\" title=\"D\u00e9couvez Mon Actu\" rel=\"nofollow noopener\" data-trk=\"{&quot;cta&quot;:{&quot;action&quot;:&quot;https:\\\/\\\/moncompte.actu.fr&quot;,&quot;category&quot;:&quot;mon compte&quot;,&quot;from&quot;:&quot;article footer&quot;,&quot;name&quot;:&quot;Mon actu&quot;,&quot;type&quot;:&quot;cta&quot;}}\" target=\"_blank\">Mon Actu<\/a>.<\/p>\n","protected":false},"excerpt":{"rendered":"Par R\u00e9daction Paris Publi\u00e9 le 22 juil. 2025 \u00e0 12h04 Plus de peur que de mal. Lundi 21&hellip;\n","protected":false},"author":2,"featured_media":265326,"comment_status":"","ping_status":"","sticky":false,"template":"","format":"standard","meta":{"footnotes":""},"categories":[1592],"tags":[1111,11,659,1777,674,1011,27,662,12,4594,626,25,104],"class_list":{"0":"post-265325","1":"post","2":"type-post","3":"status-publish","4":"format-standard","5":"has-post-thumbnail","7":"category-ile-de-france","8":"tag-actu","9":"tag-actualites","10":"tag-aeroport-dorly","11":"tag-eu","12":"tag-europe","13":"tag-fr","14":"tag-france","15":"tag-ile-de-france","16":"tag-news","17":"tag-orages","18":"tag-paris","19":"tag-republique-francaise","20":"tag-societe"},"share_on_mastodon":{"url":"https:\/\/pubeurope.com\/@fr\/114896335228296057","error":""},"_links":{"self":[{"href":"https:\/\/www.europesays.com\/fr\/wp-json\/wp\/v2\/posts\/265325","targetHints":{"allow":["GET"]}}],"collection":[{"href":"https:\/\/www.europesays.com\/fr\/wp-json\/wp\/v2\/posts"}],"about":[{"href":"https:\/\/www.europesays.com\/fr\/wp-json\/wp\/v2\/types\/post"}],"author":[{"embeddable":true,"href":"https:\/\/www.europesays.com\/fr\/wp-json\/wp\/v2\/users\/2"}],"replies":[{"embeddable":true,"href":"https:\/\/www.europesays.com\/fr\/wp-json\/wp\/v2\/comments?post=265325"}],"version-history":[{"count":0,"href":"https:\/\/www.europesays.com\/fr\/wp-json\/wp\/v2\/posts\/265325\/revisions"}],"wp:featuredmedia":[{"embeddable":true,"href":"https:\/\/www.europesays.com\/fr\/wp-json\/wp\/v2\/media\/265326"}],"wp:attachment":[{"href":"https:\/\/www.europesays.com\/fr\/wp-json\/wp\/v2\/media?parent=265325"}],"wp:term":[{"taxonomy":"category","embeddable":true,"href":"https:\/\/www.europesays.com\/fr\/wp-json\/wp\/v2\/categories?post=265325"},{"taxonomy":"post_tag","embeddable":true,"href":"https:\/\/www.europesays.com\/fr\/wp-json\/wp\/v2\/tags?post=265325"}],"curies":[{"name":"wp","href":"https:\/\/api.w.org\/{rel}","templated":true}]}}