{"id":265327,"date":"2025-07-22T10:08:09","date_gmt":"2025-07-22T10:08:09","guid":{"rendered":"https:\/\/www.europesays.com\/fr\/265327\/"},"modified":"2025-07-22T10:08:09","modified_gmt":"2025-07-22T10:08:09","slug":"le-seuil-de-vigilance-franchi-a-paris-et-la-petite-couronne-voici-les-consequences","status":"publish","type":"post","link":"https:\/\/www.europesays.com\/fr\/265327\/","title":{"rendered":"le seuil de vigilance franchi \u00e0 Paris et la petite couronne, voici les cons\u00e9quences"},"content":{"rendered":"<p>            Par<br \/>\n        <strong><br \/>\n            <a href=\"https:\/\/actu.fr\/auteur\/redaction-paris\" title=\"Consulter tous les articles de R\u00e9daction Paris\" target=\"_blank\" rel=\"noopener\">R\u00e9daction Paris<\/a><br \/>\n        <\/strong><\/p>\n<p>        Publi\u00e9 le<\/p>\n<p>            22 juil. 2025 \u00e0 12h04        <\/p>\n<p>Les derni\u00e8res pluies n\u2019ont pas permis d\u2019am\u00e9liorer la situation. Depuis le 11\u00a0juillet 2025, <strong>Paris et sa petite couronne<\/strong> (Hauts-de-Seine, Seine-Saint-Denis et Val-de-Marne) sont plac\u00e9es en vigilance pour <strong><a href=\"https:\/\/actu.fr\/tag\/secheresse\" target=\"_blank\" rel=\"noopener\">s\u00e9cheresse<\/a>.<\/strong> Face \u00e0 la situation, des <strong>conseils<\/strong> sont donn\u00e9s \u00e0 la population pour limiter leur consommation d\u2019eau.<\/p>\n<p>Des mesures de sensibilisation<\/p>\n<p class=\" wall-content\">\u00ab\u2009Le temps <a href=\"https:\/\/actu.fr\/meteo\/meteo-paris-et-l-ile-de-france-n-en-ont-pas-fini-avec-les-temperatures-caniculaires-avant-les-orages_62808331.html\" target=\"_blank\" rel=\"noopener\">particuli\u00e8rement sec et chaud<\/a> observ\u00e9 depuis le d\u00e9but du printemps et l\u2019absence d\u2019\u00e9pisodes pluvieux a entra\u00een\u00e9 ces derni\u00e8res semaines une baisse acc\u00e9l\u00e9r\u00e9e du niveau de <a href=\"https:\/\/actu.fr\/tag\/la-seine\" target=\"_blank\" rel=\"noopener\">la Seine<\/a> et de <a href=\"https:\/\/actu.fr\/la-marne\/\" target=\"_blank\" rel=\"noopener\">la Marne<\/a>\u2009\u00bb, pr\u00e9sente la pr\u00e9fecture des Hauts-de-Seine. Face \u00e0 la situation, l\u2019arr\u00eat\u00e9 pris le 11\u00a0juillet d\u00e9clenche des <strong>mesures de sensibilisation et de surveillance.<\/strong><\/p>\n<p class=\" wall-content\">Dans ces conditions, il est recommand\u00e9 \u00ab\u2009d\u2019adopter <strong>une gestion \u00e9conome de l\u2019eau<\/strong>\u2009\u00bb. Pour ce faire, la pr\u00e9fecture pr\u00e9conise de limiter le nettoyage des voitures et lavages ext\u00e9rieurs et de r\u00e9duire le lavage des voies et trottoirs \u00ab\u2009au strict n\u00e9cessaire de salubrit\u00e9\u2009\u00bb. Quant \u00e0 l\u2019arrosage des espaces verts, il est conseill\u00e9 d\u2019\u00e9viter de le r\u00e9aliser aux heures les plus chaudes. \u00ab\u2009Le niveau de vigilance ne s\u2019accompagne pas de mesures de restriction. Celles-ci seront mises en \u0153uvre si la situation hydrologique s\u2019aggrave et que le niveau d\u2019alerte est atteint\u2009\u00bb, explique la pr\u00e9fecture.<\/p>\n<p class=\" wall-content\">Suivez toute l\u2019actualit\u00e9 de vos villes et m\u00e9dias favoris en vous inscrivant \u00e0 <a href=\"https:\/\/moncompte.actu.fr\" title=\"D\u00e9couvez Mon Actu\" rel=\"nofollow noopener\" data-trk=\"{&quot;cta&quot;:{&quot;action&quot;:&quot;https:\\\/\\\/moncompte.actu.fr&quot;,&quot;category&quot;:&quot;mon compte&quot;,&quot;from&quot;:&quot;article footer&quot;,&quot;name&quot;:&quot;Mon actu&quot;,&quot;type&quot;:&quot;cta&quot;}}\" target=\"_blank\">Mon Actu<\/a>.<\/p>\n","protected":false},"excerpt":{"rendered":"Par R\u00e9daction Paris Publi\u00e9 le 22 juil. 2025 \u00e0 12h04 Les derni\u00e8res pluies n\u2019ont pas permis d\u2019am\u00e9liorer la&hellip;\n","protected":false},"author":2,"featured_media":265328,"comment_status":"","ping_status":"","sticky":false,"template":"","format":"standard","meta":{"footnotes":""},"categories":[1888],"tags":[1111,1928,11,1927,1777,674,1011,27,5353,12,1926,626,1925,52,25,12817],"class_list":{"0":"post-265327","1":"post","2":"type-post","3":"status-publish","4":"format-standard","5":"has-post-thumbnail","7":"category-paris","8":"tag-actu","9":"tag-actu-paris","10":"tag-actualites","11":"tag-actualites-paris","12":"tag-eu","13":"tag-europe","14":"tag-fr","15":"tag-france","16":"tag-la-seine","17":"tag-news","18":"tag-news-paris","19":"tag-paris","20":"tag-paris-news","21":"tag-planete","22":"tag-republique-francaise","23":"tag-secheresse"},"share_on_mastodon":{"url":"https:\/\/pubeurope.com\/@fr\/114896339174431944","error":""},"_links":{"self":[{"href":"https:\/\/www.europesays.com\/fr\/wp-json\/wp\/v2\/posts\/265327","targetHints":{"allow":["GET"]}}],"collection":[{"href":"https:\/\/www.europesays.com\/fr\/wp-json\/wp\/v2\/posts"}],"about":[{"href":"https:\/\/www.europesays.com\/fr\/wp-json\/wp\/v2\/types\/post"}],"author":[{"embeddable":true,"href":"https:\/\/www.europesays.com\/fr\/wp-json\/wp\/v2\/users\/2"}],"replies":[{"embeddable":true,"href":"https:\/\/www.europesays.com\/fr\/wp-json\/wp\/v2\/comments?post=265327"}],"version-history":[{"count":0,"href":"https:\/\/www.europesays.com\/fr\/wp-json\/wp\/v2\/posts\/265327\/revisions"}],"wp:featuredmedia":[{"embeddable":true,"href":"https:\/\/www.europesays.com\/fr\/wp-json\/wp\/v2\/media\/265328"}],"wp:attachment":[{"href":"https:\/\/www.europesays.com\/fr\/wp-json\/wp\/v2\/media?parent=265327"}],"wp:term":[{"taxonomy":"category","embeddable":true,"href":"https:\/\/www.europesays.com\/fr\/wp-json\/wp\/v2\/categories?post=265327"},{"taxonomy":"post_tag","embeddable":true,"href":"https:\/\/www.europesays.com\/fr\/wp-json\/wp\/v2\/tags?post=265327"}],"curies":[{"name":"wp","href":"https:\/\/api.w.org\/{rel}","templated":true}]}}