{"id":265341,"date":"2025-07-22T10:16:13","date_gmt":"2025-07-22T10:16:13","guid":{"rendered":"https:\/\/www.europesays.com\/fr\/265341\/"},"modified":"2025-07-22T10:16:13","modified_gmt":"2025-07-22T10:16:13","slug":"euro-feminin-demi-finale-allemagne-espagne-un-choc-monumental-pour-une-place-en-finale","status":"publish","type":"post","link":"https:\/\/www.europesays.com\/fr\/265341\/","title":{"rendered":"Euro F\u00e9minin (Demi-finale): Allemagne &#8211; Espagne, un choc monumental pour une place en finale"},"content":{"rendered":"<p><strong>Ce mercredi \u00e0 19h00 GMT, le Letzigrund Stadion de Zurich sera le th\u00e9\u00e2tre d\u2019un choc au sommet entre l\u2019Allemagne et l\u2019Espagne en demi-finale de l\u2019Euro f\u00e9minin 2025. Entre une Mannschaft exp\u00e9riment\u00e9e et une Roja en qu\u00eate d\u2019histoire, l\u2019affiche promet un duel aussi tendu qu\u2019ind\u00e9cis.<\/strong><\/p>\n<p>L\u2019Allemagne sur la voie du renouveau<\/p>\n<p>L\u2019Allemagne s\u2019est qualifi\u00e9e pour sa 11e demi-finale de l\u2019histoire dans l\u2019Euro f\u00e9minin, un record impressionnant, mais le parcours des joueuses de Christian Wuck cette ann\u00e9e n\u2019a rien eu d\u2019un long fleuve tranquille. En quart de finale, les Allemandes ont sign\u00e9 un authentique exploit en \u00e9liminant la France aux tirs au but (6-5), malgr\u00e9 une inf\u00e9riorit\u00e9 num\u00e9rique durant plus de 100 minutes apr\u00e8s l\u2019expulsion pr\u00e9coce de Kathrin Hendrich (13e). Ce mental de fer et cette solidarit\u00e9 collective traduisent le retour en force d\u2019une s\u00e9lection huit fois championne d\u2019Europe.<\/p>\n<p>Avant cela, la Mannschaft avait connu une d\u00e9faite marquante (1-4) face \u00e0 la Su\u00e8de en phase de groupes, mais elle reste sur trois victoires lors de ses cinq derniers matches. C\u2019est aussi un groupe en reconstruction qui, malgr\u00e9 les absences et les doutes, s\u2019appuie sur l\u2019exp\u00e9rience de cadres comme Giulia Gwinn ou Sara D\u00e4britz, et sur la fra\u00eecheur de jeunes talents. La r\u00e9silience affich\u00e9e face aux Bleues pourrait bien \u00eatre le d\u00e9clic dont l\u2019\u00e9quipe avait besoin avant d\u2019affronter l\u2019un des grands favoris du tournoi.<\/p>\n<p>L\u2019Espagne en mode rouleau compresseur<\/p>\n<p>La Roja arrive en demi-finale avec un parcours sans faute : cinq victoires en autant de rencontres, dont un quart de finale parfaitement ma\u00eetris\u00e9 contre la Suisse (2-0), pays h\u00f4te de cet Euro. Les joueuses de Montserrat Tom\u00e9 confirment leur statut de pr\u00e9tendantes au titre, elles qui sont les championnes du monde en titre depuis leur triomphe \u00e0 Sydney en 2023.<\/p>\n<p>L\u2019objectif est clair pour l\u2019Espagne : d\u00e9crocher enfin un premier sacre europ\u00e9en, apr\u00e8s avoir atteint pour la premi\u00e8re fois de son histoire le dernier carr\u00e9 de la comp\u00e9tition. Guid\u00e9e par l\u2019\u00e9l\u00e9gante Aitana Bonmat\u00ed, v\u00e9ritable m\u00e9tronome du milieu, la Roja peut aussi s\u2019appuyer sur une stabilit\u00e9 tactique impressionnante, une maitrise technique collective et une d\u00e9fense herm\u00e9tique. Depuis le d\u00e9but du tournoi, aucune \u00e9quipe n\u2019a r\u00e9ellement su les inqui\u00e9ter.<\/p>\n<p>Un historique qui sourit aux Allemandes<\/p>\n<p>Si l\u2019Espagne est l\u2019\u00e9quipe en forme du moment, l\u2019historique des confrontations directes joue clairement en faveur de l\u2019Allemagne. Lors de leur seule rencontre en phase finale d\u2019un Euro f\u00e9minin, en 2022, la Mannschaft s\u2019\u00e9tait impos\u00e9e 2-0 gr\u00e2ce \u00e0 des r\u00e9alisations de Klara B\u00fchl et Alexandra Popp. Plus r\u00e9cemment, aux Jeux Olympiques de 2024 \u00e0 Lyon, les Allemandes avaient de nouveau pris le dessus (1-0), d\u00e9crochant la m\u00e9daille de bronze gr\u00e2ce \u00e0 un penalty de Giulia Gwinn.<\/p>\n<p>En tout, les deux \u00e9quipes se sont affront\u00e9es huit fois depuis 2011, avec cinq victoires allemandes, trois nuls contre z\u00e9ro victoire pour l\u2019Espagne.<\/p>\n<p>Une finale en ligne de mire<\/p>\n<p>Ce duel s\u2019annonce comme le plus \u00e9quilibr\u00e9 et le plus passionnant de ces demi-finales. D\u2019un c\u00f4t\u00e9, une Allemagne aux ambitions renouvel\u00e9es et port\u00e9e par un h\u00e9ritage historique. De l\u2019autre, une Espagne qui encha\u00eene les succ\u00e8s et r\u00eave d\u2019inscrire son nom au palmar\u00e8s continental pour la premi\u00e8re fois.<\/p>\n<p>Quelle que soit l\u2019issue, l\u2019affrontement entre ces deux nations promet intensit\u00e9, technique et tension jusqu\u2019au bout. Le rendez-vous est pris \u00e0 Zurich, ce mercredi \u00e0 19h00 GMT.<\/p>\n<p><\/p>\n","protected":false},"excerpt":{"rendered":"Ce mercredi \u00e0 19h00 GMT, le Letzigrund Stadion de Zurich sera le th\u00e9\u00e2tre d\u2019un choc au sommet entre&hellip;\n","protected":false},"author":2,"featured_media":265342,"comment_status":"","ping_status":"","sticky":false,"template":"","format":"standard","meta":{"footnotes":""},"categories":[1587],"tags":[11,672,1804,1805,1803,1777,674,1801,12,1802],"class_list":{"0":"post-265341","1":"post","2":"type-post","3":"status-publish","4":"format-standard","5":"has-post-thumbnail","7":"category-allemagne","8":"tag-actualites","9":"tag-allemagne","10":"tag-bundesrepublik-deutschland","11":"tag-de","12":"tag-deutschland","13":"tag-eu","14":"tag-europe","15":"tag-germany","16":"tag-news","17":"tag-republique-federale-dallemagne"},"share_on_mastodon":{"url":"https:\/\/pubeurope.com\/@fr\/114896370707902678","error":""},"_links":{"self":[{"href":"https:\/\/www.europesays.com\/fr\/wp-json\/wp\/v2\/posts\/265341","targetHints":{"allow":["GET"]}}],"collection":[{"href":"https:\/\/www.europesays.com\/fr\/wp-json\/wp\/v2\/posts"}],"about":[{"href":"https:\/\/www.europesays.com\/fr\/wp-json\/wp\/v2\/types\/post"}],"author":[{"embeddable":true,"href":"https:\/\/www.europesays.com\/fr\/wp-json\/wp\/v2\/users\/2"}],"replies":[{"embeddable":true,"href":"https:\/\/www.europesays.com\/fr\/wp-json\/wp\/v2\/comments?post=265341"}],"version-history":[{"count":0,"href":"https:\/\/www.europesays.com\/fr\/wp-json\/wp\/v2\/posts\/265341\/revisions"}],"wp:featuredmedia":[{"embeddable":true,"href":"https:\/\/www.europesays.com\/fr\/wp-json\/wp\/v2\/media\/265342"}],"wp:attachment":[{"href":"https:\/\/www.europesays.com\/fr\/wp-json\/wp\/v2\/media?parent=265341"}],"wp:term":[{"taxonomy":"category","embeddable":true,"href":"https:\/\/www.europesays.com\/fr\/wp-json\/wp\/v2\/categories?post=265341"},{"taxonomy":"post_tag","embeddable":true,"href":"https:\/\/www.europesays.com\/fr\/wp-json\/wp\/v2\/tags?post=265341"}],"curies":[{"name":"wp","href":"https:\/\/api.w.org\/{rel}","templated":true}]}}